{"id":884,"date":"2025-05-20T16:44:00","date_gmt":"2025-05-20T13:44:00","guid":{"rendered":"https:\/\/wir2030.com\/2025\/05\/20\/tesi-25-la-democrazia-ha-bisogno-di-istruzione-libera-non-di-programmi-di-rieducazione-statale\/"},"modified":"2025-05-26T13:17:32","modified_gmt":"2025-05-26T10:17:32","slug":"tesi-25-la-democrazia-ha-bisogno-di-istruzione-libera-non-di-programmi-di-rieducazione-statale","status":"publish","type":"post","link":"https:\/\/wir2030.com\/it\/2025\/05\/20\/tesi-25-la-democrazia-ha-bisogno-di-istruzione-libera-non-di-programmi-di-rieducazione-statale\/","title":{"rendered":"Tesi 25: La democrazia ha bisogno di istruzione libera, non di programmi di rieducazione statale."},"content":{"rendered":"\n<p class=\"wp-block-paragraph\"><\/p>\n\n<p class=\"wp-block-paragraph\"><strong>Spiegazione e giustificazione<\/strong><\/p>\n\n<p class=\"wp-block-paragraph\">L<strong>&#8216;istruzione \u00e8 il fondamento di ogni democrazia vivente.<\/strong><br\/>Dovrebbe permettere alle persone di pensare con la propria testa, di esaminare le cose in modo critico, di assumersi le proprie responsabilit\u00e0 e di plasmare attivamente il proprio ambiente.<br\/> L&#8217;<strong>istruzione libera \u00e8 al servizio della liberazione, non del conformismo.<\/strong><br\/>Uno Stato che abusa dell&#8217;istruzione per la rieducazione ideologica distrugge ci\u00f2 che \u00e8 la democrazia:<br\/><strong>la diversit\u00e0 di opinioni e la libert\u00e0 di pensiero.<\/strong><\/p>\n\n<p class=\"wp-block-paragraph\"><strong>Che cos \u201c\u00e8 l\u201d istruzione gratuita?<\/strong><\/p>\n\n<p class=\"wp-block-paragraph\">Istruzione gratuita significa:<\/p>\n\n<ul class=\"wp-block-list\">\n<li><strong>Accesso alla conoscenza senza filtri ideologici<\/strong>,<\/li>\n\n\n\n<li>Incoraggiare la capacit\u00e0 di criticare invece di esprimere opinioni,<\/li>\n\n\n\n<li>il diritto di avere alternative nel pensare, discutere e agire,<\/li>\n\n\n\n<li>il rispetto delle differenze culturali, ideologiche e familiari,<\/li>\n\n\n\n<li>Insegnanti come compagni, <strong>non come tutori morali<\/strong>.<\/li>\n<\/ul>\n\n<p class=\"wp-block-paragraph\"><strong>L&#8217;istruzione non deve diventare una strada a senso unico.<\/strong>  Prospera nel discorso, nell \u201cerrore, nell\u201d altra persona.<\/p>\n\n<p class=\"wp-block-paragraph\"><strong>Cosa sono i programmi di rieducazione statale?<\/strong><\/p>\n\n<p class=\"wp-block-paragraph\">La rieducazione inizia dove:<\/p>\n\n<ul class=\"wp-block-list\">\n<li>certi atteggiamenti sono dichiarati <strong>norma obbligatoria<\/strong>,<\/li>\n\n\n\n<li>I <strong>programmi di studio<\/strong> sono <strong>infarciti di ideologia<\/strong>,<\/li>\n\n\n\n<li>Le opinioni dissenzienti vengono <strong>patologizzate o criminalizzate<\/strong>,<\/li>\n\n\n\n<li>Le istituzioni educative diventano <strong>strumenti di politicizzazione<\/strong>,<\/li>\n\n\n\n<li>Gli alunni e gli studenti <strong>non devono pi\u00f9 pensare, ma confessare<\/strong>,<\/li>\n\n\n\n<li>lo Stato <strong>prevale sui diritti dei genitori e sulla libert\u00e0 dei valori<\/strong>.<\/li>\n<\/ul>\n\n<p class=\"wp-block-paragraph\">La rieducazione non avviene solo nei regimi autoritari. Avviene <strong>in modo insidioso, attraverso il linguaggio, la ripetizione e la pressione dei coetanei.<\/strong><\/p>\n\n<p class=\"wp-block-paragraph\"><strong>Esempi di tendenze attuali<\/strong><\/p>\n\n<ul class=\"wp-block-list\">\n<li>Rappresentazioni unilaterali su temi come il clima, la corona, il genere, la migrazione o la politica sociale.<\/li>\n\n\n\n<li>Lettura obbligatoria senza voci dissenzienti e controverse<\/li>\n\n\n\n<li>Il personale docente \u00e8 sottoposto a pressioni per adattarsi a causa di \u201clinee guida\u201d o programmi politici.<\/li>\n\n\n\n<li>Progetti nelle scuole che promuovono l \u201cattivismo piuttosto che l\u201d educazione<\/li>\n\n\n\n<li><strong>L&#8217;esclusione di visioni del mondo tradizionali o critiche<\/strong> dal canone educativo.<\/li>\n\n\n\n<li>Sessualizzazione precoce e ideologia di genere <strong>senza libert\u00e0 di scelta per i genitori<\/strong><\/li>\n<\/ul>\n\n<p class=\"wp-block-paragraph\"><strong>Questa non \u00e8 un \u201cistruzione gratuita, \u00e8 un\u201d istruzione di opinione etichettata come democrazia.<\/strong><\/p>\n\n<p class=\"wp-block-paragraph\"><strong>Perch\u00e9 \u00e8 pericoloso<\/strong><\/p>\n\n<ul class=\"wp-block-list\">\n<li>La democrazia prospera grazie a un <strong>cittadino responsabile<\/strong>, non a un seguace che funziona.<\/li>\n\n\n\n<li>Solo chi ha imparato a pensare con la propria testa pu\u00f2 agire in libert\u00e0.<\/li>\n\n\n\n<li>La rieducazione crea conformismo, non responsabilit\u00e0.<\/li>\n\n\n\n<li>L&#8217;educazione senza libert\u00e0 non \u00e8 educazione, \u00e8 <strong>manipolazione<\/strong>.<\/li>\n<\/ul>\n\n<p class=\"wp-block-paragraph\"><strong>La nostra posizione<\/strong><\/p>\n\n<p class=\"wp-block-paragraph\">Le richieste di We2030:<\/p>\n\n<ul class=\"wp-block-list\">\n<li>la <strong>fine di tutti i programmi di educazione ideologica<\/strong>, indipendentemente dal loro orientamento politico<\/li>\n\n\n\n<li>una <strong>cultura educativa di dialogo genuino<\/strong> che promuova le argomentazioni invece degli slogan<\/li>\n\n\n\n<li><strong>Rafforzamento dei diritti dei genitori e diversit\u00e0 degli approcci pedagogici<\/strong><\/li>\n\n\n\n<li><strong>Diritto alla neutralit\u00e0 ideologica degli istituti scolastici statali<\/strong><\/li>\n<\/ul>\n\n<p class=\"wp-block-paragraph\">Perch\u00e9:<\/p>\n\n<p class=\"wp-block-paragraph\"><strong>La democrazia ha bisogno di un&#8217;istruzione libera, non di programmi statali di rieducazione.<\/strong><br\/>Chi rinchiude la mente distrugge la democrazia, ancor prima che si aprano le urne.<\/p>\n","protected":false},"excerpt":{"rendered":"<p>Spiegazione e giustificazione L&#8216;istruzione \u00e8 il fondamento di ogni democrazia vivente.Dovrebbe permettere alle persone di pensare con la propria testa, di esaminare le cose in modo critico, di assumersi le proprie responsabilit\u00e0 e di plasmare attivamente il proprio ambiente. L&#8217;istruzione libera \u00e8 al servizio della liberazione, non del conformismo.Uno Stato che abusa dell&#8217;istruzione per la [&hellip;]<\/p>\n","protected":false},"author":112514394,"featured_media":572,"comment_status":"open","ping_status":"open","sticky":false,"template":"","format":"standard","meta":{"_crdt_document":"","advanced_seo_description":"","jetpack_seo_html_title":"","jetpack_seo_noindex":false,"_jetpack_newsletter_access":"","_jetpack_dont_email_post_to_subs":false,"_jetpack_newsletter_tier_id":0,"_jetpack_memberships_contains_paywalled_content":false,"_jetpack_memberships_contains_paid_content":false,"footnotes":"","jetpack_publicize_message":"","jetpack_publicize_feature_enabled":true,"jetpack_social_post_already_shared":true,"jetpack_social_options":{"image_generator_settings":{"template":"highway","default_image_id":0,"font":"","enabled":false},"version":2},"_wpas_customize_per_network":false,"jetpack_post_was_ever_published":false},"categories":[10096793],"tags":[],"class_list":["post-884","post","type-post","status-publish","format-standard","has-post-thumbnail","hentry","category-italiano"],"jetpack_publicize_connections":[],"jetpack_featured_media_url":"https:\/\/i0.wp.com\/wir2030.com\/wp-content\/uploads\/2025\/05\/ein-bild-mit-europaischen-schulern-in-einer-schule.png?fit=1024%2C768&ssl=1","jetpack_likes_enabled":true,"jetpack_sharing_enabled":true,"jetpack_shortlink":"https:\/\/wp.me\/pgv6KY-eg","jetpack-related-posts":[{"id":880,"url":"https:\/\/wir2030.com\/it\/2025\/05\/18\/tesi-35-chiunque-difenda-la-democrazia-non-e-un-estremista\/","url_meta":{"origin":884,"position":0},"title":"Tesi 35: Chiunque difenda la democrazia non \u00e8 un estremista.","author":"boschimo","date":"18 Maggio 2025","format":false,"excerpt":"Spiegazione e giustificazione La democrazia prospera grazie all \u201cimpegno dei suoi cittadini, non alla loro sottomissione.Chiunque la difenda, evidenzi le sue rimostranze, richieda i diritti fondamentali e si opponga all\u201d abuso di potere non agisce in modo radicale, ma democratico. Questa tesi stabilisce un chiaro confine contro una narrazione pericolosa:\u2026","rel":"","context":"In &quot;Italiano&quot;","block_context":{"text":"Italiano","link":"https:\/\/wir2030.com\/it\/category\/italiano\/"},"img":{"alt_text":"","src":"https:\/\/i0.wp.com\/wir2030.com\/wp-content\/uploads\/2025\/05\/image-13.png?fit=1024%2C768&ssl=1&resize=350%2C200","width":350,"height":200,"srcset":"https:\/\/i0.wp.com\/wir2030.com\/wp-content\/uploads\/2025\/05\/image-13.png?fit=1024%2C768&ssl=1&resize=350%2C200 1x, https:\/\/i0.wp.com\/wir2030.com\/wp-content\/uploads\/2025\/05\/image-13.png?fit=1024%2C768&ssl=1&resize=525%2C300 1.5x, https:\/\/i0.wp.com\/wir2030.com\/wp-content\/uploads\/2025\/05\/image-13.png?fit=1024%2C768&ssl=1&resize=700%2C400 2x"},"classes":[]},{"id":867,"url":"https:\/\/wir2030.com\/it\/2025\/05\/17\/tesi-9-qualsiasi-misura-senza-dibattito-e-un-colpo-alla-democrazia\/","url_meta":{"origin":884,"position":1},"title":"Tesi 9: Qualsiasi misura senza dibattito \u00e8 un colpo alla democrazia.","author":"boschimo","date":"17 Maggio 2025","format":false,"excerpt":"Spiegazione e giustificazione La democrazia vive di controversie, di scambi aperti di opinioni diverse, di dibattiti pubblici, di critiche, di contro-discorsi e di correzioni. Le decisioni che riguardano tutti non devono mai essere prese nell'ombra. Devono essere sotto gli occhi di tutti, giustificate, esaminate e discusse. Dove finisce il dibattito,\u2026","rel":"","context":"In &quot;Italiano&quot;","block_context":{"text":"Italiano","link":"https:\/\/wir2030.com\/it\/category\/italiano\/"},"img":{"alt_text":"","src":"https:\/\/i0.wp.com\/wir2030.com\/wp-content\/uploads\/2025\/05\/image-10.png?fit=1024%2C768&ssl=1&resize=350%2C200","width":350,"height":200,"srcset":"https:\/\/i0.wp.com\/wir2030.com\/wp-content\/uploads\/2025\/05\/image-10.png?fit=1024%2C768&ssl=1&resize=350%2C200 1x, https:\/\/i0.wp.com\/wir2030.com\/wp-content\/uploads\/2025\/05\/image-10.png?fit=1024%2C768&ssl=1&resize=525%2C300 1.5x, https:\/\/i0.wp.com\/wir2030.com\/wp-content\/uploads\/2025\/05\/image-10.png?fit=1024%2C768&ssl=1&resize=700%2C400 2x"},"classes":[]},{"id":1272,"url":"https:\/\/wir2030.com\/it\/2025\/05\/30\/tesi-32-la-dignita-umana-si-applica-anche-in-uno-stato-di-emergenza\/","url_meta":{"origin":884,"position":2},"title":"Tesi 32: La dignit\u00e0 umana si applica anche in uno stato di emergenza.","author":"boschimo","date":"30 Maggio 2025","format":false,"excerpt":"Spiegazione e giustificazione La dignit\u00e0 umana \u00e8 inviolabile.Questo \u00e8 quanto afferma l'articolo 1 (1) della Legge Fondamentale - e questa frase non \u00e8 un decoro, non \u00e8 una citazione per discorsi commemorativi, non \u00e8 un principio di circostanza.\u00c8 assoluta.Non si applica in modo condizionato, non dipende da situazioni politiche, non\u2026","rel":"","context":"In &quot;Italiano&quot;","block_context":{"text":"Italiano","link":"https:\/\/wir2030.com\/it\/category\/italiano\/"},"img":{"alt_text":"","src":"https:\/\/i0.wp.com\/wir2030.com\/wp-content\/uploads\/2025\/05\/male-gluckliche-europaische-menschen.png?fit=1024%2C768&ssl=1&resize=350%2C200","width":350,"height":200,"srcset":"https:\/\/i0.wp.com\/wir2030.com\/wp-content\/uploads\/2025\/05\/male-gluckliche-europaische-menschen.png?fit=1024%2C768&ssl=1&resize=350%2C200 1x, https:\/\/i0.wp.com\/wir2030.com\/wp-content\/uploads\/2025\/05\/male-gluckliche-europaische-menschen.png?fit=1024%2C768&ssl=1&resize=525%2C300 1.5x, https:\/\/i0.wp.com\/wir2030.com\/wp-content\/uploads\/2025\/05\/male-gluckliche-europaische-menschen.png?fit=1024%2C768&ssl=1&resize=700%2C400 2x"},"classes":[]},{"id":1385,"url":"https:\/\/wir2030.com\/it\/2025\/06\/06\/tesi-27-la-liberta-non-e-un-privilegio-ma-un-diritto-di-nascita\/","url_meta":{"origin":884,"position":3},"title":"Tesi 27: La libert\u00e0 non \u00e8 un privilegio, ma un diritto di nascita.","author":"boschimo","date":"6 Giugno 2025","format":false,"excerpt":"Spiegazione e giustificazione La libert\u00e0 non \u00e8 un dono concesso dallo Stato. Non \u00e8 un bonus, non \u00e8 una ricompensa per un comportamento conformista, non \u00e8 un'esenzione in tempi di crisi. La libert\u00e0 \u00e8 ci\u00f2 a cui una persona ha diritto fin dalla nascita, non per contratto, ma per dignit\u00e0.\u2026","rel":"","context":"In &quot;Italiano&quot;","block_context":{"text":"Italiano","link":"https:\/\/wir2030.com\/it\/category\/italiano\/"},"img":{"alt_text":"","src":"https:\/\/i0.wp.com\/wir2030.com\/wp-content\/uploads\/2025\/06\/europaische-menschen-feiern-ihre-freiheit-von-der-tyrannei.png?fit=1024%2C768&ssl=1&resize=350%2C200","width":350,"height":200,"srcset":"https:\/\/i0.wp.com\/wir2030.com\/wp-content\/uploads\/2025\/06\/europaische-menschen-feiern-ihre-freiheit-von-der-tyrannei.png?fit=1024%2C768&ssl=1&resize=350%2C200 1x, https:\/\/i0.wp.com\/wir2030.com\/wp-content\/uploads\/2025\/06\/europaische-menschen-feiern-ihre-freiheit-von-der-tyrannei.png?fit=1024%2C768&ssl=1&resize=525%2C300 1.5x, https:\/\/i0.wp.com\/wir2030.com\/wp-content\/uploads\/2025\/06\/europaische-menschen-feiern-ihre-freiheit-von-der-tyrannei.png?fit=1024%2C768&ssl=1&resize=700%2C400 2x"},"classes":[]},{"id":1168,"url":"https:\/\/wir2030.com\/it\/2025\/05\/28\/tesi-71-un-buon-stato-protegge-i-suoi-critici-non-il-suo-potere\/","url_meta":{"origin":884,"position":4},"title":"Tesi 71: Un buon Stato protegge i suoi critici, non il suo potere.","author":"boschimo","date":"28 Maggio 2025","format":false,"excerpt":"Spiegazione e giustificazione La vera maturit\u00e0 di uno Stato non \u00e8 dimostrata dagli applausi della maggioranza,ma da come affronta il dissenso della minoranza. Il consenso \u00e8 comodo, prevedibile, controllabile.Ma la critica \u00e8 scomoda, imprevedibile e quindi preziosa. La critica non \u00e8 un attacco, ma un sistema di allarme precoce.Uno Stato\u2026","rel":"","context":"In &quot;Italiano&quot;","block_context":{"text":"Italiano","link":"https:\/\/wir2030.com\/it\/category\/italiano\/"},"img":{"alt_text":"","src":"https:\/\/i0.wp.com\/wir2030.com\/wp-content\/uploads\/2025\/05\/menschen-verschiedener-meinung-europaer-vor-dem-bundestag-statt-weissem-haus.png?fit=1024%2C768&ssl=1&resize=350%2C200","width":350,"height":200,"srcset":"https:\/\/i0.wp.com\/wir2030.com\/wp-content\/uploads\/2025\/05\/menschen-verschiedener-meinung-europaer-vor-dem-bundestag-statt-weissem-haus.png?fit=1024%2C768&ssl=1&resize=350%2C200 1x, https:\/\/i0.wp.com\/wir2030.com\/wp-content\/uploads\/2025\/05\/menschen-verschiedener-meinung-europaer-vor-dem-bundestag-statt-weissem-haus.png?fit=1024%2C768&ssl=1&resize=525%2C300 1.5x, https:\/\/i0.wp.com\/wir2030.com\/wp-content\/uploads\/2025\/05\/menschen-verschiedener-meinung-europaer-vor-dem-bundestag-statt-weissem-haus.png?fit=1024%2C768&ssl=1&resize=700%2C400 2x"},"classes":[]},{"id":850,"url":"https:\/\/wir2030.com\/it\/2025\/05\/17\/tesi-8-la-sorveglianza-digitale-cancella-la-liberta-non-il-virus\/","url_meta":{"origin":884,"position":5},"title":"Tesi 8: La sorveglianza digitale cancella la libert\u00e0, non il virus.","author":"boschimo","date":"17 Maggio 2025","format":false,"excerpt":"Spiegazione e giustificazione La digitalizzazione pu\u00f2 essere uno strumento di liberazione o di controllo.Pu\u00f2 facilitare la comunicazione, l \u201caccesso alla conoscenza e alle cure mediche o trasformarsi nel pi\u00f9 grande apparato di sorveglianza della storia dell\u201d umanit\u00e0.La differenza sta nell \u201cobiettivo e nell\u201d intenzione che lo sottende. Questa tesi mette\u2026","rel":"","context":"In &quot;Italiano&quot;","block_context":{"text":"Italiano","link":"https:\/\/wir2030.com\/it\/category\/italiano\/"},"img":{"alt_text":"","src":"https:\/\/i0.wp.com\/wir2030.com\/wp-content\/uploads\/2025\/05\/image-9.png?fit=1024%2C768&ssl=1&resize=350%2C200","width":350,"height":200,"srcset":"https:\/\/i0.wp.com\/wir2030.com\/wp-content\/uploads\/2025\/05\/image-9.png?fit=1024%2C768&ssl=1&resize=350%2C200 1x, https:\/\/i0.wp.com\/wir2030.com\/wp-content\/uploads\/2025\/05\/image-9.png?fit=1024%2C768&ssl=1&resize=525%2C300 1.5x, https:\/\/i0.wp.com\/wir2030.com\/wp-content\/uploads\/2025\/05\/image-9.png?fit=1024%2C768&ssl=1&resize=700%2C400 2x"},"classes":[]}],"_links":{"self":[{"href":"https:\/\/wir2030.com\/it\/wp-json\/wp\/v2\/posts\/884","targetHints":{"allow":["GET"]}}],"collection":[{"href":"https:\/\/wir2030.com\/it\/wp-json\/wp\/v2\/posts"}],"about":[{"href":"https:\/\/wir2030.com\/it\/wp-json\/wp\/v2\/types\/post"}],"author":[{"embeddable":true,"href":"https:\/\/wir2030.com\/it\/wp-json\/wp\/v2\/users\/112514394"}],"replies":[{"embeddable":true,"href":"https:\/\/wir2030.com\/it\/wp-json\/wp\/v2\/comments?post=884"}],"version-history":[{"count":1,"href":"https:\/\/wir2030.com\/it\/wp-json\/wp\/v2\/posts\/884\/revisions"}],"predecessor-version":[{"id":885,"href":"https:\/\/wir2030.com\/it\/wp-json\/wp\/v2\/posts\/884\/revisions\/885"}],"wp:featuredmedia":[{"embeddable":true,"href":"https:\/\/wir2030.com\/it\/wp-json\/wp\/v2\/media\/572"}],"wp:attachment":[{"href":"https:\/\/wir2030.com\/it\/wp-json\/wp\/v2\/media?parent=884"}],"wp:term":[{"taxonomy":"category","embeddable":true,"href":"https:\/\/wir2030.com\/it\/wp-json\/wp\/v2\/categories?post=884"},{"taxonomy":"post_tag","embeddable":true,"href":"https:\/\/wir2030.com\/it\/wp-json\/wp\/v2\/tags?post=884"}],"curies":[{"name":"wp","href":"https:\/\/api.w.org\/{rel}","templated":true}]}}