{"id":863,"date":"2025-05-17T13:36:01","date_gmt":"2025-05-17T10:36:01","guid":{"rendered":"https:\/\/wir2030.com\/2025\/05\/17\/tesi-10-la-liberta-di-espressione-non-e-relativa-e-assoluta\/"},"modified":"2025-05-23T16:11:16","modified_gmt":"2025-05-23T13:11:16","slug":"tesi-10-la-liberta-di-espressione-non-e-relativa-e-assoluta","status":"publish","type":"post","link":"https:\/\/wir2030.com\/it\/2025\/05\/17\/tesi-10-la-liberta-di-espressione-non-e-relativa-e-assoluta\/","title":{"rendered":"Tesi 10: La libert\u00e0 di espressione non \u00e8 relativa, \u00e8 assoluta."},"content":{"rendered":"\n<h3 class=\"wp-block-heading\">Spiegazione e giustificazione<\/h3>\n\n<p class=\"wp-block-paragraph\"><strong>La libert\u00e0 di opinione non \u00e8 un privilegio, ma un diritto umano.<\/strong><br\/>Non \u00e8 negoziabile, non dipende dalle maggioranze, non \u00e8 limitata dalle ideologie o dallo Zeitgeist.<br\/>Si applica <strong>a tutte le persone, su tutti gli argomenti, in tutti i tempi.<\/strong> Ed \u00e8 particolarmente prezioso quando protegge le opinioni <strong>scomode, dissenzienti o provocatorie<\/strong>.<\/p>\n\n<p class=\"wp-block-paragraph\">La libert\u00e0 di opinione che consente solo posizioni \u201ccondivisibili\u201d non \u00e8 libert\u00e0, \u00e8 propaganda.<\/p>\n\n<hr class=\"wp-block-separator has-alpha-channel-opacity\" \/>\n\n<h3 class=\"wp-block-heading\">Il valore fondamentale della libert\u00e0 di espressione<\/h3>\n\n<ul class=\"wp-block-list\">\n<li>\u00c8 il <strong>cuore di ogni democrazia<\/strong>.<\/li>\n\n\n\n<li>Permette il dialogo, il dibattito, l&#8217;illuminazione e il progresso.<\/li>\n\n\n\n<li>Protegge l&#8217;individuo dalla coercizione e dal conformismo collettivo.<\/li>\n\n\n\n<li>\u00c8 un prerequisito per la scienza, l&#8217;arte, la religione e il cambiamento politico.<\/li>\n<\/ul>\n\n<p class=\"wp-block-paragraph\">Senza libert\u00e0 di espressione, <strong>non ci<\/strong>pu\u00f2 <strong>essere vera conoscenza, n\u00e9 rinnovamento politico, n\u00e9 dignit\u00e0 personale<\/strong>.<\/p>\n\n<hr class=\"wp-block-separator has-alpha-channel-opacity\" \/>\n\n<h3 class=\"wp-block-heading\">La pericolosa relativizzazione<\/h3>\n\n<p class=\"wp-block-paragraph\">Negli ultimi anni, la libert\u00e0 di espressione \u00e8 stata sempre pi\u00f9 <strong>relativizzata<\/strong>, limitata o compromessa dalle cosiddette &#8220;leggi sull&#8217;odio&#8221;, dalla &#8220;lotta alla disinformazione&#8221; e dalle &#8220;linee guida per le piattaforme&#8221;:<\/p>\n\n<ul class=\"wp-block-list\">\n<li>Le opinioni dissenzienti vengono censurate o soppresse algoritmicamente.<\/li>\n\n\n\n<li>I critici vengono diffamati pubblicamente, svalutati professionalmente o perseguiti legalmente.<\/li>\n\n\n\n<li>Le piattaforme e i media decidono cosa \u00e8 \u201cancora permesso dire\u201d.<\/li>\n\n\n\n<li>Le opinioni non vengono pi\u00f9 discusse, ma patologizzate, criminalizzate o screditate moralmente.<\/li>\n<\/ul>\n\n<p class=\"wp-block-paragraph\"><strong>Questa non \u00e8 pi\u00f9 democrazia: \u00e8 una dittatura dell&#8217;opinione sotto forma digitale.<\/strong><\/p>\n\n<hr class=\"wp-block-separator has-alpha-channel-opacity\" \/>\n\n<h3 class=\"wp-block-heading\">La libert\u00e0 di opinione \u00e8 sempre anche libert\u00e0 di irritare<\/h3>\n\n<p class=\"wp-block-paragraph\">La libert\u00e0 di parola comprende anche:<\/p>\n\n<ul class=\"wp-block-list\">\n<li>il diritto di sbagliare,<\/li>\n\n\n\n<li>il diritto di sentirsi a disagio,<\/li>\n\n\n\n<li>il diritto di mettere in discussione le norme sociali.<\/li>\n<\/ul>\n\n<p class=\"wp-block-paragraph\"><strong>Perch\u00e9 solo in una cultura in grado di sopportare il disagio pu\u00f2 crescere la verit\u00e0.<\/strong><\/p>\n\n<hr class=\"wp-block-separator has-alpha-channel-opacity\" \/>\n\n<h3 class=\"wp-block-heading\">La nostra posizione<\/h3>\n\n<p class=\"wp-block-paragraph\">We2030 difende la libert\u00e0 di espressione in tutta la sua portata:<\/p>\n\n<ul class=\"wp-block-list\">\n<li>Nessuno Stato, nessuna piattaforma, nessuna maggioranza ha il diritto di limitarli.<\/li>\n\n\n\n<li>La critica, la satira, il dubbio, le posizioni alternative devono essere <strong>protette, non soppresse<\/strong>.<\/li>\n\n\n\n<li>Vietare le opinioni non impedisce la radicalizzazione, la <strong>crea<\/strong>.<\/li>\n<\/ul>\n\n<p class=\"wp-block-paragraph\"><strong>La libert\u00e0 di espressione non \u00e8 relativa, \u00e8 assoluta.<\/strong><br\/>Perch\u00e9 senza di essa, tutti gli altri diritti non hanno senso.<\/p>\n","protected":false},"excerpt":{"rendered":"<p>Spiegazione e giustificazione La libert\u00e0 di opinione non \u00e8 un privilegio, ma un diritto umano.Non \u00e8 negoziabile, non dipende dalle maggioranze, non \u00e8 limitata dalle ideologie o dallo Zeitgeist.Si applica a tutte le persone, su tutti gli argomenti, in tutti i tempi. Ed \u00e8 particolarmente prezioso quando protegge le opinioni scomode, dissenzienti o provocatorie. La [&hellip;]<\/p>\n","protected":false},"author":112514394,"featured_media":452,"comment_status":"open","ping_status":"open","sticky":false,"template":"","format":"standard","meta":{"_crdt_document":"","advanced_seo_description":"","jetpack_seo_html_title":"","jetpack_seo_noindex":false,"_jetpack_newsletter_access":"","_jetpack_dont_email_post_to_subs":false,"_jetpack_newsletter_tier_id":0,"_jetpack_memberships_contains_paywalled_content":false,"_jetpack_memberships_contains_paid_content":false,"footnotes":"","jetpack_publicize_message":"","jetpack_publicize_feature_enabled":true,"jetpack_social_post_already_shared":true,"jetpack_social_options":{"image_generator_settings":{"template":"highway","default_image_id":0,"font":"","enabled":false},"version":2},"_wpas_customize_per_network":false,"jetpack_post_was_ever_published":false},"categories":[10096793],"tags":[],"class_list":["post-863","post","type-post","status-publish","format-standard","has-post-thumbnail","hentry","category-italiano"],"jetpack_publicize_connections":[],"jetpack_featured_media_url":"https:\/\/i0.wp.com\/wir2030.com\/wp-content\/uploads\/2025\/05\/10-die-meinungsfreiheit-ist-nicht-relativ-sie-ist.png?fit=1024%2C768&ssl=1","jetpack_likes_enabled":true,"jetpack_sharing_enabled":true,"jetpack_shortlink":"https:\/\/wp.me\/pgv6KY-dV","jetpack-related-posts":[{"id":1385,"url":"https:\/\/wir2030.com\/it\/2025\/06\/06\/tesi-27-la-liberta-non-e-un-privilegio-ma-un-diritto-di-nascita\/","url_meta":{"origin":863,"position":0},"title":"Tesi 27: La libert\u00e0 non \u00e8 un privilegio, ma un diritto di nascita.","author":"boschimo","date":"6 Giugno 2025","format":false,"excerpt":"Spiegazione e giustificazione La libert\u00e0 non \u00e8 un dono concesso dallo Stato. Non \u00e8 un bonus, non \u00e8 una ricompensa per un comportamento conformista, non \u00e8 un'esenzione in tempi di crisi. La libert\u00e0 \u00e8 ci\u00f2 a cui una persona ha diritto fin dalla nascita, non per contratto, ma per dignit\u00e0.\u2026","rel":"","context":"In &quot;Italiano&quot;","block_context":{"text":"Italiano","link":"https:\/\/wir2030.com\/it\/category\/italiano\/"},"img":{"alt_text":"","src":"https:\/\/i0.wp.com\/wir2030.com\/wp-content\/uploads\/2025\/06\/europaische-menschen-feiern-ihre-freiheit-von-der-tyrannei.png?fit=1024%2C768&ssl=1&resize=350%2C200","width":350,"height":200,"srcset":"https:\/\/i0.wp.com\/wir2030.com\/wp-content\/uploads\/2025\/06\/europaische-menschen-feiern-ihre-freiheit-von-der-tyrannei.png?fit=1024%2C768&ssl=1&resize=350%2C200 1x, https:\/\/i0.wp.com\/wir2030.com\/wp-content\/uploads\/2025\/06\/europaische-menschen-feiern-ihre-freiheit-von-der-tyrannei.png?fit=1024%2C768&ssl=1&resize=525%2C300 1.5x, https:\/\/i0.wp.com\/wir2030.com\/wp-content\/uploads\/2025\/06\/europaische-menschen-feiern-ihre-freiheit-von-der-tyrannei.png?fit=1024%2C768&ssl=1&resize=700%2C400 2x"},"classes":[]},{"id":704,"url":"https:\/\/wir2030.com\/it\/2025\/05\/23\/tesi-76-la-morale-non-sostituisce-le-liberta-civili\/","url_meta":{"origin":863,"position":1},"title":"Tesi 76: La morale non sostituisce le libert\u00e0 civili.","author":"boschimo","date":"23 Maggio 2025","format":false,"excerpt":"Spiegazione e giustificazione I diritti di libert\u00e0 non sono solo dei bellissimi ideali. Sono scudi costituzionali, eretti contro l'arbitrio della maggioranza, contro l'ingerenza dello Stato e contro la tirannia dell'opinione pubblica.Sono stati raggiunti nel corso dei secoli, non perch\u00e9 le persone possano fare \"la cosa giusta\", ma perch\u00e9 possano decidere\u2026","rel":"","context":"In &quot;Italiano&quot;","block_context":{"text":"Italiano","link":"https:\/\/wir2030.com\/it\/category\/italiano\/"},"img":{"alt_text":"","src":"https:\/\/i0.wp.com\/wir2030.com\/wp-content\/uploads\/2025\/05\/male-einen-goldenen-kafig-anstatt-dem-schwarzen-kafig-und-darin.png?fit=1024%2C768&ssl=1&resize=350%2C200","width":350,"height":200,"srcset":"https:\/\/i0.wp.com\/wir2030.com\/wp-content\/uploads\/2025\/05\/male-einen-goldenen-kafig-anstatt-dem-schwarzen-kafig-und-darin.png?fit=1024%2C768&ssl=1&resize=350%2C200 1x, https:\/\/i0.wp.com\/wir2030.com\/wp-content\/uploads\/2025\/05\/male-einen-goldenen-kafig-anstatt-dem-schwarzen-kafig-und-darin.png?fit=1024%2C768&ssl=1&resize=525%2C300 1.5x, https:\/\/i0.wp.com\/wir2030.com\/wp-content\/uploads\/2025\/05\/male-einen-goldenen-kafig-anstatt-dem-schwarzen-kafig-und-darin.png?fit=1024%2C768&ssl=1&resize=700%2C400 2x"},"classes":[]},{"id":802,"url":"https:\/\/wir2030.com\/it\/2025\/05\/17\/tesi-3-la-dittatura-inizia-quando-i-media-sono-sincronizzati\/","url_meta":{"origin":863,"position":2},"title":"Tesi 3: La dittatura inizia quando i media sono sincronizzati.","author":"boschimo","date":"17 Maggio 2025","format":false,"excerpt":"Spiegazione e giustificazione Una societ\u00e0 libera prospera grazie a un discorso aperto, allo scontro di opinioni e alla competizione di idee. I media svolgono un ruolo fondamentale in questo senso: devono informare, illuminare e controllare, non indottrinare. Sono il quarto pilastro non ufficiale della separazione dei poteri. Tuttavia, quando tutti\u2026","rel":"","context":"In &quot;Nicht kategorisiert&quot;","block_context":{"text":"Nicht kategorisiert","link":"https:\/\/wir2030.com\/category\/nicht-kategorisiert\/"},"img":{"alt_text":"","src":"https:\/\/i0.wp.com\/wir2030.com\/wp-content\/uploads\/2025\/05\/image-4.png?fit=1024%2C768&ssl=1&resize=350%2C200","width":350,"height":200,"srcset":"https:\/\/i0.wp.com\/wir2030.com\/wp-content\/uploads\/2025\/05\/image-4.png?fit=1024%2C768&ssl=1&resize=350%2C200 1x, https:\/\/i0.wp.com\/wir2030.com\/wp-content\/uploads\/2025\/05\/image-4.png?fit=1024%2C768&ssl=1&resize=525%2C300 1.5x, https:\/\/i0.wp.com\/wir2030.com\/wp-content\/uploads\/2025\/05\/image-4.png?fit=1024%2C768&ssl=1&resize=700%2C400 2x"},"classes":[]},{"id":768,"url":"https:\/\/wir2030.com\/it\/2025\/05\/19\/tesi-51-il-potere-ha-bisogno-di-limitazioni-non-di-liberta\/","url_meta":{"origin":863,"position":3},"title":"Tesi 51: Il potere ha bisogno di limitazioni, non di libert\u00e0.","author":"boschimo","date":"19 Maggio 2025","format":false,"excerpt":"Spiegazione e giustificazione Il rischio non \u00e8 la libert\u00e0, ma il potere.Ma in tempi di crisi, paura o incertezza, accade esattamente il contrario:Improvvisamente la libert\u00e0 viene limitata, controllata, condizionata, mentre il potere rivendica sempre nuove libert\u00e0. Questa tesi inverte la relazione: Non \u00e8 la libert\u00e0 a dover essere limitata, ma\u2026","rel":"","context":"In &quot;Italiano&quot;","block_context":{"text":"Italiano","link":"https:\/\/wir2030.com\/it\/category\/italiano\/"},"img":{"alt_text":"","src":"https:\/\/i0.wp.com\/wir2030.com\/wp-content\/uploads\/2025\/05\/image-14.png?fit=1024%2C768&ssl=1&resize=350%2C200","width":350,"height":200,"srcset":"https:\/\/i0.wp.com\/wir2030.com\/wp-content\/uploads\/2025\/05\/image-14.png?fit=1024%2C768&ssl=1&resize=350%2C200 1x, https:\/\/i0.wp.com\/wir2030.com\/wp-content\/uploads\/2025\/05\/image-14.png?fit=1024%2C768&ssl=1&resize=525%2C300 1.5x, https:\/\/i0.wp.com\/wir2030.com\/wp-content\/uploads\/2025\/05\/image-14.png?fit=1024%2C768&ssl=1&resize=700%2C400 2x"},"classes":[]},{"id":880,"url":"https:\/\/wir2030.com\/it\/2025\/05\/18\/tesi-35-chiunque-difenda-la-democrazia-non-e-un-estremista\/","url_meta":{"origin":863,"position":4},"title":"Tesi 35: Chiunque difenda la democrazia non \u00e8 un estremista.","author":"boschimo","date":"18 Maggio 2025","format":false,"excerpt":"Spiegazione e giustificazione La democrazia prospera grazie all \u201cimpegno dei suoi cittadini, non alla loro sottomissione.Chiunque la difenda, evidenzi le sue rimostranze, richieda i diritti fondamentali e si opponga all\u201d abuso di potere non agisce in modo radicale, ma democratico. Questa tesi stabilisce un chiaro confine contro una narrazione pericolosa:\u2026","rel":"","context":"In &quot;Italiano&quot;","block_context":{"text":"Italiano","link":"https:\/\/wir2030.com\/it\/category\/italiano\/"},"img":{"alt_text":"","src":"https:\/\/i0.wp.com\/wir2030.com\/wp-content\/uploads\/2025\/05\/image-13.png?fit=1024%2C768&ssl=1&resize=350%2C200","width":350,"height":200,"srcset":"https:\/\/i0.wp.com\/wir2030.com\/wp-content\/uploads\/2025\/05\/image-13.png?fit=1024%2C768&ssl=1&resize=350%2C200 1x, https:\/\/i0.wp.com\/wir2030.com\/wp-content\/uploads\/2025\/05\/image-13.png?fit=1024%2C768&ssl=1&resize=525%2C300 1.5x, https:\/\/i0.wp.com\/wir2030.com\/wp-content\/uploads\/2025\/05\/image-13.png?fit=1024%2C768&ssl=1&resize=700%2C400 2x"},"classes":[]},{"id":884,"url":"https:\/\/wir2030.com\/it\/2025\/05\/20\/tesi-25-la-democrazia-ha-bisogno-di-istruzione-libera-non-di-programmi-di-rieducazione-statale\/","url_meta":{"origin":863,"position":5},"title":"Tesi 25: La democrazia ha bisogno di istruzione libera, non di programmi di rieducazione statale.","author":"boschimo","date":"20 Maggio 2025","format":false,"excerpt":"Spiegazione e giustificazione L'istruzione \u00e8 il fondamento di ogni democrazia vivente.Dovrebbe permettere alle persone di pensare con la propria testa, di esaminare le cose in modo critico, di assumersi le proprie responsabilit\u00e0 e di plasmare attivamente il proprio ambiente. L'istruzione libera \u00e8 al servizio della liberazione, non del conformismo.Uno Stato\u2026","rel":"","context":"In &quot;Italiano&quot;","block_context":{"text":"Italiano","link":"https:\/\/wir2030.com\/it\/category\/italiano\/"},"img":{"alt_text":"","src":"https:\/\/i0.wp.com\/wir2030.com\/wp-content\/uploads\/2025\/05\/ein-bild-mit-europaischen-schulern-in-einer-schule.png?fit=1024%2C768&ssl=1&resize=350%2C200","width":350,"height":200,"srcset":"https:\/\/i0.wp.com\/wir2030.com\/wp-content\/uploads\/2025\/05\/ein-bild-mit-europaischen-schulern-in-einer-schule.png?fit=1024%2C768&ssl=1&resize=350%2C200 1x, https:\/\/i0.wp.com\/wir2030.com\/wp-content\/uploads\/2025\/05\/ein-bild-mit-europaischen-schulern-in-einer-schule.png?fit=1024%2C768&ssl=1&resize=525%2C300 1.5x, https:\/\/i0.wp.com\/wir2030.com\/wp-content\/uploads\/2025\/05\/ein-bild-mit-europaischen-schulern-in-einer-schule.png?fit=1024%2C768&ssl=1&resize=700%2C400 2x"},"classes":[]}],"_links":{"self":[{"href":"https:\/\/wir2030.com\/it\/wp-json\/wp\/v2\/posts\/863","targetHints":{"allow":["GET"]}}],"collection":[{"href":"https:\/\/wir2030.com\/it\/wp-json\/wp\/v2\/posts"}],"about":[{"href":"https:\/\/wir2030.com\/it\/wp-json\/wp\/v2\/types\/post"}],"author":[{"embeddable":true,"href":"https:\/\/wir2030.com\/it\/wp-json\/wp\/v2\/users\/112514394"}],"replies":[{"embeddable":true,"href":"https:\/\/wir2030.com\/it\/wp-json\/wp\/v2\/comments?post=863"}],"version-history":[{"count":1,"href":"https:\/\/wir2030.com\/it\/wp-json\/wp\/v2\/posts\/863\/revisions"}],"predecessor-version":[{"id":865,"href":"https:\/\/wir2030.com\/it\/wp-json\/wp\/v2\/posts\/863\/revisions\/865"}],"wp:featuredmedia":[{"embeddable":true,"href":"https:\/\/wir2030.com\/it\/wp-json\/wp\/v2\/media\/452"}],"wp:attachment":[{"href":"https:\/\/wir2030.com\/it\/wp-json\/wp\/v2\/media?parent=863"}],"wp:term":[{"taxonomy":"category","embeddable":true,"href":"https:\/\/wir2030.com\/it\/wp-json\/wp\/v2\/categories?post=863"},{"taxonomy":"post_tag","embeddable":true,"href":"https:\/\/wir2030.com\/it\/wp-json\/wp\/v2\/tags?post=863"}],"curies":[{"name":"wp","href":"https:\/\/api.w.org\/{rel}","templated":true}]}}