{"id":856,"date":"2025-05-17T13:28:38","date_gmt":"2025-05-17T10:28:38","guid":{"rendered":"https:\/\/wir2030.com\/2025\/05\/17\/tesi-7-il-corpo-umano-e-inviolabile-anche-in-tempi-di-crisi\/"},"modified":"2025-05-23T16:11:17","modified_gmt":"2025-05-23T13:11:17","slug":"tesi-7-il-corpo-umano-e-inviolabile-anche-in-tempi-di-crisi","status":"publish","type":"post","link":"https:\/\/wir2030.com\/it\/2025\/05\/17\/tesi-7-il-corpo-umano-e-inviolabile-anche-in-tempi-di-crisi\/","title":{"rendered":"Tesi 7: Il corpo umano \u00e8 inviolabile, anche in tempi di crisi."},"content":{"rendered":"\n<p class=\"wp-block-paragraph\"><strong>Spiegazione e giustificazione<\/strong><\/p>\n\n<p class=\"wp-block-paragraph\"><strong>Il corpo umano \u00e8 l \u201cespressione pi\u00f9 diretta della libert\u00e0 e della dignit\u00e0 individuale.<\/strong><br\/>Appartiene solo all\u201d individuo - non allo Stato, non alla scienza, non alla societ\u00e0, non a un sistema sanitario globale.<\/p>\n\n<p class=\"wp-block-paragraph\">Questa indisponibilit\u00e0 non \u00e8 un privilegio, ma un diritto fondamentale. E si applica <strong>incondizionatamente<\/strong>. Anche - e <strong>soprattutto<\/strong> - in tempi di crisi.<\/p>\n\n<p class=\"wp-block-paragraph\"><strong>Articoli 1 e 2 della Legge Fondamentale<\/strong><\/p>\n\n<p class=\"wp-block-paragraph\">La Legge fondamentale tedesca lo formula chiaramente:<\/p>\n\n<ul class=\"wp-block-list\">\n<li><strong>Articolo 1 (1):<\/strong> <em>\u201cLa dignit\u00e0 umana \u00e8 inviolabile\u201d.<\/em><\/li>\n\n\n\n<li><strong>Articolo 2 (2):<\/strong> <em>&#8220;Ogni individuo ha diritto alla vita e all&#8217;integrit\u00e0 fisica&#8221;.<\/em><\/li>\n<\/ul>\n\n<p class=\"wp-block-paragraph\">Questi diritti <strong>non sono relativi<\/strong>. <strong>Non sono in discussione<\/strong>, nemmeno in caso di pandemia, guerra, stato di emergenza o legge di emergenza.<br\/><strong>Chiunque li smascheri, smaschera l&#8217;umanit\u00e0 stessa.<\/strong><\/p>\n\n<p class=\"wp-block-paragraph\"><strong>Cosa significa \u201cintoccabilit\u00e0\u201d?<\/strong><\/p>\n\n<p class=\"wp-block-paragraph\">Intoccabile significa:<\/p>\n\n<ul class=\"wp-block-list\">\n<li>Nessun intervento medico pu\u00f2 essere effettuato senza un consenso espresso, volontario e informato.<\/li>\n\n\n\n<li>Nessuna autorit\u00e0, nessuna istituzione e nessun legislatore pu\u00f2 strumentalizzare il corpo, n\u00e9 per scongiurare il pericolo n\u00e9 per rispettare le norme.<\/li>\n\n\n\n<li>Nessuna persona pu\u00f2 essere costretta, obbligata o pressata a sottoporre il proprio corpo a misure che non desidera, siano esse di natura medica, tecnica o genetica.<\/li>\n<\/ul>\n\n<p class=\"wp-block-paragraph\"><strong>Cosa succede quando il corpo diventa vulnerabile?<\/strong><\/p>\n\n<p class=\"wp-block-paragraph\">Gli ultimi anni hanno dimostrato cosa succede quando gli Stati o le aziende pensano di poter prendere decisioni sul corpo:<\/p>\n\n<ul class=\"wp-block-list\">\n<li>Vaccinazione obbligatoria e vaccinazione obbligatoria indiretta.<\/li>\n\n\n\n<li>Una massiccia pressione sociale sulle persone non vaccinate.<\/li>\n\n\n\n<li>Test obbligatori, maschere obbligatorie, restrizioni di movimento.<\/li>\n\n\n\n<li>Esclusione da scuola, lavoro e societ\u00e0 per \u201cnon conformit\u00e0 medica\u201d.<\/li>\n\n\n\n<li>Introduzione di meccanismi di sorveglianza digitale fino al livello dei dati corporei.<\/li>\n<\/ul>\n\n<p class=\"wp-block-paragraph\"><strong>Questa non \u00e8 cura, \u00e8 degrado.<\/strong><\/p>\n\n<p class=\"wp-block-paragraph\"><strong>Il corpo come ultimo baluardo della libert\u00e0<\/strong><\/p>\n\n<p class=\"wp-block-paragraph\">In un mondo sempre pi\u00f9 digitale e controllato, spesso rimane solo un ultimo spazio protetto per le persone:<br\/><strong>il proprio corpo.<\/strong><\/p>\n\n<p class=\"wp-block-paragraph\">Se questo spazio viene violato - attraverso la politica, la tecnologia, l&#8217;ingegneria genetica o la biometria - allora la <strong>libert\u00e0 finisce<\/strong> non solo in senso simbolico, ma in senso molto concreto.<\/p>\n\n<p class=\"wp-block-paragraph\"><strong>La nostra posizione<\/strong><\/p>\n\n<p class=\"wp-block-paragraph\">We2030 difende l&#8217;autodeterminazione fisica come diritto fondamentale inalienabile. Nessuna crisi, nessuno stato di emergenza, nessuna \u201cnecessit\u00e0 scientifica\u201d deve mai portare lo Stato a disfarsi dei corpi dei suoi cittadini.<\/p>\n\n<p class=\"wp-block-paragraph\">Perch\u00e9:<br\/><strong>Chiunque tocchi il corpo umano tocca il cuore dell&#8217;umanit\u00e0.<\/strong><\/p>\n\n<p class=\"wp-block-paragraph\">E quindi si applica sempre, ovunque e senza eccezioni:<\/p>\n\n<p class=\"wp-block-paragraph\"><strong>Il corpo umano \u00e8 inviolabile, anche in tempi di crisi.<\/strong><\/p>\n\n<h3 class=\"wp-block-heading\"><\/h3>\n","protected":false},"excerpt":{"rendered":"<p>Spiegazione e giustificazione Il corpo umano \u00e8 l \u201cespressione pi\u00f9 diretta della libert\u00e0 e della dignit\u00e0 individuale.Appartiene solo all\u201d individuo - non allo Stato, non alla scienza, non alla societ\u00e0, non a un sistema sanitario globale. Questa indisponibilit\u00e0 non \u00e8 un privilegio, ma un diritto fondamentale. E si applica incondizionatamente. Anche - e soprattutto - [&hellip;]<\/p>\n","protected":false},"author":112514394,"featured_media":427,"comment_status":"open","ping_status":"open","sticky":false,"template":"","format":"standard","meta":{"_crdt_document":"","advanced_seo_description":"","jetpack_seo_html_title":"","jetpack_seo_noindex":false,"_jetpack_newsletter_access":"","_jetpack_dont_email_post_to_subs":false,"_jetpack_newsletter_tier_id":0,"_jetpack_memberships_contains_paywalled_content":false,"_jetpack_memberships_contains_paid_content":false,"footnotes":"","jetpack_publicize_message":"","jetpack_publicize_feature_enabled":true,"jetpack_social_post_already_shared":true,"jetpack_social_options":{"image_generator_settings":{"template":"highway","default_image_id":0,"font":"","enabled":false},"version":2},"_wpas_customize_per_network":false,"jetpack_post_was_ever_published":false},"categories":[10096793],"tags":[],"class_list":["post-856","post","type-post","status-publish","format-standard","has-post-thumbnail","hentry","category-italiano"],"jetpack_publicize_connections":[],"jetpack_featured_media_url":"https:\/\/i0.wp.com\/wir2030.com\/wp-content\/uploads\/2025\/05\/eine-aufrechte-nackte-menschliche-silhouette-in-licht-gehullt-gegen.png?fit=1024%2C768&ssl=1","jetpack_likes_enabled":true,"jetpack_sharing_enabled":true,"jetpack_shortlink":"https:\/\/wp.me\/pgv6KY-dO","jetpack-related-posts":[{"id":1272,"url":"https:\/\/wir2030.com\/it\/2025\/05\/30\/tesi-32-la-dignita-umana-si-applica-anche-in-uno-stato-di-emergenza\/","url_meta":{"origin":856,"position":0},"title":"Tesi 32: La dignit\u00e0 umana si applica anche in uno stato di emergenza.","author":"boschimo","date":"30 Maggio 2025","format":false,"excerpt":"Spiegazione e giustificazione La dignit\u00e0 umana \u00e8 inviolabile.Questo \u00e8 quanto afferma l'articolo 1 (1) della Legge Fondamentale - e questa frase non \u00e8 un decoro, non \u00e8 una citazione per discorsi commemorativi, non \u00e8 un principio di circostanza.\u00c8 assoluta.Non si applica in modo condizionato, non dipende da situazioni politiche, non\u2026","rel":"","context":"In &quot;Italiano&quot;","block_context":{"text":"Italiano","link":"https:\/\/wir2030.com\/it\/category\/italiano\/"},"img":{"alt_text":"","src":"https:\/\/i0.wp.com\/wir2030.com\/wp-content\/uploads\/2025\/05\/male-gluckliche-europaische-menschen.png?fit=1024%2C768&ssl=1&resize=350%2C200","width":350,"height":200,"srcset":"https:\/\/i0.wp.com\/wir2030.com\/wp-content\/uploads\/2025\/05\/male-gluckliche-europaische-menschen.png?fit=1024%2C768&ssl=1&resize=350%2C200 1x, https:\/\/i0.wp.com\/wir2030.com\/wp-content\/uploads\/2025\/05\/male-gluckliche-europaische-menschen.png?fit=1024%2C768&ssl=1&resize=525%2C300 1.5x, https:\/\/i0.wp.com\/wir2030.com\/wp-content\/uploads\/2025\/05\/male-gluckliche-europaische-menschen.png?fit=1024%2C768&ssl=1&resize=700%2C400 2x"},"classes":[]},{"id":880,"url":"https:\/\/wir2030.com\/it\/2025\/05\/18\/tesi-35-chiunque-difenda-la-democrazia-non-e-un-estremista\/","url_meta":{"origin":856,"position":1},"title":"Tesi 35: Chiunque difenda la democrazia non \u00e8 un estremista.","author":"boschimo","date":"18 Maggio 2025","format":false,"excerpt":"Spiegazione e giustificazione La democrazia prospera grazie all \u201cimpegno dei suoi cittadini, non alla loro sottomissione.Chiunque la difenda, evidenzi le sue rimostranze, richieda i diritti fondamentali e si opponga all\u201d abuso di potere non agisce in modo radicale, ma democratico. Questa tesi stabilisce un chiaro confine contro una narrazione pericolosa:\u2026","rel":"","context":"In &quot;Italiano&quot;","block_context":{"text":"Italiano","link":"https:\/\/wir2030.com\/it\/category\/italiano\/"},"img":{"alt_text":"","src":"https:\/\/i0.wp.com\/wir2030.com\/wp-content\/uploads\/2025\/05\/image-13.png?fit=1024%2C768&ssl=1&resize=350%2C200","width":350,"height":200,"srcset":"https:\/\/i0.wp.com\/wir2030.com\/wp-content\/uploads\/2025\/05\/image-13.png?fit=1024%2C768&ssl=1&resize=350%2C200 1x, https:\/\/i0.wp.com\/wir2030.com\/wp-content\/uploads\/2025\/05\/image-13.png?fit=1024%2C768&ssl=1&resize=525%2C300 1.5x, https:\/\/i0.wp.com\/wir2030.com\/wp-content\/uploads\/2025\/05\/image-13.png?fit=1024%2C768&ssl=1&resize=700%2C400 2x"},"classes":[]},{"id":1168,"url":"https:\/\/wir2030.com\/it\/2025\/05\/28\/tesi-71-un-buon-stato-protegge-i-suoi-critici-non-il-suo-potere\/","url_meta":{"origin":856,"position":2},"title":"Tesi 71: Un buon Stato protegge i suoi critici, non il suo potere.","author":"boschimo","date":"28 Maggio 2025","format":false,"excerpt":"Spiegazione e giustificazione La vera maturit\u00e0 di uno Stato non \u00e8 dimostrata dagli applausi della maggioranza,ma da come affronta il dissenso della minoranza. Il consenso \u00e8 comodo, prevedibile, controllabile.Ma la critica \u00e8 scomoda, imprevedibile e quindi preziosa. La critica non \u00e8 un attacco, ma un sistema di allarme precoce.Uno Stato\u2026","rel":"","context":"In &quot;Italiano&quot;","block_context":{"text":"Italiano","link":"https:\/\/wir2030.com\/it\/category\/italiano\/"},"img":{"alt_text":"","src":"https:\/\/i0.wp.com\/wir2030.com\/wp-content\/uploads\/2025\/05\/menschen-verschiedener-meinung-europaer-vor-dem-bundestag-statt-weissem-haus.png?fit=1024%2C768&ssl=1&resize=350%2C200","width":350,"height":200,"srcset":"https:\/\/i0.wp.com\/wir2030.com\/wp-content\/uploads\/2025\/05\/menschen-verschiedener-meinung-europaer-vor-dem-bundestag-statt-weissem-haus.png?fit=1024%2C768&ssl=1&resize=350%2C200 1x, https:\/\/i0.wp.com\/wir2030.com\/wp-content\/uploads\/2025\/05\/menschen-verschiedener-meinung-europaer-vor-dem-bundestag-statt-weissem-haus.png?fit=1024%2C768&ssl=1&resize=525%2C300 1.5x, https:\/\/i0.wp.com\/wir2030.com\/wp-content\/uploads\/2025\/05\/menschen-verschiedener-meinung-europaer-vor-dem-bundestag-statt-weissem-haus.png?fit=1024%2C768&ssl=1&resize=700%2C400 2x"},"classes":[]},{"id":929,"url":"https:\/\/wir2030.com\/it\/2025\/05\/17\/tesi-2-nessuna-legge-puo-censurare-la-verita\/","url_meta":{"origin":856,"position":3},"title":"Tesi 2: Nessuna legge pu\u00f2 censurare la verit\u00e0.","author":"boschimo","date":"17 Maggio 2025","format":false,"excerpt":"Spiegazione e giustificazione La verit\u00e0 non \u00e8 un'opinione, non \u00e8 un bene politico e non \u00e8 un privilegio delle istituzioni: \u00e8 un ideale universale che appartiene a tutte le persone. Il libero accesso alla verit\u00e0 e la lotta aperta per ottenerla sono le pietre miliari di ogni societ\u00e0 libera. Questa\u2026","rel":"","context":"In &quot;Nicht kategorisiert&quot;","block_context":{"text":"Nicht kategorisiert","link":"https:\/\/wir2030.com\/category\/nicht-kategorisiert\/"},"img":{"alt_text":"","src":"https:\/\/i0.wp.com\/wir2030.com\/wp-content\/uploads\/2025\/05\/17.-mai-2025-13_03_14.png?fit=1024%2C1024&ssl=1&resize=350%2C200","width":350,"height":200,"srcset":"https:\/\/i0.wp.com\/wir2030.com\/wp-content\/uploads\/2025\/05\/17.-mai-2025-13_03_14.png?fit=1024%2C1024&ssl=1&resize=350%2C200 1x, https:\/\/i0.wp.com\/wir2030.com\/wp-content\/uploads\/2025\/05\/17.-mai-2025-13_03_14.png?fit=1024%2C1024&ssl=1&resize=525%2C300 1.5x, https:\/\/i0.wp.com\/wir2030.com\/wp-content\/uploads\/2025\/05\/17.-mai-2025-13_03_14.png?fit=1024%2C1024&ssl=1&resize=700%2C400 2x"},"classes":[]},{"id":1140,"url":"https:\/\/wir2030.com\/it\/2025\/05\/27\/tesi-44-la-fiducia-nelle-istituzioni-non-sostituisce-la-responsabilita-personale\/","url_meta":{"origin":856,"position":4},"title":"Tesi 44: La fiducia nelle istituzioni non sostituisce la responsabilit\u00e0 personale.","author":"boschimo","date":"27 Maggio 2025","format":false,"excerpt":"Spiegazione e giustificazione Le istituzioni sono create per le persone, non il contrario.Ma in tempi di crisi si verifica regolarmente il contrario:Invece di pensare, esaminare e agire in modo indipendente, molte persone si aggrappano ad autorit\u00e0, consigli di esperti e organizzazioni sovranazionali come se fossero una verit\u00e0 superiore.Delegano la responsabilit\u00e0\u2026","rel":"","context":"In &quot;Italiano&quot;","block_context":{"text":"Italiano","link":"https:\/\/wir2030.com\/it\/category\/italiano\/"},"img":{"alt_text":"","src":"https:\/\/i0.wp.com\/wir2030.com\/wp-content\/uploads\/2025\/05\/male-einen-menschen-der-einem-polizisten-das-grundgesetz-wie-eine.png?fit=1024%2C768&ssl=1&resize=350%2C200","width":350,"height":200,"srcset":"https:\/\/i0.wp.com\/wir2030.com\/wp-content\/uploads\/2025\/05\/male-einen-menschen-der-einem-polizisten-das-grundgesetz-wie-eine.png?fit=1024%2C768&ssl=1&resize=350%2C200 1x, https:\/\/i0.wp.com\/wir2030.com\/wp-content\/uploads\/2025\/05\/male-einen-menschen-der-einem-polizisten-das-grundgesetz-wie-eine.png?fit=1024%2C768&ssl=1&resize=525%2C300 1.5x, https:\/\/i0.wp.com\/wir2030.com\/wp-content\/uploads\/2025\/05\/male-einen-menschen-der-einem-polizisten-das-grundgesetz-wie-eine.png?fit=1024%2C768&ssl=1&resize=700%2C400 2x"},"classes":[]},{"id":728,"url":"https:\/\/wir2030.com\/it\/2025\/05\/21\/tesi-34-le-crisi-rivelano-il-carattere-di-chi-detiene-il-potere\/","url_meta":{"origin":856,"position":5},"title":"Tesi 34: Le crisi rivelano il carattere di chi detiene il potere.","author":"boschimo","date":"21 Maggio 2025","format":false,"excerpt":"Spiegazione e giustificazione In tempi normali, \u00e8 facile apparire statisti, scendere a compromessi ed enfatizzare i valori democratici.Ma in tempi di crisi, la maschera cade.Quando il potere \u00e8 sotto pressione, diventa chiaro quale immagine di umanit\u00e0, quale atteggiamento e quale etica guidano effettivamente l'azione politica. Questa tesi \u00e8 un promemoria:\u2026","rel":"","context":"In &quot;Italiano&quot;","block_context":{"text":"Italiano","link":"https:\/\/wir2030.com\/it\/category\/italiano\/"},"img":{"alt_text":"","src":"https:\/\/i0.wp.com\/wir2030.com\/wp-content\/uploads\/2025\/05\/image-19.png?fit=1024%2C768&ssl=1&resize=350%2C200","width":350,"height":200,"srcset":"https:\/\/i0.wp.com\/wir2030.com\/wp-content\/uploads\/2025\/05\/image-19.png?fit=1024%2C768&ssl=1&resize=350%2C200 1x, https:\/\/i0.wp.com\/wir2030.com\/wp-content\/uploads\/2025\/05\/image-19.png?fit=1024%2C768&ssl=1&resize=525%2C300 1.5x, https:\/\/i0.wp.com\/wir2030.com\/wp-content\/uploads\/2025\/05\/image-19.png?fit=1024%2C768&ssl=1&resize=700%2C400 2x"},"classes":[]}],"_links":{"self":[{"href":"https:\/\/wir2030.com\/it\/wp-json\/wp\/v2\/posts\/856","targetHints":{"allow":["GET"]}}],"collection":[{"href":"https:\/\/wir2030.com\/it\/wp-json\/wp\/v2\/posts"}],"about":[{"href":"https:\/\/wir2030.com\/it\/wp-json\/wp\/v2\/types\/post"}],"author":[{"embeddable":true,"href":"https:\/\/wir2030.com\/it\/wp-json\/wp\/v2\/users\/112514394"}],"replies":[{"embeddable":true,"href":"https:\/\/wir2030.com\/it\/wp-json\/wp\/v2\/comments?post=856"}],"version-history":[{"count":1,"href":"https:\/\/wir2030.com\/it\/wp-json\/wp\/v2\/posts\/856\/revisions"}],"predecessor-version":[{"id":857,"href":"https:\/\/wir2030.com\/it\/wp-json\/wp\/v2\/posts\/856\/revisions\/857"}],"wp:featuredmedia":[{"embeddable":true,"href":"https:\/\/wir2030.com\/it\/wp-json\/wp\/v2\/media\/427"}],"wp:attachment":[{"href":"https:\/\/wir2030.com\/it\/wp-json\/wp\/v2\/media?parent=856"}],"wp:term":[{"taxonomy":"category","embeddable":true,"href":"https:\/\/wir2030.com\/it\/wp-json\/wp\/v2\/categories?post=856"},{"taxonomy":"post_tag","embeddable":true,"href":"https:\/\/wir2030.com\/it\/wp-json\/wp\/v2\/tags?post=856"}],"curies":[{"name":"wp","href":"https:\/\/api.w.org\/{rel}","templated":true}]}}