{"id":838,"date":"2025-05-17T13:25:28","date_gmt":"2025-05-17T10:25:28","guid":{"rendered":"https:\/\/wir2030.com\/2025\/05\/17\/tesi-6-la-salute-non-puo-essere-imposta-e-una-responsabilita-individuale\/"},"modified":"2025-05-23T16:11:17","modified_gmt":"2025-05-23T13:11:17","slug":"tesi-6-la-salute-non-puo-essere-imposta-e-una-responsabilita-individuale","status":"publish","type":"post","link":"https:\/\/wir2030.com\/it\/2025\/05\/17\/tesi-6-la-salute-non-puo-essere-imposta-e-una-responsabilita-individuale\/","title":{"rendered":"Tesi 6: La salute non pu\u00f2 essere imposta, \u00e8 una responsabilit\u00e0 individuale."},"content":{"rendered":"\n<h3 class=\"wp-block-heading\">Spiegazione e giustificazione<\/h3>\n\n<p class=\"wp-block-paragraph\">La salute non \u00e8 un compito dello Stato nel senso di controllo, ma una <strong>decisione e una responsabilit\u00e0 personale<\/strong>. \u00c8 inestricabilmente legata alla libert\u00e0, all&#8217;autodeterminazione e alla fiducia. Ogni persona \u00e8 unica: nel suo corpo, nelle sue esperienze, nei suoi rischi, nella sua biografia.<br\/><strong>Pertanto, la salute non pu\u00f2 essere pianificata centralmente o creata con la forza.<\/strong><\/p>\n\n<p class=\"wp-block-paragraph\">Eppure stiamo sperimentando come, con il pretesto della tutela della salute, si stiano attuando sempre pi\u00f9 sorveglianza, paternalismo e incapacit\u00e0, in particolare attraverso l&#8217;introduzione della <strong>cartella clinica elettronica (EPR)<\/strong>.<\/p>\n\n<hr class=\"wp-block-separator has-alpha-channel-opacity\" \/>\n\n<h3 class=\"wp-block-heading\">Il vero significato di salute<\/h3>\n\n<p class=\"wp-block-paragraph\">La salute non \u00e8 creata da un ordine, ma da:<\/p>\n\n<ul class=\"wp-block-list\">\n<li>dieta sana ed esercizio fisico,<\/li>\n\n\n\n<li>stabilit\u00e0 mentale e relazioni sociali,<\/li>\n\n\n\n<li>decisioni terapeutiche libere e responsabilit\u00e0 personale.<\/li>\n<\/ul>\n\n<p class=\"wp-block-paragraph\"><strong>Nessuna legge, nessun sistema e nessun file pu\u00f2 sostituirlo.<\/strong><\/p>\n\n<p class=\"wp-block-paragraph\">Lo Stato pu\u00f2 formulare raccomandazioni, fornire accesso alle informazioni, sostenere le professioni mediche, <strong>ma non deve strumentalizzare il corpo, i pensieri o le decisioni dell&#8217;individuo<\/strong>.<\/p>\n\n<hr class=\"wp-block-separator has-alpha-channel-opacity\" \/>\n\n<h3 class=\"wp-block-heading\">Cosa succede quando lo Stato vuole far rispettare la salute?<\/h3>\n\n<ul class=\"wp-block-list\">\n<li>Gli obblighi di vaccinazione, le cure obbligatorie, le maschere o i test non sono pi\u00f9 sufficienti per l&#8217;individuo.<\/li>\n\n\n\n<li>Ignorano l&#8217;individualit\u00e0 medica e distruggono la fiducia nelle relazioni medico-paziente.<\/li>\n\n\n\n<li>Le persone vengono stigmatizzate o emarginate se decidono di non farlo per motivi validi.<\/li>\n<\/ul>\n\n<p class=\"wp-block-paragraph\"><strong>La coercizione non crea fiducia, ma resistenza, paura e danni psicologici a lungo termine.<\/strong><\/p>\n\n<hr class=\"wp-block-separator has-alpha-channel-opacity\" \/>\n\n<h3 class=\"wp-block-heading\">Il pericolo digitale: la cartella clinica elettronica (ePA)<\/h3>\n\n<p class=\"wp-block-paragraph\">L \u201cintroduzione dell\u201d ePA viene venduta come un progresso, ma \u00e8 un attacco massiccio alla privacy, alla libert\u00e0 di terapia e alla riservatezza medica.<\/p>\n\n<h4 class=\"wp-block-heading\">Perch\u00e9 l&#8217;ePA \u00e8 pericoloso?<\/h4>\n\n<ul class=\"wp-block-list\">\n<li><strong>La centralizzazione dei dati sanitari sensibili<\/strong> rende i cittadini trasparenti - per le compagnie di assicurazione sanitaria, le autorit\u00e0, l&#8217;industria farmaceutica e le aziende tecnologiche.<\/li>\n\n\n\n<li><strong>I diritti di accesso di terzi<\/strong> (anche senza consenso informato) minano la riservatezza medica.<\/li>\n\n\n\n<li><strong>La volontariet\u00e0 \u00e8 di fatto abolita<\/strong>: chiunque non si opponga attivamente viene automaticamente registrato.<\/li>\n\n\n\n<li>I dati possono essere utilizzati contro le persone: per la categorizzazione delle tariffe, per la somministrazione di farmaci obbligatori, per il controllo sociale o, nel peggiore dei casi, per <strong>eliminare le voci critiche<\/strong>.<\/li>\n\n\n\n<li>Nella <strong>dittatura della salute digitale<\/strong>, la salute sta diventando una merce di dati e le persone una risorsa da sfruttare.<\/li>\n<\/ul>\n\n<hr class=\"wp-block-separator has-alpha-channel-opacity\" \/>\n\n<h3 class=\"wp-block-heading\">La nostra comprensione della salute<\/h3>\n\n<p class=\"wp-block-paragraph\">We2030 sta per:<\/p>\n\n<ul class=\"wp-block-list\">\n<li>Educazione invece di paternalismo<\/li>\n\n\n\n<li>Responsabilit\u00e0 personale anzich\u00e9 monitoraggio<\/li>\n\n\n\n<li>Libert\u00e0 di terapia anzich\u00e9 standardizzazione<\/li>\n\n\n\n<li>Protezione dei dati invece di una copertura totale<\/li>\n<\/ul>\n\n<p class=\"wp-block-paragraph\"><strong>La salute appartiene alle persone, non allo Stato.<\/strong><\/p>\n\n<hr class=\"wp-block-separator has-alpha-channel-opacity\" \/>\n\n<h3 class=\"wp-block-heading\">La nostra posizione<\/h3>\n\n<p class=\"wp-block-paragraph\">La salute \u00e8 un&#8217;area sensibile e profondamente personale della vita. Chiunque usi la coercizione, sia essa fisica, psicologica o digitale, sta oltrepassando una linea rossa.<\/p>\n\n<p class=\"wp-block-paragraph\"><strong>Ecco perch\u00e9 diciamo no alle cartelle cliniche elettroniche senza un consenso esplicito.<\/strong><br\/><strong>No alla standardizzazione medica.<\/strong><br\/><strong>No alla dittatura della salute digitale.<\/strong><\/p>\n\n<p class=\"wp-block-paragraph\">Perch\u00e9:<br\/><strong>La salute non pu\u00f2 essere imposta, \u00e8 una responsabilit\u00e0 individuale.<\/strong><\/p>\n","protected":false},"excerpt":{"rendered":"<p>Spiegazione e giustificazione La salute non \u00e8 un compito dello Stato nel senso di controllo, ma una decisione e una responsabilit\u00e0 personale. \u00c8 inestricabilmente legata alla libert\u00e0, all&#8217;autodeterminazione e alla fiducia. Ogni persona \u00e8 unica: nel suo corpo, nelle sue esperienze, nei suoi rischi, nella sua biografia.Pertanto, la salute non pu\u00f2 essere pianificata centralmente o [&hellip;]<\/p>\n","protected":false},"author":112514394,"featured_media":417,"comment_status":"open","ping_status":"open","sticky":false,"template":"","format":"standard","meta":{"_crdt_document":"","advanced_seo_description":"","jetpack_seo_html_title":"","jetpack_seo_noindex":false,"_jetpack_newsletter_access":"","_jetpack_dont_email_post_to_subs":false,"_jetpack_newsletter_tier_id":0,"_jetpack_memberships_contains_paywalled_content":false,"_jetpack_memberships_contains_paid_content":false,"footnotes":"","jetpack_publicize_message":"","jetpack_publicize_feature_enabled":true,"jetpack_social_post_already_shared":true,"jetpack_social_options":{"image_generator_settings":{"template":"highway","default_image_id":0,"font":"","enabled":false},"version":2},"_wpas_customize_per_network":false,"jetpack_post_was_ever_published":false},"categories":[10096793],"tags":[],"class_list":["post-838","post","type-post","status-publish","format-standard","has-post-thumbnail","hentry","category-italiano"],"jetpack_publicize_connections":[],"jetpack_featured_media_url":"https:\/\/i0.wp.com\/wir2030.com\/wp-content\/uploads\/2025\/05\/create-a-highly-detailed-image-showcasing-the-theme-of-personal.png?fit=1024%2C768&ssl=1","jetpack_likes_enabled":true,"jetpack_sharing_enabled":true,"jetpack_shortlink":"https:\/\/wp.me\/pgv6KY-dw","jetpack-related-posts":[{"id":850,"url":"https:\/\/wir2030.com\/it\/2025\/05\/17\/tesi-8-la-sorveglianza-digitale-cancella-la-liberta-non-il-virus\/","url_meta":{"origin":838,"position":0},"title":"Tesi 8: La sorveglianza digitale cancella la libert\u00e0, non il virus.","author":"boschimo","date":"17 Maggio 2025","format":false,"excerpt":"Spiegazione e giustificazione La digitalizzazione pu\u00f2 essere uno strumento di liberazione o di controllo.Pu\u00f2 facilitare la comunicazione, l \u201caccesso alla conoscenza e alle cure mediche o trasformarsi nel pi\u00f9 grande apparato di sorveglianza della storia dell\u201d umanit\u00e0.La differenza sta nell \u201cobiettivo e nell\u201d intenzione che lo sottende. Questa tesi mette\u2026","rel":"","context":"In &quot;Italiano&quot;","block_context":{"text":"Italiano","link":"https:\/\/wir2030.com\/it\/category\/italiano\/"},"img":{"alt_text":"","src":"https:\/\/i0.wp.com\/wir2030.com\/wp-content\/uploads\/2025\/05\/image-9.png?fit=1024%2C768&ssl=1&resize=350%2C200","width":350,"height":200,"srcset":"https:\/\/i0.wp.com\/wir2030.com\/wp-content\/uploads\/2025\/05\/image-9.png?fit=1024%2C768&ssl=1&resize=350%2C200 1x, https:\/\/i0.wp.com\/wir2030.com\/wp-content\/uploads\/2025\/05\/image-9.png?fit=1024%2C768&ssl=1&resize=525%2C300 1.5x, https:\/\/i0.wp.com\/wir2030.com\/wp-content\/uploads\/2025\/05\/image-9.png?fit=1024%2C768&ssl=1&resize=700%2C400 2x"},"classes":[]},{"id":694,"url":"https:\/\/wir2030.com\/it\/2025\/05\/24\/tesi-62-pharma-non-deve-dettare-la-politica-globale\/","url_meta":{"origin":838,"position":1},"title":"Tesi 62: Pharma non deve dettare la politica globale.","author":"boschimo","date":"24 Maggio 2025","format":false,"excerpt":"Spiegazione e giustificazione La ricerca farmaceutica e l'assistenza medica possono salvare delle vite. Tuttavia, non lo fanno per amore dell'umanit\u00e0, ma come parte di un modello di business: un settore altamente redditizio e attivo a livello globale il cui obiettivo principale non \u00e8 la salute, ma la crescita e il\u2026","rel":"","context":"In &quot;Italiano&quot;","block_context":{"text":"Italiano","link":"https:\/\/wir2030.com\/it\/category\/italiano\/"},"img":{"alt_text":"","src":"https:\/\/i0.wp.com\/wir2030.com\/wp-content\/uploads\/2025\/05\/zeichne-ein-parlament-in-dem-spritzen-medikamente-und-pillen-auf.png?fit=1024%2C768&ssl=1&resize=350%2C200","width":350,"height":200,"srcset":"https:\/\/i0.wp.com\/wir2030.com\/wp-content\/uploads\/2025\/05\/zeichne-ein-parlament-in-dem-spritzen-medikamente-und-pillen-auf.png?fit=1024%2C768&ssl=1&resize=350%2C200 1x, https:\/\/i0.wp.com\/wir2030.com\/wp-content\/uploads\/2025\/05\/zeichne-ein-parlament-in-dem-spritzen-medikamente-und-pillen-auf.png?fit=1024%2C768&ssl=1&resize=525%2C300 1.5x, https:\/\/i0.wp.com\/wir2030.com\/wp-content\/uploads\/2025\/05\/zeichne-ein-parlament-in-dem-spritzen-medikamente-und-pillen-auf.png?fit=1024%2C768&ssl=1&resize=700%2C400 2x"},"classes":[]},{"id":826,"url":"https:\/\/wir2030.com\/it\/2025\/05\/17\/tesi-4-la-coercizione-non-e-protezione-ma-violenza\/","url_meta":{"origin":838,"position":2},"title":"Tesi 4: La coercizione non \u00e8 protezione, ma violenza.","author":"boschimo","date":"17 Maggio 2025","format":false,"excerpt":"Spiegazione e giustificazione Nelle societ\u00e0 moderne, l'azione dello Stato o delle istituzioni viene spesso legittimata con il termine \"protezione\". Si parla di \"protezione della salute\", \"protezione della democrazia\", \"protezione dell'ordine pubblico\". Ma cosa succede se questa \"protezione\" non si basa sull'educazione, sulla partecipazione e sulla libert\u00e0, bens\u00ec sulla coercizione? Coercizione\u2026","rel":"","context":"In &quot;Italiano&quot;","block_context":{"text":"Italiano","link":"https:\/\/wir2030.com\/it\/category\/italiano\/"},"img":{"alt_text":"","src":"https:\/\/i0.wp.com\/wir2030.com\/wp-content\/uploads\/2025\/05\/image-5.png?fit=1024%2C768&ssl=1&resize=350%2C200","width":350,"height":200,"srcset":"https:\/\/i0.wp.com\/wir2030.com\/wp-content\/uploads\/2025\/05\/image-5.png?fit=1024%2C768&ssl=1&resize=350%2C200 1x, https:\/\/i0.wp.com\/wir2030.com\/wp-content\/uploads\/2025\/05\/image-5.png?fit=1024%2C768&ssl=1&resize=525%2C300 1.5x, https:\/\/i0.wp.com\/wir2030.com\/wp-content\/uploads\/2025\/05\/image-5.png?fit=1024%2C768&ssl=1&resize=700%2C400 2x"},"classes":[]},{"id":1140,"url":"https:\/\/wir2030.com\/it\/2025\/05\/27\/tesi-44-la-fiducia-nelle-istituzioni-non-sostituisce-la-responsabilita-personale\/","url_meta":{"origin":838,"position":3},"title":"Tesi 44: La fiducia nelle istituzioni non sostituisce la responsabilit\u00e0 personale.","author":"boschimo","date":"27 Maggio 2025","format":false,"excerpt":"Spiegazione e giustificazione Le istituzioni sono create per le persone, non il contrario.Ma in tempi di crisi si verifica regolarmente il contrario:Invece di pensare, esaminare e agire in modo indipendente, molte persone si aggrappano ad autorit\u00e0, consigli di esperti e organizzazioni sovranazionali come se fossero una verit\u00e0 superiore.Delegano la responsabilit\u00e0\u2026","rel":"","context":"In &quot;Italiano&quot;","block_context":{"text":"Italiano","link":"https:\/\/wir2030.com\/it\/category\/italiano\/"},"img":{"alt_text":"","src":"https:\/\/i0.wp.com\/wir2030.com\/wp-content\/uploads\/2025\/05\/male-einen-menschen-der-einem-polizisten-das-grundgesetz-wie-eine.png?fit=1024%2C768&ssl=1&resize=350%2C200","width":350,"height":200,"srcset":"https:\/\/i0.wp.com\/wir2030.com\/wp-content\/uploads\/2025\/05\/male-einen-menschen-der-einem-polizisten-das-grundgesetz-wie-eine.png?fit=1024%2C768&ssl=1&resize=350%2C200 1x, https:\/\/i0.wp.com\/wir2030.com\/wp-content\/uploads\/2025\/05\/male-einen-menschen-der-einem-polizisten-das-grundgesetz-wie-eine.png?fit=1024%2C768&ssl=1&resize=525%2C300 1.5x, https:\/\/i0.wp.com\/wir2030.com\/wp-content\/uploads\/2025\/05\/male-einen-menschen-der-einem-polizisten-das-grundgesetz-wie-eine.png?fit=1024%2C768&ssl=1&resize=700%2C400 2x"},"classes":[]},{"id":756,"url":"https:\/\/wir2030.com\/it\/2025\/05\/20\/tesi-89-se-lo-stato-controlla-tutto-non-ce-spazio-per-la-responsabilita\/","url_meta":{"origin":838,"position":4},"title":"Tesi 89: Se lo Stato controlla tutto, non c&#8217;\u00e8 spazio per la responsabilit\u00e0.","author":"boschimo","date":"20 Maggio 2025","format":false,"excerpt":"Spiegazione e giustificazioneLa responsabilit\u00e0 inizia quando viene concessa la libert\u00e0.Solo chi ha la possibilit\u00e0 di decidere pu\u00f2 essere responsabile.Ma se lo Stato regolamenta, controlla, sanziona e prescrive ogni dettaglio,priva le persone della possibilit\u00e0 di essere responsabili. Come avviene La salute viene gestita invece di essere modellata L'istruzione \u00e8 controllata invece\u2026","rel":"","context":"In &quot;Italiano&quot;","block_context":{"text":"Italiano","link":"https:\/\/wir2030.com\/it\/category\/italiano\/"},"img":{"alt_text":"","src":"https:\/\/i0.wp.com\/wir2030.com\/wp-content\/uploads\/2025\/05\/ein-mensch-verirrt-im-paragraphen-dschungel.png?fit=1024%2C768&ssl=1&resize=350%2C200","width":350,"height":200,"srcset":"https:\/\/i0.wp.com\/wir2030.com\/wp-content\/uploads\/2025\/05\/ein-mensch-verirrt-im-paragraphen-dschungel.png?fit=1024%2C768&ssl=1&resize=350%2C200 1x, https:\/\/i0.wp.com\/wir2030.com\/wp-content\/uploads\/2025\/05\/ein-mensch-verirrt-im-paragraphen-dschungel.png?fit=1024%2C768&ssl=1&resize=525%2C300 1.5x, https:\/\/i0.wp.com\/wir2030.com\/wp-content\/uploads\/2025\/05\/ein-mensch-verirrt-im-paragraphen-dschungel.png?fit=1024%2C768&ssl=1&resize=700%2C400 2x"},"classes":[]},{"id":1390,"url":"https:\/\/wir2030.com\/it\/2025\/06\/04\/tesi-87-il-controllo-non-genera-fiducia\/","url_meta":{"origin":838,"position":5},"title":"Tesi 87: Il controllo non genera fiducia.","author":"boschimo","date":"4 Giugno 2025","format":false,"excerpt":"Spiegazione e giustificazione La fiducia \u00e8 un bene vivo. Non \u00e8 creata da regolamenti, telecamere o coercizione.La fiducia \u00e8 un'offerta, non un ordine. Prospera nello spazio della libert\u00e0 e soffoca sotto il peso della sorveglianza. Ma il mondo moderno sembra aver dimenticato questo principio.Al posto dell \u201cintegrit\u00e0 e del dialogo,\u2026","rel":"","context":"In &quot;Italiano&quot;","block_context":{"text":"Italiano","link":"https:\/\/wir2030.com\/it\/category\/italiano\/"},"img":{"alt_text":"","src":"https:\/\/i0.wp.com\/wir2030.com\/wp-content\/uploads\/2025\/05\/image-34.png?fit=1024%2C768&ssl=1&resize=350%2C200","width":350,"height":200,"srcset":"https:\/\/i0.wp.com\/wir2030.com\/wp-content\/uploads\/2025\/05\/image-34.png?fit=1024%2C768&ssl=1&resize=350%2C200 1x, https:\/\/i0.wp.com\/wir2030.com\/wp-content\/uploads\/2025\/05\/image-34.png?fit=1024%2C768&ssl=1&resize=525%2C300 1.5x, https:\/\/i0.wp.com\/wir2030.com\/wp-content\/uploads\/2025\/05\/image-34.png?fit=1024%2C768&ssl=1&resize=700%2C400 2x"},"classes":[]}],"_links":{"self":[{"href":"https:\/\/wir2030.com\/it\/wp-json\/wp\/v2\/posts\/838","targetHints":{"allow":["GET"]}}],"collection":[{"href":"https:\/\/wir2030.com\/it\/wp-json\/wp\/v2\/posts"}],"about":[{"href":"https:\/\/wir2030.com\/it\/wp-json\/wp\/v2\/types\/post"}],"author":[{"embeddable":true,"href":"https:\/\/wir2030.com\/it\/wp-json\/wp\/v2\/users\/112514394"}],"replies":[{"embeddable":true,"href":"https:\/\/wir2030.com\/it\/wp-json\/wp\/v2\/comments?post=838"}],"version-history":[{"count":1,"href":"https:\/\/wir2030.com\/it\/wp-json\/wp\/v2\/posts\/838\/revisions"}],"predecessor-version":[{"id":840,"href":"https:\/\/wir2030.com\/it\/wp-json\/wp\/v2\/posts\/838\/revisions\/840"}],"wp:featuredmedia":[{"embeddable":true,"href":"https:\/\/wir2030.com\/it\/wp-json\/wp\/v2\/media\/417"}],"wp:attachment":[{"href":"https:\/\/wir2030.com\/it\/wp-json\/wp\/v2\/media?parent=838"}],"wp:term":[{"taxonomy":"category","embeddable":true,"href":"https:\/\/wir2030.com\/it\/wp-json\/wp\/v2\/categories?post=838"},{"taxonomy":"post_tag","embeddable":true,"href":"https:\/\/wir2030.com\/it\/wp-json\/wp\/v2\/tags?post=838"}],"curies":[{"name":"wp","href":"https:\/\/api.w.org\/{rel}","templated":true}]}}