{"id":826,"date":"2025-05-17T13:17:58","date_gmt":"2025-05-17T10:17:58","guid":{"rendered":"https:\/\/wir2030.com\/2025\/05\/17\/tesi-4-la-coercizione-non-e-protezione-ma-violenza\/"},"modified":"2025-05-23T16:11:17","modified_gmt":"2025-05-23T13:11:17","slug":"tesi-4-la-coercizione-non-e-protezione-ma-violenza","status":"publish","type":"post","link":"https:\/\/wir2030.com\/it\/2025\/05\/17\/tesi-4-la-coercizione-non-e-protezione-ma-violenza\/","title":{"rendered":"Tesi 4: La coercizione non \u00e8 protezione, ma violenza."},"content":{"rendered":"\n<h3 class=\"wp-block-heading\">Spiegazione e giustificazione<\/h3>\n\n<p class=\"wp-block-paragraph\">Nelle societ\u00e0 moderne, l&#8217;azione dello Stato o delle istituzioni viene spesso legittimata con il termine &#8220;protezione&#8221;. Si parla di &#8220;protezione della salute&#8221;, &#8220;protezione della democrazia&#8221;, &#8220;protezione dell&#8217;ordine pubblico&#8221;. Ma cosa succede se questa &#8220;protezione&#8221; non si basa sull&#8217;educazione, sulla partecipazione e sulla libert\u00e0, bens\u00ec sulla coercizione?  <\/p>\n\n<p class=\"wp-block-paragraph\"><strong>Coercizione<\/strong> significa che le persone non hanno scelta. Sono costrette a fare qualcosa contro la loro volont\u00e0, sia attraverso leggi, punizioni, ostracismo sociale o violenza fisica. Perdono il controllo sul proprio corpo, sulle proprie opinioni e sulle proprie decisioni.  <br\/><strong>Questo \u00e8 per definizione: violenza.<\/strong><\/p>\n\n<h3 class=\"wp-block-heading\">La pericolosa reinterpretazione<\/h3>\n\n<p class=\"wp-block-paragraph\">\u00c8 un trucco linguistico pericoloso reinterpretare la coercizione come cura. Perch\u00e9 in questo modo si legittima la violenza, non pi\u00f9 come un&#8217;eccezione, ma come un presunto dovere. Coloro che &#8220;proteggono compulsivamente&#8221; non proteggono, ma governano. E chiunque si opponga a questa &#8220;protezione&#8221; viene criminalizzato, patologizzato o moralmente svalutato.   <\/p>\n\n<p class=\"wp-block-paragraph\">Esempi dal passato recente:<\/p>\n\n<ul class=\"wp-block-list\">\n<li>La vaccinazione obbligatoria con il pretesto del bene comune, sebbene la libert\u00e0 medica sia un diritto fondamentale.<\/li>\n\n\n\n<li>Vietare le opinioni con il pretesto della \u201cprotezione dalla disinformazione\u201d.<\/li>\n\n\n\n<li>Divieti di movimento o di occupazione per motivi di \u201cprotezione dalle infezioni\u201d.<\/li>\n\n\n\n<li>Misure obbligatorie nelle scuole, nelle cliniche e nei luoghi di lavoro senza una valutazione individuale dei rischi.<\/li>\n<\/ul>\n\n<p class=\"wp-block-paragraph\">Queste misure non sono state vendute come violenza, ma come \u201cnecessarie\u201d - eppure hanno privato di diritti, diviso e traumatizzato le persone.<\/p>\n\n<h3 class=\"wp-block-heading\">Principi legali ed etici<\/h3>\n\n<ul class=\"wp-block-list\">\n<li>La <strong>Dichiarazione Universale dei Diritti Umani<\/strong> garantisce il diritto all&#8217;integrit\u00e0 fisica, alla libert\u00e0 di espressione e alla libert\u00e0 di scelta.<\/li>\n\n\n\n<li>La <strong>Legge fondamentale tedesca<\/strong> dichiara che la dignit\u00e0 umana \u00e8 la norma pi\u00f9 alta: la coercizione contraddice questa dignit\u00e0 se non viene utilizzata nel contesto di una vera e propria autodifesa.<\/li>\n\n\n\n<li>Nell&#8217;<strong>etica medica<\/strong> si applica il principio del <em>consenso informato<\/em>: nessuno pu\u00f2 essere costretto a sottoporsi a un intervento.<\/li>\n<\/ul>\n\n<p class=\"wp-block-paragraph\">La coercizione quindi non solo contraddice i principi etici, ma distrugge la fiducia, la responsabilit\u00e0 personale e la coerenza sociale.<\/p>\n\n<h3 class=\"wp-block-heading\">Cosa significa protezione reale<\/h3>\n\n<p class=\"wp-block-paragraph\">La vera protezione si basa su:<\/p>\n\n<ul class=\"wp-block-list\">\n<li>Chiarimenti invece di minacce<\/li>\n\n\n\n<li>Volontariet\u00e0 anzich\u00e9 obbligo<\/li>\n\n\n\n<li>Rispetto invece di paternalismo<\/li>\n\n\n\n<li>Dialogo invece di controllo<\/li>\n<\/ul>\n\n<p class=\"wp-block-paragraph\"><strong>Solo chi pu\u00f2 decidere liberamente pu\u00f2 vivere in vera sicurezza.<\/strong><\/p>\n\n<h3 class=\"wp-block-heading\">La nostra posizione<\/h3>\n\n<p class=\"wp-block-paragraph\">We2030 \u00e8 a favore di una societ\u00e0 in cui le persone siano trattate come esseri responsabili, non come oggetti del controllo statale o dell&#8217;onnipotenza terapeutica.<br\/>La coercizione distrugge la fiducia.<br\/>La coercizione distrugge la comunit\u00e0.<br\/>La coercizione distrugge la libert\u00e0.<\/p>\n\n<p class=\"wp-block-paragraph\"><strong>La coercizione non \u00e8 cura - la coercizione \u00e8 violenza.<\/strong><\/p>\n","protected":false},"excerpt":{"rendered":"<p>Spiegazione e giustificazione Nelle societ\u00e0 moderne, l&#8217;azione dello Stato o delle istituzioni viene spesso legittimata con il termine &#8220;protezione&#8221;. Si parla di &#8220;protezione della salute&#8221;, &#8220;protezione della democrazia&#8221;, &#8220;protezione dell&#8217;ordine pubblico&#8221;. Ma cosa succede se questa &#8220;protezione&#8221; non si basa sull&#8217;educazione, sulla partecipazione e sulla libert\u00e0, bens\u00ec sulla coercizione? Coercizione significa che le persone non [&hellip;]<\/p>\n","protected":false},"author":112514394,"featured_media":402,"comment_status":"open","ping_status":"open","sticky":false,"template":"","format":"standard","meta":{"_crdt_document":"","advanced_seo_description":"","jetpack_seo_html_title":"","jetpack_seo_noindex":false,"_jetpack_newsletter_access":"","_jetpack_dont_email_post_to_subs":false,"_jetpack_newsletter_tier_id":0,"_jetpack_memberships_contains_paywalled_content":false,"_jetpack_memberships_contains_paid_content":false,"footnotes":"","jetpack_publicize_message":"","jetpack_publicize_feature_enabled":true,"jetpack_social_post_already_shared":true,"jetpack_social_options":{"image_generator_settings":{"template":"highway","default_image_id":0,"font":"","enabled":false},"version":2},"_wpas_customize_per_network":false,"jetpack_post_was_ever_published":false},"categories":[10096793],"tags":[],"class_list":["post-826","post","type-post","status-publish","format-standard","has-post-thumbnail","hentry","category-italiano"],"jetpack_publicize_connections":[],"jetpack_featured_media_url":"https:\/\/i0.wp.com\/wir2030.com\/wp-content\/uploads\/2025\/05\/image-5.png?fit=1024%2C768&ssl=1","jetpack_likes_enabled":true,"jetpack_sharing_enabled":true,"jetpack_shortlink":"https:\/\/wp.me\/pgv6KY-dk","jetpack-related-posts":[{"id":779,"url":"https:\/\/wir2030.com\/it\/2025\/05\/18\/tesi-95-la-violenza-non-deve-mai-piu-provenire-dallo-stato-ma-solo-dal-popolo\/","url_meta":{"origin":826,"position":0},"title":"Tesi 95: La violenza non deve mai pi\u00f9 provenire dallo Stato, ma solo dal popolo.","author":"boschimo","date":"18 Maggio 2025","format":false,"excerpt":"Spiegazione e giustificazione La storia dell'umanit\u00e0 \u00e8 anche la storia della violenza - e della sua monopolizzazione.Per secoli gli Stati si sono appropriati del monopolio esclusivo dell'uso della forza con la motivazione di voler garantire l'ordine, la sicurezza e la stabilit\u00e0.Ma in realt\u00e0, questo monopolio dell'uso della forza \u00e8 stato\u2026","rel":"","context":"In &quot;Italiano&quot;","block_context":{"text":"Italiano","link":"https:\/\/wir2030.com\/it\/category\/italiano\/"},"img":{"alt_text":"","src":"https:\/\/i0.wp.com\/wir2030.com\/wp-content\/uploads\/2025\/05\/image-12.png?fit=1024%2C768&ssl=1&resize=350%2C200","width":350,"height":200,"srcset":"https:\/\/i0.wp.com\/wir2030.com\/wp-content\/uploads\/2025\/05\/image-12.png?fit=1024%2C768&ssl=1&resize=350%2C200 1x, https:\/\/i0.wp.com\/wir2030.com\/wp-content\/uploads\/2025\/05\/image-12.png?fit=1024%2C768&ssl=1&resize=525%2C300 1.5x, https:\/\/i0.wp.com\/wir2030.com\/wp-content\/uploads\/2025\/05\/image-12.png?fit=1024%2C768&ssl=1&resize=700%2C400 2x"},"classes":[]},{"id":1389,"url":"https:\/\/wir2030.com\/it\/2025\/06\/02\/tesi-67-il-totalitarismo-non-inizia-con-le-catene-ma-con-la-perdita-di-responsabilita\/","url_meta":{"origin":826,"position":1},"title":"Tesi 67: Il totalitarismo non inizia con le catene, ma con la perdita di responsabilit\u00e0.","author":"boschimo","date":"2 Giugno 2025","format":false,"excerpt":"Spiegazione e giustificazione I sistemi totalitari raramente sono accompagnati da uniformi, sirene o violenza.Spesso si presentano come amichevoli aiutanti - come autorit\u00e0 sanitarie, consulenti per la sicurezza, salvatori del clima, protettori dell \u201cinfanzia o agenzie per l\u201d innovazione digitale.Fanno appello al bene, parlano di responsabilit\u00e0 - ma significano obbedienza. Il\u2026","rel":"","context":"In &quot;Italiano&quot;","block_context":{"text":"Italiano","link":"https:\/\/wir2030.com\/it\/category\/italiano\/"},"img":{"alt_text":"","src":"https:\/\/i0.wp.com\/wir2030.com\/wp-content\/uploads\/2025\/05\/image-33.png?fit=1024%2C768&ssl=1&resize=350%2C200","width":350,"height":200,"srcset":"https:\/\/i0.wp.com\/wir2030.com\/wp-content\/uploads\/2025\/05\/image-33.png?fit=1024%2C768&ssl=1&resize=350%2C200 1x, https:\/\/i0.wp.com\/wir2030.com\/wp-content\/uploads\/2025\/05\/image-33.png?fit=1024%2C768&ssl=1&resize=525%2C300 1.5x, https:\/\/i0.wp.com\/wir2030.com\/wp-content\/uploads\/2025\/05\/image-33.png?fit=1024%2C768&ssl=1&resize=700%2C400 2x"},"classes":[]},{"id":1278,"url":"https:\/\/wir2030.com\/it\/2025\/05\/31\/tesi-14-chiunque-censuri-le-critiche-ha-qualcosa-da-nascondere\/","url_meta":{"origin":826,"position":2},"title":"Tesi 14: Chiunque censuri le critiche ha qualcosa da nascondere.","author":"boschimo","date":"31 Maggio 2025","format":false,"excerpt":"Spiegazione e giustificazione La critica \u00e8 il polso di ogni societ\u00e0 libera.\u00c8 il segno vivente di una democrazia, il sistema di allarme precoce del potere, il correttivo degli errori istituzionali.Dove la critica \u00e8 consentita, il potere pu\u00f2 essere messo in discussione, scrutato e corretto.Dove viene soppressa, crescono l'arbitrio, la corruzione\u2026","rel":"","context":"In &quot;Italiano&quot;","block_context":{"text":"Italiano","link":"https:\/\/wir2030.com\/it\/category\/italiano\/"},"img":{"alt_text":"","src":"https:\/\/i0.wp.com\/wir2030.com\/wp-content\/uploads\/2025\/05\/2025-05-26-10.49.58-AM.png?fit=626%2C524&ssl=1&resize=350%2C200","width":350,"height":200,"srcset":"https:\/\/i0.wp.com\/wir2030.com\/wp-content\/uploads\/2025\/05\/2025-05-26-10.49.58-AM.png?fit=626%2C524&ssl=1&resize=350%2C200 1x, https:\/\/i0.wp.com\/wir2030.com\/wp-content\/uploads\/2025\/05\/2025-05-26-10.49.58-AM.png?fit=626%2C524&ssl=1&resize=525%2C300 1.5x"},"classes":[]},{"id":1140,"url":"https:\/\/wir2030.com\/it\/2025\/05\/27\/tesi-44-la-fiducia-nelle-istituzioni-non-sostituisce-la-responsabilita-personale\/","url_meta":{"origin":826,"position":3},"title":"Tesi 44: La fiducia nelle istituzioni non sostituisce la responsabilit\u00e0 personale.","author":"boschimo","date":"27 Maggio 2025","format":false,"excerpt":"Spiegazione e giustificazione Le istituzioni sono create per le persone, non il contrario.Ma in tempi di crisi si verifica regolarmente il contrario:Invece di pensare, esaminare e agire in modo indipendente, molte persone si aggrappano ad autorit\u00e0, consigli di esperti e organizzazioni sovranazionali come se fossero una verit\u00e0 superiore.Delegano la responsabilit\u00e0\u2026","rel":"","context":"In &quot;Italiano&quot;","block_context":{"text":"Italiano","link":"https:\/\/wir2030.com\/it\/category\/italiano\/"},"img":{"alt_text":"","src":"https:\/\/i0.wp.com\/wir2030.com\/wp-content\/uploads\/2025\/05\/male-einen-menschen-der-einem-polizisten-das-grundgesetz-wie-eine.png?fit=1024%2C768&ssl=1&resize=350%2C200","width":350,"height":200,"srcset":"https:\/\/i0.wp.com\/wir2030.com\/wp-content\/uploads\/2025\/05\/male-einen-menschen-der-einem-polizisten-das-grundgesetz-wie-eine.png?fit=1024%2C768&ssl=1&resize=350%2C200 1x, https:\/\/i0.wp.com\/wir2030.com\/wp-content\/uploads\/2025\/05\/male-einen-menschen-der-einem-polizisten-das-grundgesetz-wie-eine.png?fit=1024%2C768&ssl=1&resize=525%2C300 1.5x, https:\/\/i0.wp.com\/wir2030.com\/wp-content\/uploads\/2025\/05\/male-einen-menschen-der-einem-polizisten-das-grundgesetz-wie-eine.png?fit=1024%2C768&ssl=1&resize=700%2C400 2x"},"classes":[]},{"id":880,"url":"https:\/\/wir2030.com\/it\/2025\/05\/18\/tesi-35-chiunque-difenda-la-democrazia-non-e-un-estremista\/","url_meta":{"origin":826,"position":4},"title":"Tesi 35: Chiunque difenda la democrazia non \u00e8 un estremista.","author":"boschimo","date":"18 Maggio 2025","format":false,"excerpt":"Spiegazione e giustificazione La democrazia prospera grazie all \u201cimpegno dei suoi cittadini, non alla loro sottomissione.Chiunque la difenda, evidenzi le sue rimostranze, richieda i diritti fondamentali e si opponga all\u201d abuso di potere non agisce in modo radicale, ma democratico. Questa tesi stabilisce un chiaro confine contro una narrazione pericolosa:\u2026","rel":"","context":"In &quot;Italiano&quot;","block_context":{"text":"Italiano","link":"https:\/\/wir2030.com\/it\/category\/italiano\/"},"img":{"alt_text":"","src":"https:\/\/i0.wp.com\/wir2030.com\/wp-content\/uploads\/2025\/05\/image-13.png?fit=1024%2C768&ssl=1&resize=350%2C200","width":350,"height":200,"srcset":"https:\/\/i0.wp.com\/wir2030.com\/wp-content\/uploads\/2025\/05\/image-13.png?fit=1024%2C768&ssl=1&resize=350%2C200 1x, https:\/\/i0.wp.com\/wir2030.com\/wp-content\/uploads\/2025\/05\/image-13.png?fit=1024%2C768&ssl=1&resize=525%2C300 1.5x, https:\/\/i0.wp.com\/wir2030.com\/wp-content\/uploads\/2025\/05\/image-13.png?fit=1024%2C768&ssl=1&resize=700%2C400 2x"},"classes":[]},{"id":736,"url":"https:\/\/wir2030.com\/it\/2025\/05\/21\/tesi-21-ogni-societa-ha-bisogno-di-informatori-non-di-delatori\/","url_meta":{"origin":826,"position":5},"title":"Tesi 21: Ogni societ\u00e0 ha bisogno di informatori, non di delatori.","author":"boschimo","date":"21 Maggio 2025","format":false,"excerpt":"Spiegazione e giustificazione Una societ\u00e0 sana prospera grazie all'educazione, alla trasparenza e alla capacit\u00e0 di autocorreggersi.Per farlo, ha bisogno di persone coraggiose che mettano in evidenza i problemi, non di chi controlla i propri simili.Gli informatori sono un segno di integrit\u00e0. Gli informatori sono un segno della regola della paura.\u2026","rel":"","context":"In &quot;Italiano&quot;","block_context":{"text":"Italiano","link":"https:\/\/wir2030.com\/it\/category\/italiano\/"},"img":{"alt_text":"","src":"https:\/\/i0.wp.com\/wir2030.com\/wp-content\/uploads\/2025\/05\/image-18.png?fit=1024%2C768&ssl=1&resize=350%2C200","width":350,"height":200,"srcset":"https:\/\/i0.wp.com\/wir2030.com\/wp-content\/uploads\/2025\/05\/image-18.png?fit=1024%2C768&ssl=1&resize=350%2C200 1x, https:\/\/i0.wp.com\/wir2030.com\/wp-content\/uploads\/2025\/05\/image-18.png?fit=1024%2C768&ssl=1&resize=525%2C300 1.5x, https:\/\/i0.wp.com\/wir2030.com\/wp-content\/uploads\/2025\/05\/image-18.png?fit=1024%2C768&ssl=1&resize=700%2C400 2x"},"classes":[]}],"_links":{"self":[{"href":"https:\/\/wir2030.com\/it\/wp-json\/wp\/v2\/posts\/826","targetHints":{"allow":["GET"]}}],"collection":[{"href":"https:\/\/wir2030.com\/it\/wp-json\/wp\/v2\/posts"}],"about":[{"href":"https:\/\/wir2030.com\/it\/wp-json\/wp\/v2\/types\/post"}],"author":[{"embeddable":true,"href":"https:\/\/wir2030.com\/it\/wp-json\/wp\/v2\/users\/112514394"}],"replies":[{"embeddable":true,"href":"https:\/\/wir2030.com\/it\/wp-json\/wp\/v2\/comments?post=826"}],"version-history":[{"count":1,"href":"https:\/\/wir2030.com\/it\/wp-json\/wp\/v2\/posts\/826\/revisions"}],"predecessor-version":[{"id":829,"href":"https:\/\/wir2030.com\/it\/wp-json\/wp\/v2\/posts\/826\/revisions\/829"}],"wp:featuredmedia":[{"embeddable":true,"href":"https:\/\/wir2030.com\/it\/wp-json\/wp\/v2\/media\/402"}],"wp:attachment":[{"href":"https:\/\/wir2030.com\/it\/wp-json\/wp\/v2\/media?parent=826"}],"wp:term":[{"taxonomy":"category","embeddable":true,"href":"https:\/\/wir2030.com\/it\/wp-json\/wp\/v2\/categories?post=826"},{"taxonomy":"post_tag","embeddable":true,"href":"https:\/\/wir2030.com\/it\/wp-json\/wp\/v2\/tags?post=826"}],"curies":[{"name":"wp","href":"https:\/\/api.w.org\/{rel}","templated":true}]}}