{"id":823,"date":"2025-05-17T13:21:20","date_gmt":"2025-05-17T10:21:20","guid":{"rendered":"https:\/\/wir2030.com\/2025\/05\/17\/tesi-5-la-paura-non-e-uno-strumento-legittimo-di-governo\/"},"modified":"2025-05-23T16:11:17","modified_gmt":"2025-05-23T13:11:17","slug":"tesi-5-la-paura-non-e-uno-strumento-legittimo-di-governo","status":"publish","type":"post","link":"https:\/\/wir2030.com\/it\/2025\/05\/17\/tesi-5-la-paura-non-e-uno-strumento-legittimo-di-governo\/","title":{"rendered":"Tesi 5: La paura non \u00e8 uno strumento legittimo di governo."},"content":{"rendered":"\n<h3 class=\"wp-block-heading\">Spiegazione e giustificazione<\/h3>\n\n<p class=\"wp-block-paragraph\">I governi che controllano le loro popolazioni attraverso la paura hanno perso la loro bussola morale.<br\/>Perch\u00e9 la paura paralizza, divide e soggioga. Non porta alla maturit\u00e0, ma all&#8217;obbedienza, non alla responsabilit\u00e0, ma alla sottomissione. Una societ\u00e0 che agisce per paura non agisce liberamente.<\/p>\n\n<p class=\"wp-block-paragraph\"><strong>La leadership democratica si basa sulla fiducia, non sulla paura.<\/strong><\/p>\n\n<h3 class=\"wp-block-heading\">La paura come strumento di potere - un vecchio schema<\/h3>\n\n<p class=\"wp-block-paragraph\">Nel corso della storia, la paura \u00e8 stata utilizzata come strumento politico:<\/p>\n\n<ul class=\"wp-block-list\">\n<li>L \u201cInquisizione aliment\u00f2 la paura dell\u201d eresia per assicurarsi il potere spirituale.<\/li>\n\n\n\n<li>Sotto il nazionalsocialismo, la paura dei \u201cnemici interni\u201d \u00e8 stata strumentalizzata per sospendere i diritti fondamentali.<\/li>\n\n\n\n<li>Negli Stati autoritari, la paura del &#8220;nemico esterno&#8221; viene utilizzata per giustificare l&#8217;oppressione.<\/li>\n\n\n\n<li>Al giorno d \u201coggi, si tratta di paura delle malattie, del terrore, del clima, dei disordini sociali, sempre combinati con l\u201d affermazione: <em>\u201cSei al sicuro solo se ci obbedisci\u201d.<\/em><\/li>\n<\/ul>\n\n<h3 class=\"wp-block-heading\">Le moderne forme di politica della paura<\/h3>\n\n<ul class=\"wp-block-list\">\n<li>La <strong>comunicazione del panico nei media e nel governo<\/strong>: immagini shock, numeri di morti, scenari apocalittici.<\/li>\n\n\n\n<li><strong>Generazione di ostracismo sociale<\/strong>: chi non \u00e8 d \u201caccordo rischia l\u201d emarginazione, la perdita del lavoro o la diffamazione da parte dei media.<\/li>\n\n\n\n<li><strong>Ricatto attraverso la paura<\/strong>: \u201cSe non ti vaccini, perderai il lavoro\u201d. - \u201cSe non ti vaccini, metterai in pericolo gli altri\u201d.<\/li>\n<\/ul>\n\n<p class=\"wp-block-paragraph\">Queste forme di politica sono profondamente antidemocratiche. Impediscono il dibattito, bloccano il giudizio individuale e creano un clima di impotenza.<\/p>\n\n<h3 class=\"wp-block-heading\">Perch\u00e9 la paura \u00e8 cos\u00ec efficace - e cos\u00ec pericolosa<\/h3>\n\n<p class=\"wp-block-paragraph\">La paura \u00e8 un riflesso arcaico. Restringe la visuale, paralizza la mente e ci spinge a cercare l&#8217;autorit\u00e0, anche se questa autorit\u00e0 \u00e8 distruttiva. Chi ha paura vuole sicurezza ed \u00e8 pronto a sacrificare la libert\u00e0 per ottenerla.<\/p>\n\n<p class=\"wp-block-paragraph\">Ma la sicurezza basata sulla paura non \u00e8 una vera sicurezza. \u00c8 un&#8217;illusione e una cessione di sovranit\u00e0.<\/p>\n\n<h3 class=\"wp-block-heading\">Ci\u00f2 di cui ha bisogno una societ\u00e0 libera<\/h3>\n\n<ul class=\"wp-block-list\">\n<li><strong>Coraggio anzich\u00e9 allarmismo<\/strong><\/li>\n\n\n\n<li><strong>Chiarimenti al posto di fondali minacciosi<\/strong><\/li>\n\n\n\n<li><strong>Empatia invece di divisione<\/strong><\/li>\n\n\n\n<li><strong>Responsabilit\u00e0 invece di controllo esterno<\/strong><\/li>\n<\/ul>\n\n<p class=\"wp-block-paragraph\">L&#8217;azione di governo deve essere basata sulla ragione, sulla trasparenza e sulla fiducia. Non lo shock, il senso di colpa e la vergogna.<\/p>\n\n<h3 class=\"wp-block-heading\">La nostra posizione<\/h3>\n\n<p class=\"wp-block-paragraph\">We2030 \u00e8 sinonimo di una nuova cultura politica basata sulla fiducia e non sulla paura. Riconosciamo questo: La paura come mezzo di controllo \u00e8 sempre un segno di debolezza, mai di autorit\u00e0 legittima.<\/p>\n\n<p class=\"wp-block-paragraph\"><strong>La paura non \u00e8 uno strumento legittimo di governo, \u00e8 lo strumento della tirannia.<\/strong><\/p>\n","protected":false},"excerpt":{"rendered":"<p>Spiegazione e giustificazione I governi che controllano le loro popolazioni attraverso la paura hanno perso la loro bussola morale.Perch\u00e9 la paura paralizza, divide e soggioga. Non porta alla maturit\u00e0, ma all&#8217;obbedienza, non alla responsabilit\u00e0, ma alla sottomissione. Una societ\u00e0 che agisce per paura non agisce liberamente. La leadership democratica si basa sulla fiducia, non sulla [&hellip;]<\/p>\n","protected":false},"author":112514394,"featured_media":407,"comment_status":"open","ping_status":"open","sticky":false,"template":"","format":"standard","meta":{"_crdt_document":"","advanced_seo_description":"","jetpack_seo_html_title":"","jetpack_seo_noindex":false,"_jetpack_newsletter_access":"","_jetpack_dont_email_post_to_subs":false,"_jetpack_newsletter_tier_id":0,"_jetpack_memberships_contains_paywalled_content":false,"_jetpack_memberships_contains_paid_content":false,"footnotes":"","jetpack_publicize_message":"","jetpack_publicize_feature_enabled":true,"jetpack_social_post_already_shared":true,"jetpack_social_options":{"image_generator_settings":{"template":"highway","default_image_id":0,"font":"","enabled":false},"version":2},"_wpas_customize_per_network":false,"jetpack_post_was_ever_published":false},"categories":[10096793],"tags":[],"class_list":["post-823","post","type-post","status-publish","format-standard","has-post-thumbnail","hentry","category-italiano"],"jetpack_publicize_connections":[],"jetpack_featured_media_url":"https:\/\/i0.wp.com\/wir2030.com\/wp-content\/uploads\/2025\/05\/image-6.png?fit=1024%2C768&ssl=1","jetpack_likes_enabled":true,"jetpack_sharing_enabled":true,"jetpack_shortlink":"https:\/\/wp.me\/pgv6KY-dh","jetpack-related-posts":[{"id":1390,"url":"https:\/\/wir2030.com\/it\/2025\/06\/04\/tesi-87-il-controllo-non-genera-fiducia\/","url_meta":{"origin":823,"position":0},"title":"Tesi 87: Il controllo non genera fiducia.","author":"boschimo","date":"4 Giugno 2025","format":false,"excerpt":"Spiegazione e giustificazione La fiducia \u00e8 un bene vivo. Non \u00e8 creata da regolamenti, telecamere o coercizione.La fiducia \u00e8 un'offerta, non un ordine. Prospera nello spazio della libert\u00e0 e soffoca sotto il peso della sorveglianza. Ma il mondo moderno sembra aver dimenticato questo principio.Al posto dell \u201cintegrit\u00e0 e del dialogo,\u2026","rel":"","context":"In &quot;Italiano&quot;","block_context":{"text":"Italiano","link":"https:\/\/wir2030.com\/it\/category\/italiano\/"},"img":{"alt_text":"","src":"https:\/\/i0.wp.com\/wir2030.com\/wp-content\/uploads\/2025\/05\/image-34.png?fit=1024%2C768&ssl=1&resize=350%2C200","width":350,"height":200,"srcset":"https:\/\/i0.wp.com\/wir2030.com\/wp-content\/uploads\/2025\/05\/image-34.png?fit=1024%2C768&ssl=1&resize=350%2C200 1x, https:\/\/i0.wp.com\/wir2030.com\/wp-content\/uploads\/2025\/05\/image-34.png?fit=1024%2C768&ssl=1&resize=525%2C300 1.5x, https:\/\/i0.wp.com\/wir2030.com\/wp-content\/uploads\/2025\/05\/image-34.png?fit=1024%2C768&ssl=1&resize=700%2C400 2x"},"classes":[]},{"id":736,"url":"https:\/\/wir2030.com\/it\/2025\/05\/21\/tesi-21-ogni-societa-ha-bisogno-di-informatori-non-di-delatori\/","url_meta":{"origin":823,"position":1},"title":"Tesi 21: Ogni societ\u00e0 ha bisogno di informatori, non di delatori.","author":"boschimo","date":"21 Maggio 2025","format":false,"excerpt":"Spiegazione e giustificazione Una societ\u00e0 sana prospera grazie all'educazione, alla trasparenza e alla capacit\u00e0 di autocorreggersi.Per farlo, ha bisogno di persone coraggiose che mettano in evidenza i problemi, non di chi controlla i propri simili.Gli informatori sono un segno di integrit\u00e0. Gli informatori sono un segno della regola della paura.\u2026","rel":"","context":"In &quot;Italiano&quot;","block_context":{"text":"Italiano","link":"https:\/\/wir2030.com\/it\/category\/italiano\/"},"img":{"alt_text":"","src":"https:\/\/i0.wp.com\/wir2030.com\/wp-content\/uploads\/2025\/05\/image-18.png?fit=1024%2C768&ssl=1&resize=350%2C200","width":350,"height":200,"srcset":"https:\/\/i0.wp.com\/wir2030.com\/wp-content\/uploads\/2025\/05\/image-18.png?fit=1024%2C768&ssl=1&resize=350%2C200 1x, https:\/\/i0.wp.com\/wir2030.com\/wp-content\/uploads\/2025\/05\/image-18.png?fit=1024%2C768&ssl=1&resize=525%2C300 1.5x, https:\/\/i0.wp.com\/wir2030.com\/wp-content\/uploads\/2025\/05\/image-18.png?fit=1024%2C768&ssl=1&resize=700%2C400 2x"},"classes":[]},{"id":850,"url":"https:\/\/wir2030.com\/it\/2025\/05\/17\/tesi-8-la-sorveglianza-digitale-cancella-la-liberta-non-il-virus\/","url_meta":{"origin":823,"position":2},"title":"Tesi 8: La sorveglianza digitale cancella la libert\u00e0, non il virus.","author":"boschimo","date":"17 Maggio 2025","format":false,"excerpt":"Spiegazione e giustificazione La digitalizzazione pu\u00f2 essere uno strumento di liberazione o di controllo.Pu\u00f2 facilitare la comunicazione, l \u201caccesso alla conoscenza e alle cure mediche o trasformarsi nel pi\u00f9 grande apparato di sorveglianza della storia dell\u201d umanit\u00e0.La differenza sta nell \u201cobiettivo e nell\u201d intenzione che lo sottende. Questa tesi mette\u2026","rel":"","context":"In &quot;Italiano&quot;","block_context":{"text":"Italiano","link":"https:\/\/wir2030.com\/it\/category\/italiano\/"},"img":{"alt_text":"","src":"https:\/\/i0.wp.com\/wir2030.com\/wp-content\/uploads\/2025\/05\/image-9.png?fit=1024%2C768&ssl=1&resize=350%2C200","width":350,"height":200,"srcset":"https:\/\/i0.wp.com\/wir2030.com\/wp-content\/uploads\/2025\/05\/image-9.png?fit=1024%2C768&ssl=1&resize=350%2C200 1x, https:\/\/i0.wp.com\/wir2030.com\/wp-content\/uploads\/2025\/05\/image-9.png?fit=1024%2C768&ssl=1&resize=525%2C300 1.5x, https:\/\/i0.wp.com\/wir2030.com\/wp-content\/uploads\/2025\/05\/image-9.png?fit=1024%2C768&ssl=1&resize=700%2C400 2x"},"classes":[]},{"id":1140,"url":"https:\/\/wir2030.com\/it\/2025\/05\/27\/tesi-44-la-fiducia-nelle-istituzioni-non-sostituisce-la-responsabilita-personale\/","url_meta":{"origin":823,"position":3},"title":"Tesi 44: La fiducia nelle istituzioni non sostituisce la responsabilit\u00e0 personale.","author":"boschimo","date":"27 Maggio 2025","format":false,"excerpt":"Spiegazione e giustificazione Le istituzioni sono create per le persone, non il contrario.Ma in tempi di crisi si verifica regolarmente il contrario:Invece di pensare, esaminare e agire in modo indipendente, molte persone si aggrappano ad autorit\u00e0, consigli di esperti e organizzazioni sovranazionali come se fossero una verit\u00e0 superiore.Delegano la responsabilit\u00e0\u2026","rel":"","context":"In &quot;Italiano&quot;","block_context":{"text":"Italiano","link":"https:\/\/wir2030.com\/it\/category\/italiano\/"},"img":{"alt_text":"","src":"https:\/\/i0.wp.com\/wir2030.com\/wp-content\/uploads\/2025\/05\/male-einen-menschen-der-einem-polizisten-das-grundgesetz-wie-eine.png?fit=1024%2C768&ssl=1&resize=350%2C200","width":350,"height":200,"srcset":"https:\/\/i0.wp.com\/wir2030.com\/wp-content\/uploads\/2025\/05\/male-einen-menschen-der-einem-polizisten-das-grundgesetz-wie-eine.png?fit=1024%2C768&ssl=1&resize=350%2C200 1x, https:\/\/i0.wp.com\/wir2030.com\/wp-content\/uploads\/2025\/05\/male-einen-menschen-der-einem-polizisten-das-grundgesetz-wie-eine.png?fit=1024%2C768&ssl=1&resize=525%2C300 1.5x, https:\/\/i0.wp.com\/wir2030.com\/wp-content\/uploads\/2025\/05\/male-einen-menschen-der-einem-polizisten-das-grundgesetz-wie-eine.png?fit=1024%2C768&ssl=1&resize=700%2C400 2x"},"classes":[]},{"id":1278,"url":"https:\/\/wir2030.com\/it\/2025\/05\/31\/tesi-14-chiunque-censuri-le-critiche-ha-qualcosa-da-nascondere\/","url_meta":{"origin":823,"position":4},"title":"Tesi 14: Chiunque censuri le critiche ha qualcosa da nascondere.","author":"boschimo","date":"31 Maggio 2025","format":false,"excerpt":"Spiegazione e giustificazione La critica \u00e8 il polso di ogni societ\u00e0 libera.\u00c8 il segno vivente di una democrazia, il sistema di allarme precoce del potere, il correttivo degli errori istituzionali.Dove la critica \u00e8 consentita, il potere pu\u00f2 essere messo in discussione, scrutato e corretto.Dove viene soppressa, crescono l'arbitrio, la corruzione\u2026","rel":"","context":"In &quot;Italiano&quot;","block_context":{"text":"Italiano","link":"https:\/\/wir2030.com\/it\/category\/italiano\/"},"img":{"alt_text":"","src":"https:\/\/i0.wp.com\/wir2030.com\/wp-content\/uploads\/2025\/05\/2025-05-26-10.49.58-AM.png?fit=626%2C524&ssl=1&resize=350%2C200","width":350,"height":200,"srcset":"https:\/\/i0.wp.com\/wir2030.com\/wp-content\/uploads\/2025\/05\/2025-05-26-10.49.58-AM.png?fit=626%2C524&ssl=1&resize=350%2C200 1x, https:\/\/i0.wp.com\/wir2030.com\/wp-content\/uploads\/2025\/05\/2025-05-26-10.49.58-AM.png?fit=626%2C524&ssl=1&resize=525%2C300 1.5x"},"classes":[]},{"id":1268,"url":"https:\/\/wir2030.com\/it\/2025\/05\/29\/tesi-24-chi-indottrina-i-giovani-distrugge-la-fiducia-nel-futuro\/","url_meta":{"origin":823,"position":5},"title":"Tesi 24: Chi indottrina i giovani distrugge la fiducia nel futuro.","author":"boschimo","date":"29 Maggio 2025","format":false,"excerpt":"Spiegazione e giustificazioneI giovani hanno bisogno di libert\u00e0, non di istruzione, non di paura, non di rieducazione politica.I giovani sono il respiro fresco di una societ\u00e0. Sono critici, creativi, contraddittori e pieni di domande.Chiunque sostituisca questo naturale impulso alla conoscenza con l'indottrinamento sta soffocando il futuro alle sue radici. Questa\u2026","rel":"","context":"In &quot;Italiano&quot;","block_context":{"text":"Italiano","link":"https:\/\/wir2030.com\/it\/category\/italiano\/"},"img":{"alt_text":"","src":"https:\/\/i0.wp.com\/wir2030.com\/wp-content\/uploads\/2025\/05\/male-kinder-die-cowboy-und-indianer-spielen-ohne-waffen.png?fit=1024%2C768&ssl=1&resize=350%2C200","width":350,"height":200,"srcset":"https:\/\/i0.wp.com\/wir2030.com\/wp-content\/uploads\/2025\/05\/male-kinder-die-cowboy-und-indianer-spielen-ohne-waffen.png?fit=1024%2C768&ssl=1&resize=350%2C200 1x, https:\/\/i0.wp.com\/wir2030.com\/wp-content\/uploads\/2025\/05\/male-kinder-die-cowboy-und-indianer-spielen-ohne-waffen.png?fit=1024%2C768&ssl=1&resize=525%2C300 1.5x, https:\/\/i0.wp.com\/wir2030.com\/wp-content\/uploads\/2025\/05\/male-kinder-die-cowboy-und-indianer-spielen-ohne-waffen.png?fit=1024%2C768&ssl=1&resize=700%2C400 2x"},"classes":[]}],"_links":{"self":[{"href":"https:\/\/wir2030.com\/it\/wp-json\/wp\/v2\/posts\/823","targetHints":{"allow":["GET"]}}],"collection":[{"href":"https:\/\/wir2030.com\/it\/wp-json\/wp\/v2\/posts"}],"about":[{"href":"https:\/\/wir2030.com\/it\/wp-json\/wp\/v2\/types\/post"}],"author":[{"embeddable":true,"href":"https:\/\/wir2030.com\/it\/wp-json\/wp\/v2\/users\/112514394"}],"replies":[{"embeddable":true,"href":"https:\/\/wir2030.com\/it\/wp-json\/wp\/v2\/comments?post=823"}],"version-history":[{"count":1,"href":"https:\/\/wir2030.com\/it\/wp-json\/wp\/v2\/posts\/823\/revisions"}],"predecessor-version":[{"id":825,"href":"https:\/\/wir2030.com\/it\/wp-json\/wp\/v2\/posts\/823\/revisions\/825"}],"wp:featuredmedia":[{"embeddable":true,"href":"https:\/\/wir2030.com\/it\/wp-json\/wp\/v2\/media\/407"}],"wp:attachment":[{"href":"https:\/\/wir2030.com\/it\/wp-json\/wp\/v2\/media?parent=823"}],"wp:term":[{"taxonomy":"category","embeddable":true,"href":"https:\/\/wir2030.com\/it\/wp-json\/wp\/v2\/categories?post=823"},{"taxonomy":"post_tag","embeddable":true,"href":"https:\/\/wir2030.com\/it\/wp-json\/wp\/v2\/tags?post=823"}],"curies":[{"name":"wp","href":"https:\/\/api.w.org\/{rel}","templated":true}]}}