{"id":802,"date":"2025-05-17T12:54:11","date_gmt":"2025-05-17T09:54:11","guid":{"rendered":"https:\/\/wir2030.com\/2025\/05\/17\/tesi-3-la-dittatura-inizia-quando-i-media-sono-sincronizzati\/"},"modified":"2025-05-22T09:54:39","modified_gmt":"2025-05-22T06:54:39","slug":"tesi-3-la-dittatura-inizia-quando-i-media-sono-sincronizzati","status":"publish","type":"post","link":"https:\/\/wir2030.com\/it\/2025\/05\/17\/tesi-3-la-dittatura-inizia-quando-i-media-sono-sincronizzati\/","title":{"rendered":"Tesi 3: La dittatura inizia quando i media sono sincronizzati."},"content":{"rendered":"\n<h3 class=\"wp-block-heading\">Spiegazione e giustificazione<\/h3>\n\n<p class=\"wp-block-paragraph\">Una societ\u00e0 libera prospera grazie a un discorso aperto, allo scontro di opinioni e alla competizione di idee. I media svolgono un ruolo fondamentale in questo senso: devono informare, illuminare e controllare, non indottrinare. Sono il quarto pilastro non ufficiale della separazione dei poteri.  <\/p>\n\n<p class=\"wp-block-paragraph\">Tuttavia, quando tutti i principali media parlano con una sola voce, quando il dissenso non ha pi\u00f9 luogo, quando i punti di vista alternativi vengono diffamati o censurati, allora l \u201cobiettivo non \u00e8 pi\u00f9 l\u201d illuminazione, ma il controllo.  <strong>Poi inizia la transizione verso la dittatura.<\/strong><\/p>\n\n<p class=\"wp-block-paragraph\">Gleichschaltung non significa solo censura di Stato. Pu\u00f2 anche derivare dal potere economico, dalle reti ideologiche, dalle dipendenze politiche o dall&#8217;autocensura silenziosa. Il risultato \u00e8 lo stesso: <strong>i cittadini non ricevono pi\u00f9 la verit\u00e0, ma una narrazione orchestrata<\/strong>.  <\/p>\n\n<h3 class=\"wp-block-heading\">Esperienza storica<\/h3>\n\n<p class=\"wp-block-paragraph\">La storia fornisce esempi spaventosamente chiari:<\/p>\n\n<ul class=\"wp-block-list\">\n<li>Nel Terzo Reich, tutti i giornali indipendenti furono banditi o messi in riga. Joseph Goebbels disse: <em>&#8220;La libert\u00e0 di stampa \u00e8 la libert\u00e0 di 200 persone ricche di diffondere le loro opinioni&#8221;.<\/em> E con questo intendeva obbligarli ad avere un&#8217;unica opinione. <\/li>\n\n\n\n<li>Nella DDR, la stampa, la radio e la televisione erano controllate direttamente dal Politburo. Le critiche al governo erano un reato penale. <\/li>\n\n\n\n<li>Nelle democrazie moderne, il livellamento \u00e8 pi\u00f9 sottile: attraverso regolamenti linguistici, sistemi di incentivi, lobbismo, \u201cfact-checkers\u201d, controllo degli algoritmi e linee editoriali controllate politicamente.<\/li>\n<\/ul>\n\n<h3 class=\"wp-block-heading\">Segni della sincronizzazione odierna<\/h3>\n\n<ul class=\"wp-block-list\">\n<li>Sempre gli stessi titoli su tutti i principali quotidiani.<\/li>\n\n\n\n<li>Diffamazione dei dissidenti come \u201cteorici della cospirazione\u201d, \u201cnemici della democrazia\u201d o \u201cdi destra\u201d.<\/li>\n\n\n\n<li>Silenzio totale sulla critica scientifica alle decisioni politiche.<\/li>\n\n\n\n<li>Stretti legami personali e finanziari tra politica, media e aziende.<\/li>\n\n\n\n<li>Dipendenza di molti media dalle sovvenzioni statali o dalle campagne pubblicitarie.<\/li>\n<\/ul>\n\n<h3 class=\"wp-block-heading\">Perch\u00e9 \u00e8 pericoloso<\/h3>\n\n<p class=\"wp-block-paragraph\">Se i media non riportano pi\u00f9 informazioni critiche, ma proteggono una linea di governo o interessi economici, la popolazione perde la possibilit\u00e0 di prendere decisioni informate.  <strong>Una democrazia senza diversit\u00e0 dei media \u00e8 come un corpo senza sistema immunitario, suscettibile a qualsiasi forma di manipolazione.<\/strong><\/p>\n\n<p class=\"wp-block-paragraph\">E quando non c \u201c\u00e8 pi\u00f9 controllo, c\u201d \u00e8 un abuso di potere. Non forse, ma inevitabilmente. <\/p>\n\n<h3 class=\"wp-block-heading\">La nostra posizione<\/h3>\n\n<p class=\"wp-block-paragraph\">We2030 chiede un&#8217;autentica diversit\u00e0 dei media, giornalisti indipendenti, finanziamenti trasparenti e la libera diffusione di punti di vista alternativi - senza censura, senza repressione, senza distruzione della reputazione.<\/p>\n\n<p class=\"wp-block-paragraph\"><strong>Perch\u00e9 dove i media sono allineati, non solo inizia la dittatura, ma da l\u00ec viene anche difesa.<\/strong><\/p>\n\n<div class=\"wp-block-comments\">\n\n\n\n\n\n\n\t\t<div id=\"respond\" class=\"comment-respond wp-block-post-comments-form\">\n\t\t\t<h3 id=\"reply-title\" class=\"comment-reply-title\">Rispondi<small><a rel=\"nofollow\" id=\"cancel-comment-reply-link\" href=\"\/it\/wp-json\/wp\/v2\/posts\/802#respond\" style=\"display:none;\">Annulla risposta<\/a><\/small><\/h3>\t\t\t<form id=\"commentform\" class=\"comment-form\">\n\t\t\t\t<iframe\n\t\t\t\t\ttitle=\"modulo dei commenti\"\n\t\t\t\t\tsrc=\"https:\/\/jetpack.wordpress.com\/jetpack-comment\/?blogid=243835520&#038;postid=802&#038;comment_registration=0&#038;require_name_email=1&#038;stc_enabled=1&#038;stb_enabled=1&#038;show_avatars=1&#038;avatar_default=identicon&#038;greeting=Rispondi&#038;jetpack_comments_nonce=197152d672&#038;greeting_reply=Rispondi+a+%25s&#038;color_scheme=light&#038;lang=it_IT&#038;jetpack_version=15.8-a.5&#038;iframe_unique_id=1&#038;show_cookie_consent=10&#038;has_cookie_consent=0&#038;is_current_user_subscribed=0&#038;token_key=%3Bnormal%3B&#038;sig=7706982c4dc2d7c1b516b46368ed5bd7685c38fe#parent=https%3A%2F%2Fwir2030.com%2Fit%2Fwp-json%2Fwp%2Fv2%2Fposts%2F802\"\n\t\t\t\t\t\t\t\t\t\t\tname=\"jetpack_remote_comment\"\n\t\t\t\t\t\tstyle=\"width:100%; height: 430px; border:0;\"\n\t\t\t\t\t\t\t\t\t\tclass=\"jetpack_remote_comment\"\n\t\t\t\t\tid=\"jetpack_remote_comment\"\n\t\t\t\t\tsandbox=\"allow-same-origin allow-top-navigation allow-scripts allow-forms allow-popups\"\n\t\t\t\t>\n\t\t\t\t\t\t\t\t\t<\/iframe>\n\t\t\t\t\t\t\t\t\t<!--[if !IE]><!-->\n\t\t\t\t\t","protected":false},"excerpt":{"rendered":"<p>Spiegazione e giustificazione Una societ\u00e0 libera prospera grazie a un discorso aperto, allo scontro di opinioni e alla competizione di idee. I media svolgono un ruolo fondamentale in questo senso: devono informare, illuminare e controllare, non indottrinare. Sono il quarto pilastro non ufficiale della separazione dei poteri. Tuttavia, quando tutti i principali media parlano con [&hellip;]<\/p>\n","protected":false},"author":112514394,"featured_media":397,"comment_status":"open","ping_status":"open","sticky":false,"template":"","format":"standard","meta":{"_crdt_document":"","advanced_seo_description":"","jetpack_seo_html_title":"","jetpack_seo_noindex":false,"_jetpack_newsletter_access":"","_jetpack_dont_email_post_to_subs":false,"_jetpack_newsletter_tier_id":0,"_jetpack_memberships_contains_paywalled_content":false,"_jetpack_memberships_contains_paid_content":false,"footnotes":"","jetpack_publicize_message":"","jetpack_publicize_feature_enabled":true,"jetpack_social_post_already_shared":true,"jetpack_social_options":{"image_generator_settings":{"template":"highway","default_image_id":0,"font":"","enabled":false},"version":2},"_wpas_customize_per_network":false,"jetpack_post_was_ever_published":false},"categories":[10096800],"tags":[],"class_list":["post-802","post","type-post","status-publish","format-standard","has-post-thumbnail","hentry","category-non-classificato"],"jetpack_publicize_connections":[],"jetpack_featured_media_url":"https:\/\/i0.wp.com\/wir2030.com\/wp-content\/uploads\/2025\/05\/image-4.png?fit=1024%2C768&ssl=1","jetpack_likes_enabled":true,"jetpack_sharing_enabled":true,"jetpack_shortlink":"https:\/\/wp.me\/pgv6KY-cW","jetpack-related-posts":[{"id":1389,"url":"https:\/\/wir2030.com\/it\/2025\/06\/02\/tesi-67-il-totalitarismo-non-inizia-con-le-catene-ma-con-la-perdita-di-responsabilita\/","url_meta":{"origin":802,"position":0},"title":"Tesi 67: Il totalitarismo non inizia con le catene, ma con la perdita di responsabilit\u00e0.","author":"boschimo","date":"2 Giugno 2025","format":false,"excerpt":"Spiegazione e giustificazione I sistemi totalitari raramente sono accompagnati da uniformi, sirene o violenza.Spesso si presentano come amichevoli aiutanti - come autorit\u00e0 sanitarie, consulenti per la sicurezza, salvatori del clima, protettori dell \u201cinfanzia o agenzie per l\u201d innovazione digitale.Fanno appello al bene, parlano di responsabilit\u00e0 - ma significano obbedienza. Il\u2026","rel":"","context":"In &quot;Italiano&quot;","block_context":{"text":"Italiano","link":"https:\/\/wir2030.com\/it\/category\/italiano\/"},"img":{"alt_text":"","src":"https:\/\/i0.wp.com\/wir2030.com\/wp-content\/uploads\/2025\/05\/image-33.png?fit=1024%2C768&ssl=1&resize=350%2C200","width":350,"height":200,"srcset":"https:\/\/i0.wp.com\/wir2030.com\/wp-content\/uploads\/2025\/05\/image-33.png?fit=1024%2C768&ssl=1&resize=350%2C200 1x, https:\/\/i0.wp.com\/wir2030.com\/wp-content\/uploads\/2025\/05\/image-33.png?fit=1024%2C768&ssl=1&resize=525%2C300 1.5x, https:\/\/i0.wp.com\/wir2030.com\/wp-content\/uploads\/2025\/05\/image-33.png?fit=1024%2C768&ssl=1&resize=700%2C400 2x"},"classes":[]},{"id":1140,"url":"https:\/\/wir2030.com\/it\/2025\/05\/27\/tesi-44-la-fiducia-nelle-istituzioni-non-sostituisce-la-responsabilita-personale\/","url_meta":{"origin":802,"position":1},"title":"Tesi 44: La fiducia nelle istituzioni non sostituisce la responsabilit\u00e0 personale.","author":"boschimo","date":"27 Maggio 2025","format":false,"excerpt":"Spiegazione e giustificazione Le istituzioni sono create per le persone, non il contrario.Ma in tempi di crisi si verifica regolarmente il contrario:Invece di pensare, esaminare e agire in modo indipendente, molte persone si aggrappano ad autorit\u00e0, consigli di esperti e organizzazioni sovranazionali come se fossero una verit\u00e0 superiore.Delegano la responsabilit\u00e0\u2026","rel":"","context":"In &quot;Italiano&quot;","block_context":{"text":"Italiano","link":"https:\/\/wir2030.com\/it\/category\/italiano\/"},"img":{"alt_text":"","src":"https:\/\/i0.wp.com\/wir2030.com\/wp-content\/uploads\/2025\/05\/male-einen-menschen-der-einem-polizisten-das-grundgesetz-wie-eine.png?fit=1024%2C768&ssl=1&resize=350%2C200","width":350,"height":200,"srcset":"https:\/\/i0.wp.com\/wir2030.com\/wp-content\/uploads\/2025\/05\/male-einen-menschen-der-einem-polizisten-das-grundgesetz-wie-eine.png?fit=1024%2C768&ssl=1&resize=350%2C200 1x, https:\/\/i0.wp.com\/wir2030.com\/wp-content\/uploads\/2025\/05\/male-einen-menschen-der-einem-polizisten-das-grundgesetz-wie-eine.png?fit=1024%2C768&ssl=1&resize=525%2C300 1.5x, https:\/\/i0.wp.com\/wir2030.com\/wp-content\/uploads\/2025\/05\/male-einen-menschen-der-einem-polizisten-das-grundgesetz-wie-eine.png?fit=1024%2C768&ssl=1&resize=700%2C400 2x"},"classes":[]},{"id":867,"url":"https:\/\/wir2030.com\/it\/2025\/05\/17\/tesi-9-qualsiasi-misura-senza-dibattito-e-un-colpo-alla-democrazia\/","url_meta":{"origin":802,"position":2},"title":"Tesi 9: Qualsiasi misura senza dibattito \u00e8 un colpo alla democrazia.","author":"boschimo","date":"17 Maggio 2025","format":false,"excerpt":"Spiegazione e giustificazione La democrazia vive di controversie, di scambi aperti di opinioni diverse, di dibattiti pubblici, di critiche, di contro-discorsi e di correzioni. Le decisioni che riguardano tutti non devono mai essere prese nell'ombra. Devono essere sotto gli occhi di tutti, giustificate, esaminate e discusse. Dove finisce il dibattito,\u2026","rel":"","context":"In &quot;Italiano&quot;","block_context":{"text":"Italiano","link":"https:\/\/wir2030.com\/it\/category\/italiano\/"},"img":{"alt_text":"","src":"https:\/\/i0.wp.com\/wir2030.com\/wp-content\/uploads\/2025\/05\/image-10.png?fit=1024%2C768&ssl=1&resize=350%2C200","width":350,"height":200,"srcset":"https:\/\/i0.wp.com\/wir2030.com\/wp-content\/uploads\/2025\/05\/image-10.png?fit=1024%2C768&ssl=1&resize=350%2C200 1x, https:\/\/i0.wp.com\/wir2030.com\/wp-content\/uploads\/2025\/05\/image-10.png?fit=1024%2C768&ssl=1&resize=525%2C300 1.5x, https:\/\/i0.wp.com\/wir2030.com\/wp-content\/uploads\/2025\/05\/image-10.png?fit=1024%2C768&ssl=1&resize=700%2C400 2x"},"classes":[]},{"id":1272,"url":"https:\/\/wir2030.com\/it\/2025\/05\/30\/tesi-32-la-dignita-umana-si-applica-anche-in-uno-stato-di-emergenza\/","url_meta":{"origin":802,"position":3},"title":"Tesi 32: La dignit\u00e0 umana si applica anche in uno stato di emergenza.","author":"boschimo","date":"30 Maggio 2025","format":false,"excerpt":"Spiegazione e giustificazione La dignit\u00e0 umana \u00e8 inviolabile.Questo \u00e8 quanto afferma l'articolo 1 (1) della Legge Fondamentale - e questa frase non \u00e8 un decoro, non \u00e8 una citazione per discorsi commemorativi, non \u00e8 un principio di circostanza.\u00c8 assoluta.Non si applica in modo condizionato, non dipende da situazioni politiche, non\u2026","rel":"","context":"In &quot;Italiano&quot;","block_context":{"text":"Italiano","link":"https:\/\/wir2030.com\/it\/category\/italiano\/"},"img":{"alt_text":"","src":"https:\/\/i0.wp.com\/wir2030.com\/wp-content\/uploads\/2025\/05\/male-gluckliche-europaische-menschen.png?fit=1024%2C768&ssl=1&resize=350%2C200","width":350,"height":200,"srcset":"https:\/\/i0.wp.com\/wir2030.com\/wp-content\/uploads\/2025\/05\/male-gluckliche-europaische-menschen.png?fit=1024%2C768&ssl=1&resize=350%2C200 1x, https:\/\/i0.wp.com\/wir2030.com\/wp-content\/uploads\/2025\/05\/male-gluckliche-europaische-menschen.png?fit=1024%2C768&ssl=1&resize=525%2C300 1.5x, https:\/\/i0.wp.com\/wir2030.com\/wp-content\/uploads\/2025\/05\/male-gluckliche-europaische-menschen.png?fit=1024%2C768&ssl=1&resize=700%2C400 2x"},"classes":[]},{"id":1168,"url":"https:\/\/wir2030.com\/it\/2025\/05\/28\/tesi-71-un-buon-stato-protegge-i-suoi-critici-non-il-suo-potere\/","url_meta":{"origin":802,"position":4},"title":"Tesi 71: Un buon Stato protegge i suoi critici, non il suo potere.","author":"boschimo","date":"28 Maggio 2025","format":false,"excerpt":"Spiegazione e giustificazione La vera maturit\u00e0 di uno Stato non \u00e8 dimostrata dagli applausi della maggioranza,ma da come affronta il dissenso della minoranza. Il consenso \u00e8 comodo, prevedibile, controllabile.Ma la critica \u00e8 scomoda, imprevedibile e quindi preziosa. La critica non \u00e8 un attacco, ma un sistema di allarme precoce.Uno Stato\u2026","rel":"","context":"In &quot;Italiano&quot;","block_context":{"text":"Italiano","link":"https:\/\/wir2030.com\/it\/category\/italiano\/"},"img":{"alt_text":"","src":"https:\/\/i0.wp.com\/wir2030.com\/wp-content\/uploads\/2025\/05\/menschen-verschiedener-meinung-europaer-vor-dem-bundestag-statt-weissem-haus.png?fit=1024%2C768&ssl=1&resize=350%2C200","width":350,"height":200,"srcset":"https:\/\/i0.wp.com\/wir2030.com\/wp-content\/uploads\/2025\/05\/menschen-verschiedener-meinung-europaer-vor-dem-bundestag-statt-weissem-haus.png?fit=1024%2C768&ssl=1&resize=350%2C200 1x, https:\/\/i0.wp.com\/wir2030.com\/wp-content\/uploads\/2025\/05\/menschen-verschiedener-meinung-europaer-vor-dem-bundestag-statt-weissem-haus.png?fit=1024%2C768&ssl=1&resize=525%2C300 1.5x, https:\/\/i0.wp.com\/wir2030.com\/wp-content\/uploads\/2025\/05\/menschen-verschiedener-meinung-europaer-vor-dem-bundestag-statt-weissem-haus.png?fit=1024%2C768&ssl=1&resize=700%2C400 2x"},"classes":[]},{"id":1390,"url":"https:\/\/wir2030.com\/it\/2025\/06\/04\/tesi-87-il-controllo-non-genera-fiducia\/","url_meta":{"origin":802,"position":5},"title":"Tesi 87: Il controllo non genera fiducia.","author":"boschimo","date":"4 Giugno 2025","format":false,"excerpt":"Spiegazione e giustificazione La fiducia \u00e8 un bene vivo. Non \u00e8 creata da regolamenti, telecamere o coercizione.La fiducia \u00e8 un'offerta, non un ordine. Prospera nello spazio della libert\u00e0 e soffoca sotto il peso della sorveglianza. Ma il mondo moderno sembra aver dimenticato questo principio.Al posto dell \u201cintegrit\u00e0 e del dialogo,\u2026","rel":"","context":"In &quot;Italiano&quot;","block_context":{"text":"Italiano","link":"https:\/\/wir2030.com\/it\/category\/italiano\/"},"img":{"alt_text":"","src":"https:\/\/i0.wp.com\/wir2030.com\/wp-content\/uploads\/2025\/05\/image-34.png?fit=1024%2C768&ssl=1&resize=350%2C200","width":350,"height":200,"srcset":"https:\/\/i0.wp.com\/wir2030.com\/wp-content\/uploads\/2025\/05\/image-34.png?fit=1024%2C768&ssl=1&resize=350%2C200 1x, https:\/\/i0.wp.com\/wir2030.com\/wp-content\/uploads\/2025\/05\/image-34.png?fit=1024%2C768&ssl=1&resize=525%2C300 1.5x, https:\/\/i0.wp.com\/wir2030.com\/wp-content\/uploads\/2025\/05\/image-34.png?fit=1024%2C768&ssl=1&resize=700%2C400 2x"},"classes":[]}],"_links":{"self":[{"href":"https:\/\/wir2030.com\/it\/wp-json\/wp\/v2\/posts\/802","targetHints":{"allow":["GET"]}}],"collection":[{"href":"https:\/\/wir2030.com\/it\/wp-json\/wp\/v2\/posts"}],"about":[{"href":"https:\/\/wir2030.com\/it\/wp-json\/wp\/v2\/types\/post"}],"author":[{"embeddable":true,"href":"https:\/\/wir2030.com\/it\/wp-json\/wp\/v2\/users\/112514394"}],"replies":[{"embeddable":true,"href":"https:\/\/wir2030.com\/it\/wp-json\/wp\/v2\/comments?post=802"}],"version-history":[{"count":1,"href":"https:\/\/wir2030.com\/it\/wp-json\/wp\/v2\/posts\/802\/revisions"}],"predecessor-version":[{"id":808,"href":"https:\/\/wir2030.com\/it\/wp-json\/wp\/v2\/posts\/802\/revisions\/808"}],"wp:featuredmedia":[{"embeddable":true,"href":"https:\/\/wir2030.com\/it\/wp-json\/wp\/v2\/media\/397"}],"wp:attachment":[{"href":"https:\/\/wir2030.com\/it\/wp-json\/wp\/v2\/media?parent=802"}],"wp:term":[{"taxonomy":"category","embeddable":true,"href":"https:\/\/wir2030.com\/it\/wp-json\/wp\/v2\/categories?post=802"},{"taxonomy":"post_tag","embeddable":true,"href":"https:\/\/wir2030.com\/it\/wp-json\/wp\/v2\/tags?post=802"}],"curies":[{"name":"wp","href":"https:\/\/api.w.org\/{rel}","templated":true}]}}