{"id":779,"date":"2025-05-18T11:53:26","date_gmt":"2025-05-18T08:53:26","guid":{"rendered":"https:\/\/wir2030.com\/2025\/05\/18\/tesi-95-la-violenza-non-deve-mai-piu-provenire-dallo-stato-ma-solo-dal-popolo\/"},"modified":"2025-05-26T13:17:34","modified_gmt":"2025-05-26T10:17:34","slug":"tesi-95-la-violenza-non-deve-mai-piu-provenire-dallo-stato-ma-solo-dal-popolo","status":"publish","type":"post","link":"https:\/\/wir2030.com\/it\/2025\/05\/18\/tesi-95-la-violenza-non-deve-mai-piu-provenire-dallo-stato-ma-solo-dal-popolo\/","title":{"rendered":"Tesi 95: La violenza non deve mai pi\u00f9 provenire dallo Stato, ma solo dal popolo."},"content":{"rendered":"\n<p class=\"wp-block-paragraph\"><strong>Spiegazione e giustificazione<\/strong><\/p>\n\n<p class=\"wp-block-paragraph\">La storia dell&#8217;umanit\u00e0 \u00e8 anche la storia della violenza - e della sua monopolizzazione.<br\/>Per secoli gli Stati si sono appropriati del <strong>monopolio esclusivo dell&#8217;uso della forza<\/strong> con la motivazione di voler garantire l&#8217;ordine, la sicurezza e la stabilit\u00e0.<br\/>Ma in realt\u00e0, questo monopolio dell&#8217;uso della forza \u00e8 stato <strong>abusato pi\u00f9 volte<\/strong>:<br\/>per l&#8217;oppressione, per il disciplinamento, per la controinsurrezione, per la guerra - contro altri popoli e contro il proprio.<\/p>\n\n<p class=\"wp-block-paragraph\">\u00c8 stato proprio negli anni dal 2020 che questa verit\u00e0 \u00e8 diventata visibile - dolorosamente, ma inequivocabilmente:<br\/>Unit\u00e0 di polizia che picchiano manifestanti pacifici.<br\/>Militari schierati contro il loro stesso popolo.<br\/>Minacce di punizione contro medici, insegnanti, padri di famiglia.<br\/>Tribunali che si sono protetti davanti al potere, non davanti al popolo.<br\/>E tutto questo in nome della salute, dell&#8217;ordine, della protezione.<\/p>\n\n<p class=\"wp-block-paragraph\"><strong>Ma chi protegge il popolo da uno Stato che prevarica?<\/strong><\/p>\n\n<p class=\"wp-block-paragraph\"><strong>La lezione della storia<\/strong><\/p>\n\n<p class=\"wp-block-paragraph\">Nei paesi in cui il popolo era anche fisicamente in grado di difendersi, come negli Stati Uniti con il loro Secondo Emendamento, i governi<br\/>rimasero pi\u00f9 limitati.<br\/>Lo Stato sapeva che <strong>non doveva pi\u00f9 opporsi al cittadino come a un nemico.<\/strong><br\/>Perch\u00e9 l&#8217;arma che potrebbe sottometterlo non \u00e8 solo nelle mani del potere, <strong>ma anche nelle mani del sovrano<\/strong>.<\/p>\n\n<p class=\"wp-block-paragraph\"><strong>Cosa deve cambiare<\/strong><\/p>\n\n<p class=\"wp-block-paragraph\">Un nuovo contratto sociale per un futuro di pace non deve basarsi sul monopolio dello Stato sull&#8217;uso della forza -<br\/>ma sulla <strong>responsabilit\u00e0 dei cittadini liberi.<\/strong><\/p>\n\n<ul class=\"wp-block-list\">\n<li>Lo Stato non dovrebbe possedere armi per colpire il proprio popolo.<\/li>\n\n\n\n<li>Ma i cittadini possono e devono avere il diritto di proteggere se stessi, la propria famiglia, la propria comunit\u00e0 e il proprio Paese - anche contro un governo prepotente, se necessario.<\/li>\n\n\n\n<li>Perch\u00e9 solo chi \u00e8 in grado di difendersi \u00e8 libero.<\/li>\n<\/ul>\n\n<p class=\"wp-block-paragraph\"><strong>La nostra posizione<\/strong><\/p>\n\n<p class=\"wp-block-paragraph\">We2030 dice:<\/p>\n\n<p class=\"wp-block-paragraph\">La violenza non deve mai pi\u00f9 provenire dallo Stato.<br\/>Deve provenire solo dal popolo, <strong>non come attacco, ma come ultima linea di difesa contro l&#8217;ingiustizia<\/strong>.<\/p>\n\n<p class=\"wp-block-paragraph\">Chiediamo la fine del potere armato dello Stato e il ritorno della responsabilit\u00e0 alla societ\u00e0 libera.<br\/>Non per provocare la violenza, ma per <strong>renderla inutile.<\/strong><br\/>Perch\u00e9 nessun regime sar\u00e0 prepotente se sapr\u00e0 che il potere \u00e8 del popolo, non solo sulla carta, ma anche nella realt\u00e0.<\/p>\n\n<p class=\"wp-block-paragraph\"><strong>Tesi 95: La violenza non deve mai pi\u00f9 provenire dallo Stato, ma solo dal popolo.<\/strong><br\/>Perch\u00e9 solo un sovrano armato \u00e8 un sovrano veramente libero.<\/p>\n","protected":false},"excerpt":{"rendered":"<p>Spiegazione e giustificazione La storia dell&#8217;umanit\u00e0 \u00e8 anche la storia della violenza - e della sua monopolizzazione.Per secoli gli Stati si sono appropriati del monopolio esclusivo dell&#8217;uso della forza con la motivazione di voler garantire l&#8217;ordine, la sicurezza e la stabilit\u00e0.Ma in realt\u00e0, questo monopolio dell&#8217;uso della forza \u00e8 stato abusato pi\u00f9 volte:per l&#8217;oppressione, per [&hellip;]<\/p>\n","protected":false},"author":112514394,"featured_media":467,"comment_status":"open","ping_status":"open","sticky":false,"template":"","format":"standard","meta":{"_crdt_document":"","advanced_seo_description":"","jetpack_seo_html_title":"","jetpack_seo_noindex":false,"_jetpack_newsletter_access":"","_jetpack_dont_email_post_to_subs":false,"_jetpack_newsletter_tier_id":0,"_jetpack_memberships_contains_paywalled_content":false,"_jetpack_memberships_contains_paid_content":false,"footnotes":"","jetpack_publicize_message":"","jetpack_publicize_feature_enabled":true,"jetpack_social_post_already_shared":true,"jetpack_social_options":{"image_generator_settings":{"template":"highway","default_image_id":0,"font":"","enabled":false},"version":2},"_wpas_customize_per_network":false,"jetpack_post_was_ever_published":false},"categories":[10096793],"tags":[],"class_list":["post-779","post","type-post","status-publish","format-standard","has-post-thumbnail","hentry","category-italiano"],"jetpack_publicize_connections":[],"jetpack_featured_media_url":"https:\/\/i0.wp.com\/wir2030.com\/wp-content\/uploads\/2025\/05\/image-12.png?fit=1024%2C768&ssl=1","jetpack_likes_enabled":true,"jetpack_sharing_enabled":true,"jetpack_shortlink":"https:\/\/wp.me\/pgv6KY-cz","jetpack-related-posts":[{"id":1278,"url":"https:\/\/wir2030.com\/it\/2025\/05\/31\/tesi-14-chiunque-censuri-le-critiche-ha-qualcosa-da-nascondere\/","url_meta":{"origin":779,"position":0},"title":"Tesi 14: Chiunque censuri le critiche ha qualcosa da nascondere.","author":"boschimo","date":"31 Maggio 2025","format":false,"excerpt":"Spiegazione e giustificazione La critica \u00e8 il polso di ogni societ\u00e0 libera.\u00c8 il segno vivente di una democrazia, il sistema di allarme precoce del potere, il correttivo degli errori istituzionali.Dove la critica \u00e8 consentita, il potere pu\u00f2 essere messo in discussione, scrutato e corretto.Dove viene soppressa, crescono l'arbitrio, la corruzione\u2026","rel":"","context":"In &quot;Italiano&quot;","block_context":{"text":"Italiano","link":"https:\/\/wir2030.com\/it\/category\/italiano\/"},"img":{"alt_text":"","src":"https:\/\/i0.wp.com\/wir2030.com\/wp-content\/uploads\/2025\/05\/2025-05-26-10.49.58-AM.png?fit=626%2C524&ssl=1&resize=350%2C200","width":350,"height":200,"srcset":"https:\/\/i0.wp.com\/wir2030.com\/wp-content\/uploads\/2025\/05\/2025-05-26-10.49.58-AM.png?fit=626%2C524&ssl=1&resize=350%2C200 1x, https:\/\/i0.wp.com\/wir2030.com\/wp-content\/uploads\/2025\/05\/2025-05-26-10.49.58-AM.png?fit=626%2C524&ssl=1&resize=525%2C300 1.5x"},"classes":[]},{"id":704,"url":"https:\/\/wir2030.com\/it\/2025\/05\/23\/tesi-76-la-morale-non-sostituisce-le-liberta-civili\/","url_meta":{"origin":779,"position":1},"title":"Tesi 76: La morale non sostituisce le libert\u00e0 civili.","author":"boschimo","date":"23 Maggio 2025","format":false,"excerpt":"Spiegazione e giustificazione I diritti di libert\u00e0 non sono solo dei bellissimi ideali. Sono scudi costituzionali, eretti contro l'arbitrio della maggioranza, contro l'ingerenza dello Stato e contro la tirannia dell'opinione pubblica.Sono stati raggiunti nel corso dei secoli, non perch\u00e9 le persone possano fare \"la cosa giusta\", ma perch\u00e9 possano decidere\u2026","rel":"","context":"In &quot;Italiano&quot;","block_context":{"text":"Italiano","link":"https:\/\/wir2030.com\/it\/category\/italiano\/"},"img":{"alt_text":"","src":"https:\/\/i0.wp.com\/wir2030.com\/wp-content\/uploads\/2025\/05\/male-einen-goldenen-kafig-anstatt-dem-schwarzen-kafig-und-darin.png?fit=1024%2C768&ssl=1&resize=350%2C200","width":350,"height":200,"srcset":"https:\/\/i0.wp.com\/wir2030.com\/wp-content\/uploads\/2025\/05\/male-einen-goldenen-kafig-anstatt-dem-schwarzen-kafig-und-darin.png?fit=1024%2C768&ssl=1&resize=350%2C200 1x, https:\/\/i0.wp.com\/wir2030.com\/wp-content\/uploads\/2025\/05\/male-einen-goldenen-kafig-anstatt-dem-schwarzen-kafig-und-darin.png?fit=1024%2C768&ssl=1&resize=525%2C300 1.5x, https:\/\/i0.wp.com\/wir2030.com\/wp-content\/uploads\/2025\/05\/male-einen-goldenen-kafig-anstatt-dem-schwarzen-kafig-und-darin.png?fit=1024%2C768&ssl=1&resize=700%2C400 2x"},"classes":[]},{"id":1168,"url":"https:\/\/wir2030.com\/it\/2025\/05\/28\/tesi-71-un-buon-stato-protegge-i-suoi-critici-non-il-suo-potere\/","url_meta":{"origin":779,"position":2},"title":"Tesi 71: Un buon Stato protegge i suoi critici, non il suo potere.","author":"boschimo","date":"28 Maggio 2025","format":false,"excerpt":"Spiegazione e giustificazione La vera maturit\u00e0 di uno Stato non \u00e8 dimostrata dagli applausi della maggioranza,ma da come affronta il dissenso della minoranza. Il consenso \u00e8 comodo, prevedibile, controllabile.Ma la critica \u00e8 scomoda, imprevedibile e quindi preziosa. La critica non \u00e8 un attacco, ma un sistema di allarme precoce.Uno Stato\u2026","rel":"","context":"In &quot;Italiano&quot;","block_context":{"text":"Italiano","link":"https:\/\/wir2030.com\/it\/category\/italiano\/"},"img":{"alt_text":"","src":"https:\/\/i0.wp.com\/wir2030.com\/wp-content\/uploads\/2025\/05\/menschen-verschiedener-meinung-europaer-vor-dem-bundestag-statt-weissem-haus.png?fit=1024%2C768&ssl=1&resize=350%2C200","width":350,"height":200,"srcset":"https:\/\/i0.wp.com\/wir2030.com\/wp-content\/uploads\/2025\/05\/menschen-verschiedener-meinung-europaer-vor-dem-bundestag-statt-weissem-haus.png?fit=1024%2C768&ssl=1&resize=350%2C200 1x, https:\/\/i0.wp.com\/wir2030.com\/wp-content\/uploads\/2025\/05\/menschen-verschiedener-meinung-europaer-vor-dem-bundestag-statt-weissem-haus.png?fit=1024%2C768&ssl=1&resize=525%2C300 1.5x, https:\/\/i0.wp.com\/wir2030.com\/wp-content\/uploads\/2025\/05\/menschen-verschiedener-meinung-europaer-vor-dem-bundestag-statt-weissem-haus.png?fit=1024%2C768&ssl=1&resize=700%2C400 2x"},"classes":[]},{"id":826,"url":"https:\/\/wir2030.com\/it\/2025\/05\/17\/tesi-4-la-coercizione-non-e-protezione-ma-violenza\/","url_meta":{"origin":779,"position":3},"title":"Tesi 4: La coercizione non \u00e8 protezione, ma violenza.","author":"boschimo","date":"17 Maggio 2025","format":false,"excerpt":"Spiegazione e giustificazione Nelle societ\u00e0 moderne, l'azione dello Stato o delle istituzioni viene spesso legittimata con il termine \"protezione\". Si parla di \"protezione della salute\", \"protezione della democrazia\", \"protezione dell'ordine pubblico\". Ma cosa succede se questa \"protezione\" non si basa sull'educazione, sulla partecipazione e sulla libert\u00e0, bens\u00ec sulla coercizione? Coercizione\u2026","rel":"","context":"In &quot;Italiano&quot;","block_context":{"text":"Italiano","link":"https:\/\/wir2030.com\/it\/category\/italiano\/"},"img":{"alt_text":"","src":"https:\/\/i0.wp.com\/wir2030.com\/wp-content\/uploads\/2025\/05\/image-5.png?fit=1024%2C768&ssl=1&resize=350%2C200","width":350,"height":200,"srcset":"https:\/\/i0.wp.com\/wir2030.com\/wp-content\/uploads\/2025\/05\/image-5.png?fit=1024%2C768&ssl=1&resize=350%2C200 1x, https:\/\/i0.wp.com\/wir2030.com\/wp-content\/uploads\/2025\/05\/image-5.png?fit=1024%2C768&ssl=1&resize=525%2C300 1.5x, https:\/\/i0.wp.com\/wir2030.com\/wp-content\/uploads\/2025\/05\/image-5.png?fit=1024%2C768&ssl=1&resize=700%2C400 2x"},"classes":[]},{"id":880,"url":"https:\/\/wir2030.com\/it\/2025\/05\/18\/tesi-35-chiunque-difenda-la-democrazia-non-e-un-estremista\/","url_meta":{"origin":779,"position":4},"title":"Tesi 35: Chiunque difenda la democrazia non \u00e8 un estremista.","author":"boschimo","date":"18 Maggio 2025","format":false,"excerpt":"Spiegazione e giustificazione La democrazia prospera grazie all \u201cimpegno dei suoi cittadini, non alla loro sottomissione.Chiunque la difenda, evidenzi le sue rimostranze, richieda i diritti fondamentali e si opponga all\u201d abuso di potere non agisce in modo radicale, ma democratico. Questa tesi stabilisce un chiaro confine contro una narrazione pericolosa:\u2026","rel":"","context":"In &quot;Italiano&quot;","block_context":{"text":"Italiano","link":"https:\/\/wir2030.com\/it\/category\/italiano\/"},"img":{"alt_text":"","src":"https:\/\/i0.wp.com\/wir2030.com\/wp-content\/uploads\/2025\/05\/image-13.png?fit=1024%2C768&ssl=1&resize=350%2C200","width":350,"height":200,"srcset":"https:\/\/i0.wp.com\/wir2030.com\/wp-content\/uploads\/2025\/05\/image-13.png?fit=1024%2C768&ssl=1&resize=350%2C200 1x, https:\/\/i0.wp.com\/wir2030.com\/wp-content\/uploads\/2025\/05\/image-13.png?fit=1024%2C768&ssl=1&resize=525%2C300 1.5x, https:\/\/i0.wp.com\/wir2030.com\/wp-content\/uploads\/2025\/05\/image-13.png?fit=1024%2C768&ssl=1&resize=700%2C400 2x"},"classes":[]},{"id":1389,"url":"https:\/\/wir2030.com\/it\/2025\/06\/02\/tesi-67-il-totalitarismo-non-inizia-con-le-catene-ma-con-la-perdita-di-responsabilita\/","url_meta":{"origin":779,"position":5},"title":"Tesi 67: Il totalitarismo non inizia con le catene, ma con la perdita di responsabilit\u00e0.","author":"boschimo","date":"2 Giugno 2025","format":false,"excerpt":"Spiegazione e giustificazione I sistemi totalitari raramente sono accompagnati da uniformi, sirene o violenza.Spesso si presentano come amichevoli aiutanti - come autorit\u00e0 sanitarie, consulenti per la sicurezza, salvatori del clima, protettori dell \u201cinfanzia o agenzie per l\u201d innovazione digitale.Fanno appello al bene, parlano di responsabilit\u00e0 - ma significano obbedienza. Il\u2026","rel":"","context":"In &quot;Italiano&quot;","block_context":{"text":"Italiano","link":"https:\/\/wir2030.com\/it\/category\/italiano\/"},"img":{"alt_text":"","src":"https:\/\/i0.wp.com\/wir2030.com\/wp-content\/uploads\/2025\/05\/image-33.png?fit=1024%2C768&ssl=1&resize=350%2C200","width":350,"height":200,"srcset":"https:\/\/i0.wp.com\/wir2030.com\/wp-content\/uploads\/2025\/05\/image-33.png?fit=1024%2C768&ssl=1&resize=350%2C200 1x, https:\/\/i0.wp.com\/wir2030.com\/wp-content\/uploads\/2025\/05\/image-33.png?fit=1024%2C768&ssl=1&resize=525%2C300 1.5x, https:\/\/i0.wp.com\/wir2030.com\/wp-content\/uploads\/2025\/05\/image-33.png?fit=1024%2C768&ssl=1&resize=700%2C400 2x"},"classes":[]}],"_links":{"self":[{"href":"https:\/\/wir2030.com\/it\/wp-json\/wp\/v2\/posts\/779","targetHints":{"allow":["GET"]}}],"collection":[{"href":"https:\/\/wir2030.com\/it\/wp-json\/wp\/v2\/posts"}],"about":[{"href":"https:\/\/wir2030.com\/it\/wp-json\/wp\/v2\/types\/post"}],"author":[{"embeddable":true,"href":"https:\/\/wir2030.com\/it\/wp-json\/wp\/v2\/users\/112514394"}],"replies":[{"embeddable":true,"href":"https:\/\/wir2030.com\/it\/wp-json\/wp\/v2\/comments?post=779"}],"version-history":[{"count":1,"href":"https:\/\/wir2030.com\/it\/wp-json\/wp\/v2\/posts\/779\/revisions"}],"predecessor-version":[{"id":782,"href":"https:\/\/wir2030.com\/it\/wp-json\/wp\/v2\/posts\/779\/revisions\/782"}],"wp:featuredmedia":[{"embeddable":true,"href":"https:\/\/wir2030.com\/it\/wp-json\/wp\/v2\/media\/467"}],"wp:attachment":[{"href":"https:\/\/wir2030.com\/it\/wp-json\/wp\/v2\/media?parent=779"}],"wp:term":[{"taxonomy":"category","embeddable":true,"href":"https:\/\/wir2030.com\/it\/wp-json\/wp\/v2\/categories?post=779"},{"taxonomy":"post_tag","embeddable":true,"href":"https:\/\/wir2030.com\/it\/wp-json\/wp\/v2\/tags?post=779"}],"curies":[{"name":"wp","href":"https:\/\/api.w.org\/{rel}","templated":true}]}}