{"id":768,"date":"2025-05-19T15:05:08","date_gmt":"2025-05-19T12:05:08","guid":{"rendered":"https:\/\/wir2030.com\/2025\/05\/19\/tesi-51-il-potere-ha-bisogno-di-limitazioni-non-di-liberta\/"},"modified":"2025-05-26T13:17:33","modified_gmt":"2025-05-26T10:17:33","slug":"tesi-51-il-potere-ha-bisogno-di-limitazioni-non-di-liberta","status":"publish","type":"post","link":"https:\/\/wir2030.com\/it\/2025\/05\/19\/tesi-51-il-potere-ha-bisogno-di-limitazioni-non-di-liberta\/","title":{"rendered":"Tesi 51: Il potere ha bisogno di limitazioni, non di libert\u00e0."},"content":{"rendered":"\n<p class=\"wp-block-paragraph\"><strong>Spiegazione e giustificazione<\/strong><\/p>\n\n<p class=\"wp-block-paragraph\"><strong>Il rischio non \u00e8 la libert\u00e0, ma il potere.<\/strong><br\/>Ma in tempi di crisi, paura o incertezza, accade esattamente il contrario:<br\/>Improvvisamente la libert\u00e0 viene limitata, controllata, condizionata, <strong>mentre il potere rivendica sempre nuove libert\u00e0<\/strong>.<\/p>\n\n<p class=\"wp-block-paragraph\">Questa tesi inverte la relazione:<\/p>\n\n<p class=\"wp-block-paragraph\"><strong>Non \u00e8 la libert\u00e0 a dover essere limitata, ma il potere.<\/strong><\/p>\n\n<p class=\"wp-block-paragraph\"><strong>Perch\u00e9 il potere \u00e8 pericoloso, se non \u00e8 controllato<\/strong><\/p>\n\n<ul class=\"wp-block-list\">\n<li>Tende all&#8217;autoconservazione<\/li>\n\n\n\n<li>Si sta espandendo con il pretesto della protezione<\/li>\n\n\n\n<li>Utilizza regole di eccezione per la normalizzazione<\/li>\n\n\n\n<li>Sostituisce la separazione dei poteri con la burocrazia e la tecnocrazia.<\/li>\n\n\n\n<li>Censura, sanziona, controlla<\/li>\n<\/ul>\n\n<p class=\"wp-block-paragraph\"><strong>La storia lo dimostra: Ogni forma di totalitarismo \u00e8 nata da un potere sfrenato, non da un&#8217;eccessiva libert\u00e0.<\/strong><\/p>\n\n<p class=\"wp-block-paragraph\"><strong>Perch\u00e9 la libert\u00e0 non \u00e8 un problema<\/strong><\/p>\n\n<ul class=\"wp-block-list\">\n<li>Crea responsabilit\u00e0<\/li>\n\n\n\n<li>Permette la diversit\u00e0<\/li>\n\n\n\n<li>Permette di sbagliare e di realizzare<\/li>\n\n\n\n<li>Protegge l&#8217;individuo dal collettivismo<\/li>\n\n\n\n<li>\u00c8 <strong>la condizione fondamentale<\/strong> per la verit\u00e0, la creativit\u00e0 e l&#8217;umanit\u00e0.<\/li>\n<\/ul>\n\n<p class=\"wp-block-paragraph\"><strong>La nostra posizione<\/strong><\/p>\n\n<p class=\"wp-block-paragraph\">Le richieste di We2030:<\/p>\n\n<ul class=\"wp-block-list\">\n<li><strong>Limitazione rigorosa dei mezzi di potere statali, economici e tecnocratici.<\/strong><\/li>\n\n\n\n<li>Ripristinare la <strong>separazione dei poteri e il controllo parlamentare<\/strong><\/li>\n\n\n\n<li><strong>Riduzione coerente di tutti i regolamenti di emergenza e speciali<\/strong><\/li>\n\n\n\n<li>Proteggere la libert\u00e0, non solo sulla carta, ma nella vita di tutti i giorni<\/li>\n<\/ul>\n\n<p class=\"wp-block-paragraph\"><strong>Il potere ha bisogno di limiti, non di libert\u00e0.<\/strong><br\/>Chiunque faccia confusione apre la porta all&#8217;arbitrio.<\/p>\n","protected":false},"excerpt":{"rendered":"<p>Spiegazione e giustificazione Il rischio non \u00e8 la libert\u00e0, ma il potere.Ma in tempi di crisi, paura o incertezza, accade esattamente il contrario:Improvvisamente la libert\u00e0 viene limitata, controllata, condizionata, mentre il potere rivendica sempre nuove libert\u00e0. Questa tesi inverte la relazione: Non \u00e8 la libert\u00e0 a dover essere limitata, ma il potere. Perch\u00e9 il potere [&hellip;]<\/p>\n","protected":false},"author":112514394,"featured_media":527,"comment_status":"open","ping_status":"open","sticky":false,"template":"","format":"standard","meta":{"_crdt_document":"","advanced_seo_description":"","jetpack_seo_html_title":"","jetpack_seo_noindex":false,"_jetpack_newsletter_access":"","_jetpack_dont_email_post_to_subs":false,"_jetpack_newsletter_tier_id":0,"_jetpack_memberships_contains_paywalled_content":false,"_jetpack_memberships_contains_paid_content":false,"footnotes":"","jetpack_publicize_message":"","jetpack_publicize_feature_enabled":true,"jetpack_social_post_already_shared":true,"jetpack_social_options":{"image_generator_settings":{"template":"highway","default_image_id":0,"font":"","enabled":false},"version":2},"_wpas_customize_per_network":false,"jetpack_post_was_ever_published":false},"categories":[10096793],"tags":[],"class_list":["post-768","post","type-post","status-publish","format-standard","has-post-thumbnail","hentry","category-italiano"],"jetpack_publicize_connections":[],"jetpack_featured_media_url":"https:\/\/i0.wp.com\/wir2030.com\/wp-content\/uploads\/2025\/05\/image-14.png?fit=1024%2C768&ssl=1","jetpack_likes_enabled":true,"jetpack_sharing_enabled":true,"jetpack_shortlink":"https:\/\/wp.me\/pgv6KY-co","jetpack-related-posts":[{"id":850,"url":"https:\/\/wir2030.com\/it\/2025\/05\/17\/tesi-8-la-sorveglianza-digitale-cancella-la-liberta-non-il-virus\/","url_meta":{"origin":768,"position":0},"title":"Tesi 8: La sorveglianza digitale cancella la libert\u00e0, non il virus.","author":"boschimo","date":"17 Maggio 2025","format":false,"excerpt":"Spiegazione e giustificazione La digitalizzazione pu\u00f2 essere uno strumento di liberazione o di controllo.Pu\u00f2 facilitare la comunicazione, l \u201caccesso alla conoscenza e alle cure mediche o trasformarsi nel pi\u00f9 grande apparato di sorveglianza della storia dell\u201d umanit\u00e0.La differenza sta nell \u201cobiettivo e nell\u201d intenzione che lo sottende. Questa tesi mette\u2026","rel":"","context":"In &quot;Italiano&quot;","block_context":{"text":"Italiano","link":"https:\/\/wir2030.com\/it\/category\/italiano\/"},"img":{"alt_text":"","src":"https:\/\/i0.wp.com\/wir2030.com\/wp-content\/uploads\/2025\/05\/image-9.png?fit=1024%2C768&ssl=1&resize=350%2C200","width":350,"height":200,"srcset":"https:\/\/i0.wp.com\/wir2030.com\/wp-content\/uploads\/2025\/05\/image-9.png?fit=1024%2C768&ssl=1&resize=350%2C200 1x, https:\/\/i0.wp.com\/wir2030.com\/wp-content\/uploads\/2025\/05\/image-9.png?fit=1024%2C768&ssl=1&resize=525%2C300 1.5x, https:\/\/i0.wp.com\/wir2030.com\/wp-content\/uploads\/2025\/05\/image-9.png?fit=1024%2C768&ssl=1&resize=700%2C400 2x"},"classes":[]},{"id":863,"url":"https:\/\/wir2030.com\/it\/2025\/05\/17\/tesi-10-la-liberta-di-espressione-non-e-relativa-e-assoluta\/","url_meta":{"origin":768,"position":1},"title":"Tesi 10: La libert\u00e0 di espressione non \u00e8 relativa, \u00e8 assoluta.","author":"boschimo","date":"17 Maggio 2025","format":false,"excerpt":"Spiegazione e giustificazione La libert\u00e0 di opinione non \u00e8 un privilegio, ma un diritto umano.Non \u00e8 negoziabile, non dipende dalle maggioranze, non \u00e8 limitata dalle ideologie o dallo Zeitgeist.Si applica a tutte le persone, su tutti gli argomenti, in tutti i tempi. Ed \u00e8 particolarmente prezioso quando protegge le opinioni\u2026","rel":"","context":"In &quot;Italiano&quot;","block_context":{"text":"Italiano","link":"https:\/\/wir2030.com\/it\/category\/italiano\/"},"img":{"alt_text":"","src":"https:\/\/i0.wp.com\/wir2030.com\/wp-content\/uploads\/2025\/05\/10-die-meinungsfreiheit-ist-nicht-relativ-sie-ist.png?fit=1024%2C768&ssl=1&resize=350%2C200","width":350,"height":200,"srcset":"https:\/\/i0.wp.com\/wir2030.com\/wp-content\/uploads\/2025\/05\/10-die-meinungsfreiheit-ist-nicht-relativ-sie-ist.png?fit=1024%2C768&ssl=1&resize=350%2C200 1x, https:\/\/i0.wp.com\/wir2030.com\/wp-content\/uploads\/2025\/05\/10-die-meinungsfreiheit-ist-nicht-relativ-sie-ist.png?fit=1024%2C768&ssl=1&resize=525%2C300 1.5x, https:\/\/i0.wp.com\/wir2030.com\/wp-content\/uploads\/2025\/05\/10-die-meinungsfreiheit-ist-nicht-relativ-sie-ist.png?fit=1024%2C768&ssl=1&resize=700%2C400 2x"},"classes":[]},{"id":1385,"url":"https:\/\/wir2030.com\/it\/2025\/06\/06\/tesi-27-la-liberta-non-e-un-privilegio-ma-un-diritto-di-nascita\/","url_meta":{"origin":768,"position":2},"title":"Tesi 27: La libert\u00e0 non \u00e8 un privilegio, ma un diritto di nascita.","author":"boschimo","date":"6 Giugno 2025","format":false,"excerpt":"Spiegazione e giustificazione La libert\u00e0 non \u00e8 un dono concesso dallo Stato. Non \u00e8 un bonus, non \u00e8 una ricompensa per un comportamento conformista, non \u00e8 un'esenzione in tempi di crisi. La libert\u00e0 \u00e8 ci\u00f2 a cui una persona ha diritto fin dalla nascita, non per contratto, ma per dignit\u00e0.\u2026","rel":"","context":"In &quot;Italiano&quot;","block_context":{"text":"Italiano","link":"https:\/\/wir2030.com\/it\/category\/italiano\/"},"img":{"alt_text":"","src":"https:\/\/i0.wp.com\/wir2030.com\/wp-content\/uploads\/2025\/06\/europaische-menschen-feiern-ihre-freiheit-von-der-tyrannei.png?fit=1024%2C768&ssl=1&resize=350%2C200","width":350,"height":200,"srcset":"https:\/\/i0.wp.com\/wir2030.com\/wp-content\/uploads\/2025\/06\/europaische-menschen-feiern-ihre-freiheit-von-der-tyrannei.png?fit=1024%2C768&ssl=1&resize=350%2C200 1x, https:\/\/i0.wp.com\/wir2030.com\/wp-content\/uploads\/2025\/06\/europaische-menschen-feiern-ihre-freiheit-von-der-tyrannei.png?fit=1024%2C768&ssl=1&resize=525%2C300 1.5x, https:\/\/i0.wp.com\/wir2030.com\/wp-content\/uploads\/2025\/06\/europaische-menschen-feiern-ihre-freiheit-von-der-tyrannei.png?fit=1024%2C768&ssl=1&resize=700%2C400 2x"},"classes":[]},{"id":704,"url":"https:\/\/wir2030.com\/it\/2025\/05\/23\/tesi-76-la-morale-non-sostituisce-le-liberta-civili\/","url_meta":{"origin":768,"position":3},"title":"Tesi 76: La morale non sostituisce le libert\u00e0 civili.","author":"boschimo","date":"23 Maggio 2025","format":false,"excerpt":"Spiegazione e giustificazione I diritti di libert\u00e0 non sono solo dei bellissimi ideali. Sono scudi costituzionali, eretti contro l'arbitrio della maggioranza, contro l'ingerenza dello Stato e contro la tirannia dell'opinione pubblica.Sono stati raggiunti nel corso dei secoli, non perch\u00e9 le persone possano fare \"la cosa giusta\", ma perch\u00e9 possano decidere\u2026","rel":"","context":"In &quot;Italiano&quot;","block_context":{"text":"Italiano","link":"https:\/\/wir2030.com\/it\/category\/italiano\/"},"img":{"alt_text":"","src":"https:\/\/i0.wp.com\/wir2030.com\/wp-content\/uploads\/2025\/05\/male-einen-goldenen-kafig-anstatt-dem-schwarzen-kafig-und-darin.png?fit=1024%2C768&ssl=1&resize=350%2C200","width":350,"height":200,"srcset":"https:\/\/i0.wp.com\/wir2030.com\/wp-content\/uploads\/2025\/05\/male-einen-goldenen-kafig-anstatt-dem-schwarzen-kafig-und-darin.png?fit=1024%2C768&ssl=1&resize=350%2C200 1x, https:\/\/i0.wp.com\/wir2030.com\/wp-content\/uploads\/2025\/05\/male-einen-goldenen-kafig-anstatt-dem-schwarzen-kafig-und-darin.png?fit=1024%2C768&ssl=1&resize=525%2C300 1.5x, https:\/\/i0.wp.com\/wir2030.com\/wp-content\/uploads\/2025\/05\/male-einen-goldenen-kafig-anstatt-dem-schwarzen-kafig-und-darin.png?fit=1024%2C768&ssl=1&resize=700%2C400 2x"},"classes":[]},{"id":712,"url":"https:\/\/wir2030.com\/it\/2025\/05\/22\/la-base-comune-delle-95-tesi-di-martin-lutero-e-del-movimento-we2030\/","url_meta":{"origin":768,"position":4},"title":"La base comune delle 95 tesi di Martin Lutero e del movimento We2030","author":"boschimo","date":"22 Maggio 2025","format":false,"excerpt":"La base comune delle 95 tesi di Martin Lutero e del movimento We2030 \u00e8 alla base di entrambe le iniziative: Scoprire gli abusi, denunciare i soprusi e restituire alle persone la loro dignit\u00e0, responsabilit\u00e0 e libert\u00e0. Cosa voleva Martin Lutero con le sue 95 tesi (brevemente riassunte): Martin Lutero non\u2026","rel":"","context":"In &quot;Italiano&quot;","block_context":{"text":"Italiano","link":"https:\/\/wir2030.com\/it\/category\/italiano\/"},"img":{"alt_text":"","src":"https:\/\/i0.wp.com\/wir2030.com\/wp-content\/uploads\/2025\/05\/image-24.png?fit=1024%2C768&ssl=1&resize=350%2C200","width":350,"height":200,"srcset":"https:\/\/i0.wp.com\/wir2030.com\/wp-content\/uploads\/2025\/05\/image-24.png?fit=1024%2C768&ssl=1&resize=350%2C200 1x, https:\/\/i0.wp.com\/wir2030.com\/wp-content\/uploads\/2025\/05\/image-24.png?fit=1024%2C768&ssl=1&resize=525%2C300 1.5x, https:\/\/i0.wp.com\/wir2030.com\/wp-content\/uploads\/2025\/05\/image-24.png?fit=1024%2C768&ssl=1&resize=700%2C400 2x"},"classes":[]},{"id":728,"url":"https:\/\/wir2030.com\/it\/2025\/05\/21\/tesi-34-le-crisi-rivelano-il-carattere-di-chi-detiene-il-potere\/","url_meta":{"origin":768,"position":5},"title":"Tesi 34: Le crisi rivelano il carattere di chi detiene il potere.","author":"boschimo","date":"21 Maggio 2025","format":false,"excerpt":"Spiegazione e giustificazione In tempi normali, \u00e8 facile apparire statisti, scendere a compromessi ed enfatizzare i valori democratici.Ma in tempi di crisi, la maschera cade.Quando il potere \u00e8 sotto pressione, diventa chiaro quale immagine di umanit\u00e0, quale atteggiamento e quale etica guidano effettivamente l'azione politica. Questa tesi \u00e8 un promemoria:\u2026","rel":"","context":"In &quot;Italiano&quot;","block_context":{"text":"Italiano","link":"https:\/\/wir2030.com\/it\/category\/italiano\/"},"img":{"alt_text":"","src":"https:\/\/i0.wp.com\/wir2030.com\/wp-content\/uploads\/2025\/05\/image-19.png?fit=1024%2C768&ssl=1&resize=350%2C200","width":350,"height":200,"srcset":"https:\/\/i0.wp.com\/wir2030.com\/wp-content\/uploads\/2025\/05\/image-19.png?fit=1024%2C768&ssl=1&resize=350%2C200 1x, https:\/\/i0.wp.com\/wir2030.com\/wp-content\/uploads\/2025\/05\/image-19.png?fit=1024%2C768&ssl=1&resize=525%2C300 1.5x, https:\/\/i0.wp.com\/wir2030.com\/wp-content\/uploads\/2025\/05\/image-19.png?fit=1024%2C768&ssl=1&resize=700%2C400 2x"},"classes":[]}],"_links":{"self":[{"href":"https:\/\/wir2030.com\/it\/wp-json\/wp\/v2\/posts\/768","targetHints":{"allow":["GET"]}}],"collection":[{"href":"https:\/\/wir2030.com\/it\/wp-json\/wp\/v2\/posts"}],"about":[{"href":"https:\/\/wir2030.com\/it\/wp-json\/wp\/v2\/types\/post"}],"author":[{"embeddable":true,"href":"https:\/\/wir2030.com\/it\/wp-json\/wp\/v2\/users\/112514394"}],"replies":[{"embeddable":true,"href":"https:\/\/wir2030.com\/it\/wp-json\/wp\/v2\/comments?post=768"}],"version-history":[{"count":1,"href":"https:\/\/wir2030.com\/it\/wp-json\/wp\/v2\/posts\/768\/revisions"}],"predecessor-version":[{"id":773,"href":"https:\/\/wir2030.com\/it\/wp-json\/wp\/v2\/posts\/768\/revisions\/773"}],"wp:featuredmedia":[{"embeddable":true,"href":"https:\/\/wir2030.com\/it\/wp-json\/wp\/v2\/media\/527"}],"wp:attachment":[{"href":"https:\/\/wir2030.com\/it\/wp-json\/wp\/v2\/media?parent=768"}],"wp:term":[{"taxonomy":"category","embeddable":true,"href":"https:\/\/wir2030.com\/it\/wp-json\/wp\/v2\/categories?post=768"},{"taxonomy":"post_tag","embeddable":true,"href":"https:\/\/wir2030.com\/it\/wp-json\/wp\/v2\/tags?post=768"}],"curies":[{"name":"wp","href":"https:\/\/api.w.org\/{rel}","templated":true}]}}