{"id":756,"date":"2025-05-20T11:40:00","date_gmt":"2025-05-20T08:40:00","guid":{"rendered":"https:\/\/wir2030.com\/2025\/05\/20\/tesi-89-se-lo-stato-controlla-tutto-non-ce-spazio-per-la-responsabilita\/"},"modified":"2025-05-26T13:17:33","modified_gmt":"2025-05-26T10:17:33","slug":"tesi-89-se-lo-stato-controlla-tutto-non-ce-spazio-per-la-responsabilita","status":"publish","type":"post","link":"https:\/\/wir2030.com\/it\/2025\/05\/20\/tesi-89-se-lo-stato-controlla-tutto-non-ce-spazio-per-la-responsabilita\/","title":{"rendered":"Tesi 89: Se lo Stato controlla tutto, non c&#8217;\u00e8 spazio per la responsabilit\u00e0."},"content":{"rendered":"\n<p class=\"wp-block-paragraph\"><strong>Spiegazione e giustificazione<\/strong><br\/>La responsabilit\u00e0 inizia quando viene concessa la libert\u00e0.<br\/>Solo chi ha la possibilit\u00e0 di decidere pu\u00f2 essere responsabile.<br\/>Ma se lo Stato regolamenta, controlla, sanziona e prescrive ogni dettaglio,<br\/>priva le persone della possibilit\u00e0 di essere responsabili.<\/p>\n\n<p class=\"wp-block-paragraph\"><strong>Come avviene<\/strong><\/p>\n\n<ul class=\"wp-block-list\">\n<li>La salute viene gestita invece di essere modellata<\/li>\n\n\n\n<li>L&#8217;istruzione \u00e8 controllata invece di essere accompagnata<\/li>\n\n\n\n<li>Le opinioni vengono valutate invece di essere testate<\/li>\n\n\n\n<li>Le decisioni sono predeterminate invece di essere elaborate<\/li>\n\n\n\n<li>Le leggi vengono accumulate invece di essere comprese<\/li>\n\n\n\n<li>I paragrafi sostituiscono la giustizia con la tecnologia<\/li>\n\n\n\n<li>Anche le norme storiche di ingiustizia (dell&#8217;epoca nazista o di Weimar) continuano ad essere applicate.<\/li>\n\n\n\n<li>La decisione caso per caso viene sostituita da un regolamento rigido.<\/li>\n\n\n\n<li>La giurisdizione diventa una specializzazione, non pi\u00f9 un diritto civile<br\/>Questo crea una societ\u00e0 di dipendenti, non di autodeterminati.<\/li>\n<\/ul>\n\n<p class=\"wp-block-paragraph\"><strong>Perch\u00e9 la responsabilit\u00e0 \u00e8 importante<\/strong><\/p>\n\n<ul class=\"wp-block-list\">\n<li>D\u00e0 potere alle persone<\/li>\n\n\n\n<li>Permette di sviluppare l&#8217;empatia e la capacit\u00e0 di giudizio<\/li>\n\n\n\n<li>Rafforza la comunit\u00e0 attraverso la co-progettazione<\/li>\n\n\n\n<li>Permette di commettere errori e di crescere<\/li>\n\n\n\n<li>Chiede il confronto invece dell&#8217;obbedienza<\/li>\n\n\n\n<li>Ha bisogno di una visione d \u201cinsieme, non di richieste eccessive<br\/>Perch\u00e9 chiunque debba assumersi delle responsabilit\u00e0 deve conoscere e capire le regole. Ma oggi questo \u00e8 difficilmente possibile: l\u201d abbondanza di leggi \u00e8 cos\u00ec confusa che anche gli esperti spesso falliscono - e i cittadini comuni hanno rinunciato da tempo. <\/li>\n<\/ul>\n\n<p class=\"wp-block-paragraph\"><strong>La nostra posizione<\/strong><br\/><strong>Noi2030 diciamo:<\/strong><br\/>Una comunit\u00e0 libera non ha bisogno di una giungla burocratica, ma di un quadro giuridico snello e comprensibile che sia supportato dal popolo.<br\/>Il numero di leggi deve essere ridotto all \u201cessenziale, cos\u00ec gestibile da poter essere insegnato nelle scuole.<br\/>Non a caso Dio ha dato all\u201d umanit\u00e0 <strong>dieci comandamenti<\/strong>, e non una serie legalistica.<\/p>\n\n<p class=\"wp-block-paragraph\"><strong>Ogni legge ha bisogno di una data di scadenza.<\/strong><br\/>Le leggi non devono essere valide per sempre, ma devono avere una <strong>vita media<\/strong> dopo la quale vengono riviste e confermate, adattate o cancellate. Questo \u00e8 l \u201cunico modo per evitare che vecchi modi di pensare e strutture autoritarie si trascinino inosservate nel futuro.<br\/>Questo \u00e8 l\u201d unico modo per dare ai giudici, agli avvocati difensori e ai cittadini la libert\u00e0 di cui hanno bisogno per lottare per una vera giustizia in ogni singolo caso, invece di aggrapparsi ciecamente a regolamenti antiquati. <\/p>\n\n<p class=\"wp-block-paragraph\"><strong>Un sistema legale veramente giusto deve essere cos\u00ec comprensibile che tutti possano difendersi da soli, senza dover studiare legge.<\/strong><br\/>Perch\u00e9 solo ci\u00f2 che le persone possono capire pu\u00f2 essere percepito come giusto.<\/p>\n\n<p class=\"wp-block-paragraph\"><strong>La responsabilit\u00e0 non \u00e8 un rischio che lo Stato deve minimizzare, ma una dignit\u00e0 che deve proteggere.<\/strong><br\/>Dove lo Stato controlla tutto, non educa cittadini, ma sudditi.<br\/>E una societ\u00e0 senza responsabilit\u00e0 non \u00e8 una societ\u00e0 libera.<\/p>\n","protected":false},"excerpt":{"rendered":"<p>Spiegazione e giustificazioneLa responsabilit\u00e0 inizia quando viene concessa la libert\u00e0.Solo chi ha la possibilit\u00e0 di decidere pu\u00f2 essere responsabile.Ma se lo Stato regolamenta, controlla, sanziona e prescrive ogni dettaglio,priva le persone della possibilit\u00e0 di essere responsabili. Come avviene Perch\u00e9 la responsabilit\u00e0 \u00e8 importante La nostra posizioneNoi2030 diciamo:Una comunit\u00e0 libera non ha bisogno di una giungla [&hellip;]<\/p>\n","protected":false},"author":112514394,"featured_media":552,"comment_status":"open","ping_status":"open","sticky":false,"template":"","format":"standard","meta":{"_crdt_document":"","advanced_seo_description":"","jetpack_seo_html_title":"","jetpack_seo_noindex":false,"_jetpack_newsletter_access":"","_jetpack_dont_email_post_to_subs":false,"_jetpack_newsletter_tier_id":0,"_jetpack_memberships_contains_paywalled_content":false,"_jetpack_memberships_contains_paid_content":false,"footnotes":"","jetpack_publicize_message":"","jetpack_publicize_feature_enabled":true,"jetpack_social_post_already_shared":true,"jetpack_social_options":{"image_generator_settings":{"template":"highway","default_image_id":0,"font":"","enabled":false},"version":2},"_wpas_customize_per_network":false,"jetpack_post_was_ever_published":false},"categories":[10096793],"tags":[],"class_list":["post-756","post","type-post","status-publish","format-standard","has-post-thumbnail","hentry","category-italiano"],"jetpack_publicize_connections":[],"jetpack_featured_media_url":"https:\/\/i0.wp.com\/wir2030.com\/wp-content\/uploads\/2025\/05\/ein-mensch-verirrt-im-paragraphen-dschungel.png?fit=1024%2C768&ssl=1","jetpack_likes_enabled":true,"jetpack_sharing_enabled":true,"jetpack_shortlink":"https:\/\/wp.me\/pgv6KY-cc","jetpack-related-posts":[{"id":1390,"url":"https:\/\/wir2030.com\/it\/2025\/06\/04\/tesi-87-il-controllo-non-genera-fiducia\/","url_meta":{"origin":756,"position":0},"title":"Tesi 87: Il controllo non genera fiducia.","author":"boschimo","date":"4 Giugno 2025","format":false,"excerpt":"Spiegazione e giustificazione La fiducia \u00e8 un bene vivo. Non \u00e8 creata da regolamenti, telecamere o coercizione.La fiducia \u00e8 un'offerta, non un ordine. Prospera nello spazio della libert\u00e0 e soffoca sotto il peso della sorveglianza. Ma il mondo moderno sembra aver dimenticato questo principio.Al posto dell \u201cintegrit\u00e0 e del dialogo,\u2026","rel":"","context":"In &quot;Italiano&quot;","block_context":{"text":"Italiano","link":"https:\/\/wir2030.com\/it\/category\/italiano\/"},"img":{"alt_text":"","src":"https:\/\/i0.wp.com\/wir2030.com\/wp-content\/uploads\/2025\/05\/image-34.png?fit=1024%2C768&ssl=1&resize=350%2C200","width":350,"height":200,"srcset":"https:\/\/i0.wp.com\/wir2030.com\/wp-content\/uploads\/2025\/05\/image-34.png?fit=1024%2C768&ssl=1&resize=350%2C200 1x, https:\/\/i0.wp.com\/wir2030.com\/wp-content\/uploads\/2025\/05\/image-34.png?fit=1024%2C768&ssl=1&resize=525%2C300 1.5x, https:\/\/i0.wp.com\/wir2030.com\/wp-content\/uploads\/2025\/05\/image-34.png?fit=1024%2C768&ssl=1&resize=700%2C400 2x"},"classes":[]},{"id":838,"url":"https:\/\/wir2030.com\/it\/2025\/05\/17\/tesi-6-la-salute-non-puo-essere-imposta-e-una-responsabilita-individuale\/","url_meta":{"origin":756,"position":1},"title":"Tesi 6: La salute non pu\u00f2 essere imposta, \u00e8 una responsabilit\u00e0 individuale.","author":"boschimo","date":"17 Maggio 2025","format":false,"excerpt":"Spiegazione e giustificazione La salute non \u00e8 un compito dello Stato nel senso di controllo, ma una decisione e una responsabilit\u00e0 personale. \u00c8 inestricabilmente legata alla libert\u00e0, all'autodeterminazione e alla fiducia. Ogni persona \u00e8 unica: nel suo corpo, nelle sue esperienze, nei suoi rischi, nella sua biografia.Pertanto, la salute non\u2026","rel":"","context":"In &quot;Italiano&quot;","block_context":{"text":"Italiano","link":"https:\/\/wir2030.com\/it\/category\/italiano\/"},"img":{"alt_text":"","src":"https:\/\/i0.wp.com\/wir2030.com\/wp-content\/uploads\/2025\/05\/create-a-highly-detailed-image-showcasing-the-theme-of-personal.png?fit=1024%2C768&ssl=1&resize=350%2C200","width":350,"height":200,"srcset":"https:\/\/i0.wp.com\/wir2030.com\/wp-content\/uploads\/2025\/05\/create-a-highly-detailed-image-showcasing-the-theme-of-personal.png?fit=1024%2C768&ssl=1&resize=350%2C200 1x, https:\/\/i0.wp.com\/wir2030.com\/wp-content\/uploads\/2025\/05\/create-a-highly-detailed-image-showcasing-the-theme-of-personal.png?fit=1024%2C768&ssl=1&resize=525%2C300 1.5x, https:\/\/i0.wp.com\/wir2030.com\/wp-content\/uploads\/2025\/05\/create-a-highly-detailed-image-showcasing-the-theme-of-personal.png?fit=1024%2C768&ssl=1&resize=700%2C400 2x"},"classes":[]},{"id":1140,"url":"https:\/\/wir2030.com\/it\/2025\/05\/27\/tesi-44-la-fiducia-nelle-istituzioni-non-sostituisce-la-responsabilita-personale\/","url_meta":{"origin":756,"position":2},"title":"Tesi 44: La fiducia nelle istituzioni non sostituisce la responsabilit\u00e0 personale.","author":"boschimo","date":"27 Maggio 2025","format":false,"excerpt":"Spiegazione e giustificazione Le istituzioni sono create per le persone, non il contrario.Ma in tempi di crisi si verifica regolarmente il contrario:Invece di pensare, esaminare e agire in modo indipendente, molte persone si aggrappano ad autorit\u00e0, consigli di esperti e organizzazioni sovranazionali come se fossero una verit\u00e0 superiore.Delegano la responsabilit\u00e0\u2026","rel":"","context":"In &quot;Italiano&quot;","block_context":{"text":"Italiano","link":"https:\/\/wir2030.com\/it\/category\/italiano\/"},"img":{"alt_text":"","src":"https:\/\/i0.wp.com\/wir2030.com\/wp-content\/uploads\/2025\/05\/male-einen-menschen-der-einem-polizisten-das-grundgesetz-wie-eine.png?fit=1024%2C768&ssl=1&resize=350%2C200","width":350,"height":200,"srcset":"https:\/\/i0.wp.com\/wir2030.com\/wp-content\/uploads\/2025\/05\/male-einen-menschen-der-einem-polizisten-das-grundgesetz-wie-eine.png?fit=1024%2C768&ssl=1&resize=350%2C200 1x, https:\/\/i0.wp.com\/wir2030.com\/wp-content\/uploads\/2025\/05\/male-einen-menschen-der-einem-polizisten-das-grundgesetz-wie-eine.png?fit=1024%2C768&ssl=1&resize=525%2C300 1.5x, https:\/\/i0.wp.com\/wir2030.com\/wp-content\/uploads\/2025\/05\/male-einen-menschen-der-einem-polizisten-das-grundgesetz-wie-eine.png?fit=1024%2C768&ssl=1&resize=700%2C400 2x"},"classes":[]},{"id":1389,"url":"https:\/\/wir2030.com\/it\/2025\/06\/02\/tesi-67-il-totalitarismo-non-inizia-con-le-catene-ma-con-la-perdita-di-responsabilita\/","url_meta":{"origin":756,"position":3},"title":"Tesi 67: Il totalitarismo non inizia con le catene, ma con la perdita di responsabilit\u00e0.","author":"boschimo","date":"2 Giugno 2025","format":false,"excerpt":"Spiegazione e giustificazione I sistemi totalitari raramente sono accompagnati da uniformi, sirene o violenza.Spesso si presentano come amichevoli aiutanti - come autorit\u00e0 sanitarie, consulenti per la sicurezza, salvatori del clima, protettori dell \u201cinfanzia o agenzie per l\u201d innovazione digitale.Fanno appello al bene, parlano di responsabilit\u00e0 - ma significano obbedienza. Il\u2026","rel":"","context":"In &quot;Italiano&quot;","block_context":{"text":"Italiano","link":"https:\/\/wir2030.com\/it\/category\/italiano\/"},"img":{"alt_text":"","src":"https:\/\/i0.wp.com\/wir2030.com\/wp-content\/uploads\/2025\/05\/image-33.png?fit=1024%2C768&ssl=1&resize=350%2C200","width":350,"height":200,"srcset":"https:\/\/i0.wp.com\/wir2030.com\/wp-content\/uploads\/2025\/05\/image-33.png?fit=1024%2C768&ssl=1&resize=350%2C200 1x, https:\/\/i0.wp.com\/wir2030.com\/wp-content\/uploads\/2025\/05\/image-33.png?fit=1024%2C768&ssl=1&resize=525%2C300 1.5x, https:\/\/i0.wp.com\/wir2030.com\/wp-content\/uploads\/2025\/05\/image-33.png?fit=1024%2C768&ssl=1&resize=700%2C400 2x"},"classes":[]},{"id":694,"url":"https:\/\/wir2030.com\/it\/2025\/05\/24\/tesi-62-pharma-non-deve-dettare-la-politica-globale\/","url_meta":{"origin":756,"position":4},"title":"Tesi 62: Pharma non deve dettare la politica globale.","author":"boschimo","date":"24 Maggio 2025","format":false,"excerpt":"Spiegazione e giustificazione La ricerca farmaceutica e l'assistenza medica possono salvare delle vite. Tuttavia, non lo fanno per amore dell'umanit\u00e0, ma come parte di un modello di business: un settore altamente redditizio e attivo a livello globale il cui obiettivo principale non \u00e8 la salute, ma la crescita e il\u2026","rel":"","context":"In &quot;Italiano&quot;","block_context":{"text":"Italiano","link":"https:\/\/wir2030.com\/it\/category\/italiano\/"},"img":{"alt_text":"","src":"https:\/\/i0.wp.com\/wir2030.com\/wp-content\/uploads\/2025\/05\/zeichne-ein-parlament-in-dem-spritzen-medikamente-und-pillen-auf.png?fit=1024%2C768&ssl=1&resize=350%2C200","width":350,"height":200,"srcset":"https:\/\/i0.wp.com\/wir2030.com\/wp-content\/uploads\/2025\/05\/zeichne-ein-parlament-in-dem-spritzen-medikamente-und-pillen-auf.png?fit=1024%2C768&ssl=1&resize=350%2C200 1x, https:\/\/i0.wp.com\/wir2030.com\/wp-content\/uploads\/2025\/05\/zeichne-ein-parlament-in-dem-spritzen-medikamente-und-pillen-auf.png?fit=1024%2C768&ssl=1&resize=525%2C300 1.5x, https:\/\/i0.wp.com\/wir2030.com\/wp-content\/uploads\/2025\/05\/zeichne-ein-parlament-in-dem-spritzen-medikamente-und-pillen-auf.png?fit=1024%2C768&ssl=1&resize=700%2C400 2x"},"classes":[]},{"id":826,"url":"https:\/\/wir2030.com\/it\/2025\/05\/17\/tesi-4-la-coercizione-non-e-protezione-ma-violenza\/","url_meta":{"origin":756,"position":5},"title":"Tesi 4: La coercizione non \u00e8 protezione, ma violenza.","author":"boschimo","date":"17 Maggio 2025","format":false,"excerpt":"Spiegazione e giustificazione Nelle societ\u00e0 moderne, l'azione dello Stato o delle istituzioni viene spesso legittimata con il termine \"protezione\". Si parla di \"protezione della salute\", \"protezione della democrazia\", \"protezione dell'ordine pubblico\". Ma cosa succede se questa \"protezione\" non si basa sull'educazione, sulla partecipazione e sulla libert\u00e0, bens\u00ec sulla coercizione? Coercizione\u2026","rel":"","context":"In &quot;Italiano&quot;","block_context":{"text":"Italiano","link":"https:\/\/wir2030.com\/it\/category\/italiano\/"},"img":{"alt_text":"","src":"https:\/\/i0.wp.com\/wir2030.com\/wp-content\/uploads\/2025\/05\/image-5.png?fit=1024%2C768&ssl=1&resize=350%2C200","width":350,"height":200,"srcset":"https:\/\/i0.wp.com\/wir2030.com\/wp-content\/uploads\/2025\/05\/image-5.png?fit=1024%2C768&ssl=1&resize=350%2C200 1x, https:\/\/i0.wp.com\/wir2030.com\/wp-content\/uploads\/2025\/05\/image-5.png?fit=1024%2C768&ssl=1&resize=525%2C300 1.5x, https:\/\/i0.wp.com\/wir2030.com\/wp-content\/uploads\/2025\/05\/image-5.png?fit=1024%2C768&ssl=1&resize=700%2C400 2x"},"classes":[]}],"_links":{"self":[{"href":"https:\/\/wir2030.com\/it\/wp-json\/wp\/v2\/posts\/756","targetHints":{"allow":["GET"]}}],"collection":[{"href":"https:\/\/wir2030.com\/it\/wp-json\/wp\/v2\/posts"}],"about":[{"href":"https:\/\/wir2030.com\/it\/wp-json\/wp\/v2\/types\/post"}],"author":[{"embeddable":true,"href":"https:\/\/wir2030.com\/it\/wp-json\/wp\/v2\/users\/112514394"}],"replies":[{"embeddable":true,"href":"https:\/\/wir2030.com\/it\/wp-json\/wp\/v2\/comments?post=756"}],"version-history":[{"count":1,"href":"https:\/\/wir2030.com\/it\/wp-json\/wp\/v2\/posts\/756\/revisions"}],"predecessor-version":[{"id":761,"href":"https:\/\/wir2030.com\/it\/wp-json\/wp\/v2\/posts\/756\/revisions\/761"}],"wp:featuredmedia":[{"embeddable":true,"href":"https:\/\/wir2030.com\/it\/wp-json\/wp\/v2\/media\/552"}],"wp:attachment":[{"href":"https:\/\/wir2030.com\/it\/wp-json\/wp\/v2\/media?parent=756"}],"wp:term":[{"taxonomy":"category","embeddable":true,"href":"https:\/\/wir2030.com\/it\/wp-json\/wp\/v2\/categories?post=756"},{"taxonomy":"post_tag","embeddable":true,"href":"https:\/\/wir2030.com\/it\/wp-json\/wp\/v2\/tags?post=756"}],"curies":[{"name":"wp","href":"https:\/\/api.w.org\/{rel}","templated":true}]}}