{"id":736,"date":"2025-05-21T11:15:00","date_gmt":"2025-05-21T08:15:00","guid":{"rendered":"https:\/\/wir2030.com\/2025\/05\/21\/tesi-21-ogni-societa-ha-bisogno-di-informatori-non-di-delatori\/"},"modified":"2025-05-26T13:17:32","modified_gmt":"2025-05-26T10:17:32","slug":"tesi-21-ogni-societa-ha-bisogno-di-informatori-non-di-delatori","status":"publish","type":"post","link":"https:\/\/wir2030.com\/it\/2025\/05\/21\/tesi-21-ogni-societa-ha-bisogno-di-informatori-non-di-delatori\/","title":{"rendered":"Tesi 21: Ogni societ\u00e0 ha bisogno di informatori, non di delatori."},"content":{"rendered":"\n<p class=\"wp-block-paragraph\"><strong>Spiegazione e giustificazione<\/strong><\/p>\n\n<p class=\"wp-block-paragraph\">Una societ\u00e0 sana prospera grazie all&#8217;educazione, alla trasparenza e alla capacit\u00e0 di autocorreggersi.<br\/><strong>Per farlo, ha bisogno di persone coraggiose che mettano in evidenza i problemi, non di chi controlla i propri simili.<\/strong><br\/><strong>Gli informatori sono un segno di integrit\u00e0. Gli informatori sono un segno della regola della paura.<\/strong><\/p>\n\n<p class=\"wp-block-paragraph\">Questa tesi \u00e8 un chiaro appello:<br\/><strong>A favore della rivelazione coraggiosa - contro la denuncia segreta.<\/strong><\/p>\n\n<p class=\"wp-block-paragraph\"><strong>Che cos&#8217;\u00e8 un whistleblower?<\/strong><\/p>\n\n<p class=\"wp-block-paragraph\">Un whistleblower \u00e8 una persona che:<\/p>\n\n<ul class=\"wp-block-list\">\n<li>pubblicizza gravi abusi nelle organizzazioni o nei governi,<\/li>\n\n\n\n<li><strong>non<\/strong> agisce <strong>per interesse personale<\/strong>, ma nell&#8217;interesse pubblico,<\/li>\n\n\n\n<li>spesso corre grandi rischi personali,<\/li>\n\n\n\n<li>contribuisce alla trasparenza e al controllo, ad esempio scoprendo la corruzione, l \u201cabuso di potere, l\u201d uso improprio dei dati, le bugie o la violenza.<\/li>\n<\/ul>\n\n<p class=\"wp-block-paragraph\">Esempi come <strong>Edward Snowden<\/strong>, <strong>Chelsea Manning<\/strong>, <strong>Julian Assange<\/strong> o numerosi medici, scienziati e giornalisti dal 2020 in poi lo dimostrano:<br\/><strong>Senza whistleblower non esisterebbe una democrazia funzionante.<\/strong><\/p>\n\n<p class=\"wp-block-paragraph\"><strong>Che cos&#8217;\u00e8 un informatore?<\/strong><\/p>\n\n<p class=\"wp-block-paragraph\">Un informatore, invece, \u00e8 una persona che:<\/p>\n\n<ul class=\"wp-block-list\">\n<li>raccoglie segretamente informazioni su altre persone,<\/li>\n\n\n\n<li>trasmette queste informazioni a enti governativi o istituzionali,<\/li>\n\n\n\n<li>contribuisce alla sorveglianza, alla disciplina o all&#8217;emarginazione di altri,<\/li>\n\n\n\n<li>\u00e8 spesso motivata da ricompensa, ricatto o paura.<\/li>\n<\/ul>\n\n<p class=\"wp-block-paragraph\">I sistemi di spionaggio sono presenti nei regimi totalitari, dalla Gestapo e la Stasi ai moderni modelli tecnocratici con <strong>denunce digitali<\/strong>, <strong>controlli delle chat<\/strong>, <strong>rapporti sullo stato delle vaccinazioni<\/strong> e <strong>social scoring<\/strong>.<\/p>\n\n<p class=\"wp-block-paragraph\"><strong>Perch\u00e9 questa distinzione \u00e8 fondamentale<\/strong><\/p>\n\n<ul class=\"wp-block-list\">\n<li><strong>I whistleblower rafforzano la democrazia<\/strong>: rendono visibili le ingiustizie nascoste.<\/li>\n\n\n\n<li><strong>Gli informatori distruggono la fiducia<\/strong> e trasformano i vicini in nemici.<\/li>\n\n\n\n<li><strong>I whistleblower scoprono gli abusi di potere.<\/strong><\/li>\n\n\n\n<li><strong>Gli informatori servono a mantenere il potere attraverso la paura e il controllo.<\/strong><\/li>\n<\/ul>\n\n<p class=\"wp-block-paragraph\">Una societ\u00e0 che perseguita i whistleblower e allo stesso tempo promuove lo spionaggio <strong>ha invertito i suoi valori.<\/strong><\/p>\n\n<p class=\"wp-block-paragraph\"><strong>La nostra posizione<\/strong><\/p>\n\n<p class=\"wp-block-paragraph\">Le richieste di We2030:<\/p>\n\n<ul class=\"wp-block-list\">\n<li><strong>Protezione legale e riconoscimento sociale per i whistleblower<\/strong><\/li>\n\n\n\n<li><strong>La fine di tutti i sistemi di spionaggio<\/strong>, siano essi statali, scolastici, digitali o medici<\/li>\n\n\n\n<li><strong>Gestione delle campagne di denuncia<\/strong> dal 2020 (ad esempio contro persone non vaccinate, critici delle misure, medici con opinioni dissenzienti)<\/li>\n<\/ul>\n\n<p class=\"wp-block-paragraph\">Perch\u00e9:<\/p>\n\n<p class=\"wp-block-paragraph\"><strong>Ogni societ\u00e0 ha bisogno di informatori, non di informatori.<\/strong><br\/>Coloro che informano meritano protezione. Chi denuncia promuove la paura.<br\/>E dove c&#8217;\u00e8 paura, la verit\u00e0 tace.<\/p>\n","protected":false},"excerpt":{"rendered":"<p>Spiegazione e giustificazione Una societ\u00e0 sana prospera grazie all&#8217;educazione, alla trasparenza e alla capacit\u00e0 di autocorreggersi.Per farlo, ha bisogno di persone coraggiose che mettano in evidenza i problemi, non di chi controlla i propri simili.Gli informatori sono un segno di integrit\u00e0. Gli informatori sono un segno della regola della paura. Questa tesi \u00e8 un chiaro [&hellip;]<\/p>\n","protected":false},"author":112514394,"featured_media":587,"comment_status":"open","ping_status":"open","sticky":false,"template":"","format":"standard","meta":{"_crdt_document":"","advanced_seo_description":"","jetpack_seo_html_title":"","jetpack_seo_noindex":false,"_jetpack_newsletter_access":"","_jetpack_dont_email_post_to_subs":false,"_jetpack_newsletter_tier_id":0,"_jetpack_memberships_contains_paywalled_content":false,"_jetpack_memberships_contains_paid_content":false,"footnotes":"","jetpack_publicize_message":"","jetpack_publicize_feature_enabled":true,"jetpack_social_post_already_shared":true,"jetpack_social_options":{"image_generator_settings":{"template":"highway","default_image_id":0,"font":"","enabled":false},"version":2},"_wpas_customize_per_network":false,"jetpack_post_was_ever_published":false},"categories":[10096793],"tags":[],"class_list":["post-736","post","type-post","status-publish","format-standard","has-post-thumbnail","hentry","category-italiano"],"jetpack_publicize_connections":[],"jetpack_featured_media_url":"https:\/\/i0.wp.com\/wir2030.com\/wp-content\/uploads\/2025\/05\/image-18.png?fit=1024%2C768&ssl=1","jetpack_likes_enabled":true,"jetpack_sharing_enabled":true,"jetpack_shortlink":"https:\/\/wp.me\/pgv6KY-bS","jetpack-related-posts":[{"id":929,"url":"https:\/\/wir2030.com\/it\/2025\/05\/17\/tesi-2-nessuna-legge-puo-censurare-la-verita\/","url_meta":{"origin":736,"position":0},"title":"Tesi 2: Nessuna legge pu\u00f2 censurare la verit\u00e0.","author":"boschimo","date":"17 Maggio 2025","format":false,"excerpt":"Spiegazione e giustificazione La verit\u00e0 non \u00e8 un'opinione, non \u00e8 un bene politico e non \u00e8 un privilegio delle istituzioni: \u00e8 un ideale universale che appartiene a tutte le persone. Il libero accesso alla verit\u00e0 e la lotta aperta per ottenerla sono le pietre miliari di ogni societ\u00e0 libera. Questa\u2026","rel":"","context":"In &quot;Nicht kategorisiert&quot;","block_context":{"text":"Nicht kategorisiert","link":"https:\/\/wir2030.com\/category\/nicht-kategorisiert\/"},"img":{"alt_text":"","src":"https:\/\/i0.wp.com\/wir2030.com\/wp-content\/uploads\/2025\/05\/17.-mai-2025-13_03_14.png?fit=1024%2C1024&ssl=1&resize=350%2C200","width":350,"height":200,"srcset":"https:\/\/i0.wp.com\/wir2030.com\/wp-content\/uploads\/2025\/05\/17.-mai-2025-13_03_14.png?fit=1024%2C1024&ssl=1&resize=350%2C200 1x, https:\/\/i0.wp.com\/wir2030.com\/wp-content\/uploads\/2025\/05\/17.-mai-2025-13_03_14.png?fit=1024%2C1024&ssl=1&resize=525%2C300 1.5x, https:\/\/i0.wp.com\/wir2030.com\/wp-content\/uploads\/2025\/05\/17.-mai-2025-13_03_14.png?fit=1024%2C1024&ssl=1&resize=700%2C400 2x"},"classes":[]},{"id":1278,"url":"https:\/\/wir2030.com\/it\/2025\/05\/31\/tesi-14-chiunque-censuri-le-critiche-ha-qualcosa-da-nascondere\/","url_meta":{"origin":736,"position":1},"title":"Tesi 14: Chiunque censuri le critiche ha qualcosa da nascondere.","author":"boschimo","date":"31 Maggio 2025","format":false,"excerpt":"Spiegazione e giustificazione La critica \u00e8 il polso di ogni societ\u00e0 libera.\u00c8 il segno vivente di una democrazia, il sistema di allarme precoce del potere, il correttivo degli errori istituzionali.Dove la critica \u00e8 consentita, il potere pu\u00f2 essere messo in discussione, scrutato e corretto.Dove viene soppressa, crescono l'arbitrio, la corruzione\u2026","rel":"","context":"In &quot;Italiano&quot;","block_context":{"text":"Italiano","link":"https:\/\/wir2030.com\/it\/category\/italiano\/"},"img":{"alt_text":"","src":"https:\/\/i0.wp.com\/wir2030.com\/wp-content\/uploads\/2025\/05\/2025-05-26-10.49.58-AM.png?fit=626%2C524&ssl=1&resize=350%2C200","width":350,"height":200,"srcset":"https:\/\/i0.wp.com\/wir2030.com\/wp-content\/uploads\/2025\/05\/2025-05-26-10.49.58-AM.png?fit=626%2C524&ssl=1&resize=350%2C200 1x, https:\/\/i0.wp.com\/wir2030.com\/wp-content\/uploads\/2025\/05\/2025-05-26-10.49.58-AM.png?fit=626%2C524&ssl=1&resize=525%2C300 1.5x"},"classes":[]},{"id":1390,"url":"https:\/\/wir2030.com\/it\/2025\/06\/04\/tesi-87-il-controllo-non-genera-fiducia\/","url_meta":{"origin":736,"position":2},"title":"Tesi 87: Il controllo non genera fiducia.","author":"boschimo","date":"4 Giugno 2025","format":false,"excerpt":"Spiegazione e giustificazione La fiducia \u00e8 un bene vivo. Non \u00e8 creata da regolamenti, telecamere o coercizione.La fiducia \u00e8 un'offerta, non un ordine. Prospera nello spazio della libert\u00e0 e soffoca sotto il peso della sorveglianza. Ma il mondo moderno sembra aver dimenticato questo principio.Al posto dell \u201cintegrit\u00e0 e del dialogo,\u2026","rel":"","context":"In &quot;Italiano&quot;","block_context":{"text":"Italiano","link":"https:\/\/wir2030.com\/it\/category\/italiano\/"},"img":{"alt_text":"","src":"https:\/\/i0.wp.com\/wir2030.com\/wp-content\/uploads\/2025\/05\/image-34.png?fit=1024%2C768&ssl=1&resize=350%2C200","width":350,"height":200,"srcset":"https:\/\/i0.wp.com\/wir2030.com\/wp-content\/uploads\/2025\/05\/image-34.png?fit=1024%2C768&ssl=1&resize=350%2C200 1x, https:\/\/i0.wp.com\/wir2030.com\/wp-content\/uploads\/2025\/05\/image-34.png?fit=1024%2C768&ssl=1&resize=525%2C300 1.5x, https:\/\/i0.wp.com\/wir2030.com\/wp-content\/uploads\/2025\/05\/image-34.png?fit=1024%2C768&ssl=1&resize=700%2C400 2x"},"classes":[]},{"id":880,"url":"https:\/\/wir2030.com\/it\/2025\/05\/18\/tesi-35-chiunque-difenda-la-democrazia-non-e-un-estremista\/","url_meta":{"origin":736,"position":3},"title":"Tesi 35: Chiunque difenda la democrazia non \u00e8 un estremista.","author":"boschimo","date":"18 Maggio 2025","format":false,"excerpt":"Spiegazione e giustificazione La democrazia prospera grazie all \u201cimpegno dei suoi cittadini, non alla loro sottomissione.Chiunque la difenda, evidenzi le sue rimostranze, richieda i diritti fondamentali e si opponga all\u201d abuso di potere non agisce in modo radicale, ma democratico. Questa tesi stabilisce un chiaro confine contro una narrazione pericolosa:\u2026","rel":"","context":"In &quot;Italiano&quot;","block_context":{"text":"Italiano","link":"https:\/\/wir2030.com\/it\/category\/italiano\/"},"img":{"alt_text":"","src":"https:\/\/i0.wp.com\/wir2030.com\/wp-content\/uploads\/2025\/05\/image-13.png?fit=1024%2C768&ssl=1&resize=350%2C200","width":350,"height":200,"srcset":"https:\/\/i0.wp.com\/wir2030.com\/wp-content\/uploads\/2025\/05\/image-13.png?fit=1024%2C768&ssl=1&resize=350%2C200 1x, https:\/\/i0.wp.com\/wir2030.com\/wp-content\/uploads\/2025\/05\/image-13.png?fit=1024%2C768&ssl=1&resize=525%2C300 1.5x, https:\/\/i0.wp.com\/wir2030.com\/wp-content\/uploads\/2025\/05\/image-13.png?fit=1024%2C768&ssl=1&resize=700%2C400 2x"},"classes":[]},{"id":1268,"url":"https:\/\/wir2030.com\/it\/2025\/05\/29\/tesi-24-chi-indottrina-i-giovani-distrugge-la-fiducia-nel-futuro\/","url_meta":{"origin":736,"position":4},"title":"Tesi 24: Chi indottrina i giovani distrugge la fiducia nel futuro.","author":"boschimo","date":"29 Maggio 2025","format":false,"excerpt":"Spiegazione e giustificazioneI giovani hanno bisogno di libert\u00e0, non di istruzione, non di paura, non di rieducazione politica.I giovani sono il respiro fresco di una societ\u00e0. Sono critici, creativi, contraddittori e pieni di domande.Chiunque sostituisca questo naturale impulso alla conoscenza con l'indottrinamento sta soffocando il futuro alle sue radici. Questa\u2026","rel":"","context":"In &quot;Italiano&quot;","block_context":{"text":"Italiano","link":"https:\/\/wir2030.com\/it\/category\/italiano\/"},"img":{"alt_text":"","src":"https:\/\/i0.wp.com\/wir2030.com\/wp-content\/uploads\/2025\/05\/male-kinder-die-cowboy-und-indianer-spielen-ohne-waffen.png?fit=1024%2C768&ssl=1&resize=350%2C200","width":350,"height":200,"srcset":"https:\/\/i0.wp.com\/wir2030.com\/wp-content\/uploads\/2025\/05\/male-kinder-die-cowboy-und-indianer-spielen-ohne-waffen.png?fit=1024%2C768&ssl=1&resize=350%2C200 1x, https:\/\/i0.wp.com\/wir2030.com\/wp-content\/uploads\/2025\/05\/male-kinder-die-cowboy-und-indianer-spielen-ohne-waffen.png?fit=1024%2C768&ssl=1&resize=525%2C300 1.5x, https:\/\/i0.wp.com\/wir2030.com\/wp-content\/uploads\/2025\/05\/male-kinder-die-cowboy-und-indianer-spielen-ohne-waffen.png?fit=1024%2C768&ssl=1&resize=700%2C400 2x"},"classes":[]},{"id":1385,"url":"https:\/\/wir2030.com\/it\/2025\/06\/06\/tesi-27-la-liberta-non-e-un-privilegio-ma-un-diritto-di-nascita\/","url_meta":{"origin":736,"position":5},"title":"Tesi 27: La libert\u00e0 non \u00e8 un privilegio, ma un diritto di nascita.","author":"boschimo","date":"6 Giugno 2025","format":false,"excerpt":"Spiegazione e giustificazione La libert\u00e0 non \u00e8 un dono concesso dallo Stato. Non \u00e8 un bonus, non \u00e8 una ricompensa per un comportamento conformista, non \u00e8 un'esenzione in tempi di crisi. La libert\u00e0 \u00e8 ci\u00f2 a cui una persona ha diritto fin dalla nascita, non per contratto, ma per dignit\u00e0.\u2026","rel":"","context":"In &quot;Italiano&quot;","block_context":{"text":"Italiano","link":"https:\/\/wir2030.com\/it\/category\/italiano\/"},"img":{"alt_text":"","src":"https:\/\/i0.wp.com\/wir2030.com\/wp-content\/uploads\/2025\/06\/europaische-menschen-feiern-ihre-freiheit-von-der-tyrannei.png?fit=1024%2C768&ssl=1&resize=350%2C200","width":350,"height":200,"srcset":"https:\/\/i0.wp.com\/wir2030.com\/wp-content\/uploads\/2025\/06\/europaische-menschen-feiern-ihre-freiheit-von-der-tyrannei.png?fit=1024%2C768&ssl=1&resize=350%2C200 1x, https:\/\/i0.wp.com\/wir2030.com\/wp-content\/uploads\/2025\/06\/europaische-menschen-feiern-ihre-freiheit-von-der-tyrannei.png?fit=1024%2C768&ssl=1&resize=525%2C300 1.5x, https:\/\/i0.wp.com\/wir2030.com\/wp-content\/uploads\/2025\/06\/europaische-menschen-feiern-ihre-freiheit-von-der-tyrannei.png?fit=1024%2C768&ssl=1&resize=700%2C400 2x"},"classes":[]}],"_links":{"self":[{"href":"https:\/\/wir2030.com\/it\/wp-json\/wp\/v2\/posts\/736","targetHints":{"allow":["GET"]}}],"collection":[{"href":"https:\/\/wir2030.com\/it\/wp-json\/wp\/v2\/posts"}],"about":[{"href":"https:\/\/wir2030.com\/it\/wp-json\/wp\/v2\/types\/post"}],"author":[{"embeddable":true,"href":"https:\/\/wir2030.com\/it\/wp-json\/wp\/v2\/users\/112514394"}],"replies":[{"embeddable":true,"href":"https:\/\/wir2030.com\/it\/wp-json\/wp\/v2\/comments?post=736"}],"version-history":[{"count":1,"href":"https:\/\/wir2030.com\/it\/wp-json\/wp\/v2\/posts\/736\/revisions"}],"predecessor-version":[{"id":743,"href":"https:\/\/wir2030.com\/it\/wp-json\/wp\/v2\/posts\/736\/revisions\/743"}],"wp:featuredmedia":[{"embeddable":true,"href":"https:\/\/wir2030.com\/it\/wp-json\/wp\/v2\/media\/587"}],"wp:attachment":[{"href":"https:\/\/wir2030.com\/it\/wp-json\/wp\/v2\/media?parent=736"}],"wp:term":[{"taxonomy":"category","embeddable":true,"href":"https:\/\/wir2030.com\/it\/wp-json\/wp\/v2\/categories?post=736"},{"taxonomy":"post_tag","embeddable":true,"href":"https:\/\/wir2030.com\/it\/wp-json\/wp\/v2\/tags?post=736"}],"curies":[{"name":"wp","href":"https:\/\/api.w.org\/{rel}","templated":true}]}}