{"id":712,"date":"2025-05-22T09:17:12","date_gmt":"2025-05-22T06:17:12","guid":{"rendered":"https:\/\/wir2030.com\/2025\/05\/22\/la-base-comune-delle-95-tesi-di-martin-lutero-e-del-movimento-we2030\/"},"modified":"2025-05-26T13:17:32","modified_gmt":"2025-05-26T10:17:32","slug":"la-base-comune-delle-95-tesi-di-martin-lutero-e-del-movimento-we2030","status":"publish","type":"post","link":"https:\/\/wir2030.com\/it\/2025\/05\/22\/la-base-comune-delle-95-tesi-di-martin-lutero-e-del-movimento-we2030\/","title":{"rendered":"La base comune delle 95 tesi di Martin Lutero e del movimento We2030"},"content":{"rendered":"\n<p class=\"wp-block-paragraph\"><strong>La base comune delle 95 tesi di Martin Lutero e del movimento We2030 \u00e8 alla base di entrambe le iniziative:<\/strong><\/p>\n\n<p class=\"wp-block-paragraph\"><strong>Scoprire gli abusi, denunciare i soprusi e restituire alle persone la loro dignit\u00e0, responsabilit\u00e0 e libert\u00e0.<\/strong><\/p>\n\n<p class=\"wp-block-paragraph\"><strong>Cosa voleva Martin Lutero con le sue 95 tesi (brevemente riassunte):<\/strong><\/p>\n\n<p class=\"wp-block-paragraph\">Martin Lutero <strong>non<\/strong> voleva <strong>distruggere la Chiesa<\/strong>, ma <strong>ricondurla alla sua vera missione<\/strong>.<br\/>Le sue 95 tesi (1517) erano dirette contro:<\/p>\n\n<ul class=\"wp-block-list\">\n<li>l&#8217;<strong>abuso del potere religioso<\/strong> (soprattutto attraverso la vendita delle indulgenze),<\/li>\n\n\n\n<li>la <strong>strumentalizzazione della fede<\/strong> a favore di interessi politici ed economici,<\/li>\n\n\n\n<li>l \u201c<strong>oscuramento della verit\u00e0 attraverso l\u201d autorit\u00e0<\/strong>,<\/li>\n\n\n\n<li>l \u201c<strong>incapacit\u00e0 dell\u201d individuo<\/strong>, al quale non \u00e8 stato permesso di pensare, credere e capire da solo.<\/li>\n<\/ul>\n\n<p class=\"wp-block-paragraph\">L \u201cobiettivo era una <strong>riforma dall\u201d interno<\/strong> che <strong>mettesse al centro le persone<\/strong>:<br\/>Con coscienza, conoscenza e responsabilit\u00e0 davanti a Dio, <strong>non come semplici oggetti del potere ecclesiastico o secolare<\/strong>.<\/p>\n\n<p class=\"wp-block-paragraph\"><strong>Cosa vuole ottenere Wir2030 (brevemente riassunto):<\/strong><\/p>\n\n<p class=\"wp-block-paragraph\"><strong>We2030<\/strong> si batte per un <strong>cambiamento pacifico<\/strong>, allontanandosi da una societ\u00e0 controllata tecnocraticamente verso un ordine in cui:<\/p>\n\n<ul class=\"wp-block-list\">\n<li>La <strong>libert\u00e0 e l&#8217;autodeterminazione<\/strong> sono inviolabili,<\/li>\n\n\n\n<li>Il <strong>potere<\/strong> \u00e8 <strong>limitato e controllato<\/strong>,<\/li>\n\n\n\n<li><strong>La verit\u00e0 si crea con il discorso<\/strong>, non con la censura,<\/li>\n\n\n\n<li><strong>le persone, in quanto soggetti,<\/strong> sono nuovamente autorizzate a pensare, decidere e assumersi la responsabilit\u00e0 di se stesse.<\/li>\n<\/ul>\n\n<p class=\"wp-block-paragraph\">Anche in questo caso si tratta di una <strong>riforma, ma questa volta della societ\u00e0, della politica e della scienza<\/strong>, in un momento in cui gli interessi economici, la pressione morale e la manipolazione dei media minacciano la libert\u00e0 dell&#8217;individuo.<\/p>\n\n<p class=\"wp-block-paragraph\"><strong>Base comune di Lutero 1517 e di We2030 oggi:<\/strong><\/p>\n\n<figure class=\"wp-block-table\"><table class=\"has-fixed-layout\"><tbody><tr><td><strong>Aspetto<\/strong><\/td><td><strong>Martin Lutero (1517)<\/strong><\/td><td><strong>We2030 (oggi)<\/strong><\/td><\/tr><tr><td>Obiettivo<\/td><td>Riforma della Chiesa<\/td><td>Riforma della politica, della scienza e della societ\u00e0<\/td><\/tr><tr><td>Avversario<\/td><td>Abuso di potere da parte della Chiesa e del clero<\/td><td>Abuso di potere da parte dello Stato, delle aziende e dell&#8217;ideologia<\/td><\/tr><tr><td>Punto di critica<\/td><td>Indulgenze, obbedienza all&#8217;autorit\u00e0, inabilitazione<\/td><td>Sorveglianza, coercizione, controllo dell&#8217;opinione, inabilitazione<\/td><\/tr><tr><td>Principio<\/td><td>Coscienza, verit\u00e0, responsabilit\u00e0 personale<\/td><td>Libert\u00e0, verit\u00e0, responsabilit\u00e0 personale<\/td><\/tr><tr><td>Metodo<\/td><td>Parola, argomento, dibattito aperto<\/td><td>Parola, argomento, dibattito aperto<\/td><\/tr><tr><td>Rischio<\/td><td>Esclusione, persecuzione, diffamazione<\/td><td>Esclusione, persecuzione, diffamazione<\/td><\/tr><tr><td>Speranza<\/td><td>Ritorno alla verit\u00e0 e alla dignit\u00e0 dell&#8217;individuo<\/td><td>Ritorno alla libert\u00e0, alla giustizia e alla dignit\u00e0 dell&#8217;individuo<\/td><\/tr><\/tbody><\/table><\/figure>\n\n<p class=\"wp-block-paragraph\"><strong>Conclusione<\/strong><\/p>\n\n<p class=\"wp-block-paragraph\"><strong>We2030 \u00e8 lo spirito di Wittenberg - in una nuova era.<\/strong><br\/>Proprio come Lutero si oppose al potere moralmente mascherato della Chiesa, <strong>We2030 si oppone all&#8217;invasione moralmente legittimata dello Stato e delle \u00e9lite globali.<\/strong><br\/>Entrambi chiedono:  <strong>L&#8217;uomo \u00e8 libero. E nessuno ha il diritto di togliergli questa libert\u00e0 in nome della \u201cgiustizia\u201d.<\/strong><\/p>\n","protected":false},"excerpt":{"rendered":"<p>La base comune delle 95 tesi di Martin Lutero e del movimento We2030 \u00e8 alla base di entrambe le iniziative: Scoprire gli abusi, denunciare i soprusi e restituire alle persone la loro dignit\u00e0, responsabilit\u00e0 e libert\u00e0. Cosa voleva Martin Lutero con le sue 95 tesi (brevemente riassunte): Martin Lutero non voleva distruggere la Chiesa, ma [&hellip;]<\/p>\n","protected":false},"author":112514394,"featured_media":677,"comment_status":"open","ping_status":"open","sticky":false,"template":"","format":"standard","meta":{"_crdt_document":"","advanced_seo_description":"","jetpack_seo_html_title":"","jetpack_seo_noindex":false,"_jetpack_newsletter_access":"","_jetpack_dont_email_post_to_subs":false,"_jetpack_newsletter_tier_id":0,"_jetpack_memberships_contains_paywalled_content":false,"_jetpack_memberships_contains_paid_content":false,"footnotes":"","jetpack_publicize_message":"","jetpack_publicize_feature_enabled":true,"jetpack_social_post_already_shared":true,"jetpack_social_options":{"image_generator_settings":{"template":"highway","default_image_id":0,"font":"","enabled":false},"version":2},"_wpas_customize_per_network":false,"jetpack_post_was_ever_published":false},"categories":[10096793],"tags":[],"class_list":["post-712","post","type-post","status-publish","format-standard","has-post-thumbnail","hentry","category-italiano"],"jetpack_publicize_connections":[],"jetpack_featured_media_url":"https:\/\/i0.wp.com\/wir2030.com\/wp-content\/uploads\/2025\/05\/image-24.png?fit=1024%2C768&ssl=1","jetpack_likes_enabled":true,"jetpack_sharing_enabled":true,"jetpack_shortlink":"https:\/\/wp.me\/pgv6KY-bu","jetpack-related-posts":[{"id":709,"url":"https:\/\/wir2030.com\/es\/2025\/05\/22\/la-base-comun-de-las-95-tesis-de-martin-lutero-y-el-movimiento-we2030\/","url_meta":{"origin":712,"position":0},"title":"La base com\u00fan de las 95 tesis de Mart\u00edn Lutero y el movimiento We2030","author":"boschimo","date":"22 Maggio 2025","format":false,"excerpt":"La base com\u00fan de las 95 Tesis de Mart\u00edn Lutero y el movimiento We2030 se encuentra en el coraz\u00f3n de ambas iniciativas: Desvelar los abusos, denunciar los abusos de poder y devolver a las personas su dignidad, responsabilidad y libertad. Lo que quer\u00eda Mart\u00edn Lutero con sus 95 tesis (resumido\u2026","rel":"","context":"In &quot;Espanol&quot;","block_context":{"text":"Espanol","link":"https:\/\/wir2030.com\/es\/category\/espanol\/"},"img":{"alt_text":"","src":"https:\/\/i0.wp.com\/wir2030.com\/wp-content\/uploads\/2025\/05\/image-24.png?fit=1024%2C768&ssl=1&resize=350%2C200","width":350,"height":200,"srcset":"https:\/\/i0.wp.com\/wir2030.com\/wp-content\/uploads\/2025\/05\/image-24.png?fit=1024%2C768&ssl=1&resize=350%2C200 1x, https:\/\/i0.wp.com\/wir2030.com\/wp-content\/uploads\/2025\/05\/image-24.png?fit=1024%2C768&ssl=1&resize=525%2C300 1.5x, https:\/\/i0.wp.com\/wir2030.com\/wp-content\/uploads\/2025\/05\/image-24.png?fit=1024%2C768&ssl=1&resize=700%2C400 2x"},"classes":[]},{"id":850,"url":"https:\/\/wir2030.com\/it\/2025\/05\/17\/tesi-8-la-sorveglianza-digitale-cancella-la-liberta-non-il-virus\/","url_meta":{"origin":712,"position":1},"title":"Tesi 8: La sorveglianza digitale cancella la libert\u00e0, non il virus.","author":"boschimo","date":"17 Maggio 2025","format":false,"excerpt":"Spiegazione e giustificazione La digitalizzazione pu\u00f2 essere uno strumento di liberazione o di controllo.Pu\u00f2 facilitare la comunicazione, l \u201caccesso alla conoscenza e alle cure mediche o trasformarsi nel pi\u00f9 grande apparato di sorveglianza della storia dell\u201d umanit\u00e0.La differenza sta nell \u201cobiettivo e nell\u201d intenzione che lo sottende. Questa tesi mette\u2026","rel":"","context":"In &quot;Italiano&quot;","block_context":{"text":"Italiano","link":"https:\/\/wir2030.com\/it\/category\/italiano\/"},"img":{"alt_text":"","src":"https:\/\/i0.wp.com\/wir2030.com\/wp-content\/uploads\/2025\/05\/image-9.png?fit=1024%2C768&ssl=1&resize=350%2C200","width":350,"height":200,"srcset":"https:\/\/i0.wp.com\/wir2030.com\/wp-content\/uploads\/2025\/05\/image-9.png?fit=1024%2C768&ssl=1&resize=350%2C200 1x, https:\/\/i0.wp.com\/wir2030.com\/wp-content\/uploads\/2025\/05\/image-9.png?fit=1024%2C768&ssl=1&resize=525%2C300 1.5x, https:\/\/i0.wp.com\/wir2030.com\/wp-content\/uploads\/2025\/05\/image-9.png?fit=1024%2C768&ssl=1&resize=700%2C400 2x"},"classes":[]},{"id":826,"url":"https:\/\/wir2030.com\/it\/2025\/05\/17\/tesi-4-la-coercizione-non-e-protezione-ma-violenza\/","url_meta":{"origin":712,"position":2},"title":"Tesi 4: La coercizione non \u00e8 protezione, ma violenza.","author":"boschimo","date":"17 Maggio 2025","format":false,"excerpt":"Spiegazione e giustificazione Nelle societ\u00e0 moderne, l'azione dello Stato o delle istituzioni viene spesso legittimata con il termine \"protezione\". Si parla di \"protezione della salute\", \"protezione della democrazia\", \"protezione dell'ordine pubblico\". Ma cosa succede se questa \"protezione\" non si basa sull'educazione, sulla partecipazione e sulla libert\u00e0, bens\u00ec sulla coercizione? Coercizione\u2026","rel":"","context":"In &quot;Italiano&quot;","block_context":{"text":"Italiano","link":"https:\/\/wir2030.com\/it\/category\/italiano\/"},"img":{"alt_text":"","src":"https:\/\/i0.wp.com\/wir2030.com\/wp-content\/uploads\/2025\/05\/image-5.png?fit=1024%2C768&ssl=1&resize=350%2C200","width":350,"height":200,"srcset":"https:\/\/i0.wp.com\/wir2030.com\/wp-content\/uploads\/2025\/05\/image-5.png?fit=1024%2C768&ssl=1&resize=350%2C200 1x, https:\/\/i0.wp.com\/wir2030.com\/wp-content\/uploads\/2025\/05\/image-5.png?fit=1024%2C768&ssl=1&resize=525%2C300 1.5x, https:\/\/i0.wp.com\/wir2030.com\/wp-content\/uploads\/2025\/05\/image-5.png?fit=1024%2C768&ssl=1&resize=700%2C400 2x"},"classes":[]},{"id":1278,"url":"https:\/\/wir2030.com\/it\/2025\/05\/31\/tesi-14-chiunque-censuri-le-critiche-ha-qualcosa-da-nascondere\/","url_meta":{"origin":712,"position":3},"title":"Tesi 14: Chiunque censuri le critiche ha qualcosa da nascondere.","author":"boschimo","date":"31 Maggio 2025","format":false,"excerpt":"Spiegazione e giustificazione La critica \u00e8 il polso di ogni societ\u00e0 libera.\u00c8 il segno vivente di una democrazia, il sistema di allarme precoce del potere, il correttivo degli errori istituzionali.Dove la critica \u00e8 consentita, il potere pu\u00f2 essere messo in discussione, scrutato e corretto.Dove viene soppressa, crescono l'arbitrio, la corruzione\u2026","rel":"","context":"In &quot;Italiano&quot;","block_context":{"text":"Italiano","link":"https:\/\/wir2030.com\/it\/category\/italiano\/"},"img":{"alt_text":"","src":"https:\/\/i0.wp.com\/wir2030.com\/wp-content\/uploads\/2025\/05\/2025-05-26-10.49.58-AM.png?fit=626%2C524&ssl=1&resize=350%2C200","width":350,"height":200,"srcset":"https:\/\/i0.wp.com\/wir2030.com\/wp-content\/uploads\/2025\/05\/2025-05-26-10.49.58-AM.png?fit=626%2C524&ssl=1&resize=350%2C200 1x, https:\/\/i0.wp.com\/wir2030.com\/wp-content\/uploads\/2025\/05\/2025-05-26-10.49.58-AM.png?fit=626%2C524&ssl=1&resize=525%2C300 1.5x"},"classes":[]},{"id":867,"url":"https:\/\/wir2030.com\/it\/2025\/05\/17\/tesi-9-qualsiasi-misura-senza-dibattito-e-un-colpo-alla-democrazia\/","url_meta":{"origin":712,"position":4},"title":"Tesi 9: Qualsiasi misura senza dibattito \u00e8 un colpo alla democrazia.","author":"boschimo","date":"17 Maggio 2025","format":false,"excerpt":"Spiegazione e giustificazione La democrazia vive di controversie, di scambi aperti di opinioni diverse, di dibattiti pubblici, di critiche, di contro-discorsi e di correzioni. Le decisioni che riguardano tutti non devono mai essere prese nell'ombra. Devono essere sotto gli occhi di tutti, giustificate, esaminate e discusse. Dove finisce il dibattito,\u2026","rel":"","context":"In &quot;Italiano&quot;","block_context":{"text":"Italiano","link":"https:\/\/wir2030.com\/it\/category\/italiano\/"},"img":{"alt_text":"","src":"https:\/\/i0.wp.com\/wir2030.com\/wp-content\/uploads\/2025\/05\/image-10.png?fit=1024%2C768&ssl=1&resize=350%2C200","width":350,"height":200,"srcset":"https:\/\/i0.wp.com\/wir2030.com\/wp-content\/uploads\/2025\/05\/image-10.png?fit=1024%2C768&ssl=1&resize=350%2C200 1x, https:\/\/i0.wp.com\/wir2030.com\/wp-content\/uploads\/2025\/05\/image-10.png?fit=1024%2C768&ssl=1&resize=525%2C300 1.5x, https:\/\/i0.wp.com\/wir2030.com\/wp-content\/uploads\/2025\/05\/image-10.png?fit=1024%2C768&ssl=1&resize=700%2C400 2x"},"classes":[]},{"id":1389,"url":"https:\/\/wir2030.com\/it\/2025\/06\/02\/tesi-67-il-totalitarismo-non-inizia-con-le-catene-ma-con-la-perdita-di-responsabilita\/","url_meta":{"origin":712,"position":5},"title":"Tesi 67: Il totalitarismo non inizia con le catene, ma con la perdita di responsabilit\u00e0.","author":"boschimo","date":"2 Giugno 2025","format":false,"excerpt":"Spiegazione e giustificazione I sistemi totalitari raramente sono accompagnati da uniformi, sirene o violenza.Spesso si presentano come amichevoli aiutanti - come autorit\u00e0 sanitarie, consulenti per la sicurezza, salvatori del clima, protettori dell \u201cinfanzia o agenzie per l\u201d innovazione digitale.Fanno appello al bene, parlano di responsabilit\u00e0 - ma significano obbedienza. Il\u2026","rel":"","context":"In &quot;Italiano&quot;","block_context":{"text":"Italiano","link":"https:\/\/wir2030.com\/it\/category\/italiano\/"},"img":{"alt_text":"","src":"https:\/\/i0.wp.com\/wir2030.com\/wp-content\/uploads\/2025\/05\/image-33.png?fit=1024%2C768&ssl=1&resize=350%2C200","width":350,"height":200,"srcset":"https:\/\/i0.wp.com\/wir2030.com\/wp-content\/uploads\/2025\/05\/image-33.png?fit=1024%2C768&ssl=1&resize=350%2C200 1x, https:\/\/i0.wp.com\/wir2030.com\/wp-content\/uploads\/2025\/05\/image-33.png?fit=1024%2C768&ssl=1&resize=525%2C300 1.5x, https:\/\/i0.wp.com\/wir2030.com\/wp-content\/uploads\/2025\/05\/image-33.png?fit=1024%2C768&ssl=1&resize=700%2C400 2x"},"classes":[]}],"_links":{"self":[{"href":"https:\/\/wir2030.com\/it\/wp-json\/wp\/v2\/posts\/712","targetHints":{"allow":["GET"]}}],"collection":[{"href":"https:\/\/wir2030.com\/it\/wp-json\/wp\/v2\/posts"}],"about":[{"href":"https:\/\/wir2030.com\/it\/wp-json\/wp\/v2\/types\/post"}],"author":[{"embeddable":true,"href":"https:\/\/wir2030.com\/it\/wp-json\/wp\/v2\/users\/112514394"}],"replies":[{"embeddable":true,"href":"https:\/\/wir2030.com\/it\/wp-json\/wp\/v2\/comments?post=712"}],"version-history":[{"count":1,"href":"https:\/\/wir2030.com\/it\/wp-json\/wp\/v2\/posts\/712\/revisions"}],"predecessor-version":[{"id":718,"href":"https:\/\/wir2030.com\/it\/wp-json\/wp\/v2\/posts\/712\/revisions\/718"}],"wp:featuredmedia":[{"embeddable":true,"href":"https:\/\/wir2030.com\/it\/wp-json\/wp\/v2\/media\/677"}],"wp:attachment":[{"href":"https:\/\/wir2030.com\/it\/wp-json\/wp\/v2\/media?parent=712"}],"wp:term":[{"taxonomy":"category","embeddable":true,"href":"https:\/\/wir2030.com\/it\/wp-json\/wp\/v2\/categories?post=712"},{"taxonomy":"post_tag","embeddable":true,"href":"https:\/\/wir2030.com\/it\/wp-json\/wp\/v2\/tags?post=712"}],"curies":[{"name":"wp","href":"https:\/\/api.w.org\/{rel}","templated":true}]}}