{"id":1278,"date":"2025-05-31T07:31:00","date_gmt":"2025-05-31T04:31:00","guid":{"rendered":"https:\/\/wir2030.com\/?p=1278"},"modified":"2025-05-31T21:33:07","modified_gmt":"2025-05-31T18:33:07","slug":"tesi-14-chiunque-censuri-le-critiche-ha-qualcosa-da-nascondere","status":"publish","type":"post","link":"https:\/\/wir2030.com\/it\/2025\/05\/31\/tesi-14-chiunque-censuri-le-critiche-ha-qualcosa-da-nascondere\/","title":{"rendered":"Tesi 14: Chiunque censuri le critiche ha qualcosa da nascondere."},"content":{"rendered":"\n<p class=\"wp-block-paragraph\"><strong>Spiegazione e giustificazione<\/strong><\/p>\n\n<p class=\"wp-block-paragraph\">La critica \u00e8 il polso di ogni societ\u00e0 libera.<br\/>\u00c8 il segno vivente di una democrazia, il sistema di allarme precoce del potere, il correttivo degli errori istituzionali.<br\/>Dove la critica \u00e8 consentita, il potere pu\u00f2 essere <strong>messo in discussione, scrutato e corretto<\/strong>.<br\/>Dove viene soppressa, crescono l&#8217;<strong>arbitrio, la corruzione e la tirannia<\/strong>.<\/p>\n\n<p class=\"wp-block-paragraph\">Uno stato, un sistema, un&#8217;istituzione che si isola dalla critica perde la sua <strong>legittimit\u00e0<\/strong> - perch\u00e9 rivela:<br\/><strong>Non serve pi\u00f9 le persone, ma se stesso.<\/strong><\/p>\n\n<p class=\"wp-block-paragraph\"><strong>Perch\u00e9 la critica \u00e8 indispensabile<\/strong><\/p>\n\n<p class=\"wp-block-paragraph\">La critica <strong>non \u00e8 un attacco<\/strong>, ma un segno di allerta spirituale.<br\/>Dimostra che una persona si sta assumendo delle responsabilit\u00e0 - per il bene comune, per la verit\u00e0, per lo sviluppo.<\/p>\n\n<p class=\"wp-block-paragraph\">La critica \u00e8:<\/p>\n\n<ul class=\"wp-block-list\">\n<li>uno <strong>strumento per trovare la verit\u00e0<\/strong>: Solo se le tesi possono essere messe in dubbio, \u00e8 possibile distinguere tra errore e realizzazione.<\/li>\n\n\n\n<li>una <strong>forma di vigilanza<\/strong>: il potere ha bisogno di un contropotere, il controllo ha bisogno di un controcontrollo.<\/li>\n\n\n\n<li>uno <strong>sfogo per il risentimento, senza violenza<\/strong>: la critica incanala la frustrazione in modo costruttivo. La critica repressa, invece, viene spesso scaricata in modo distruttivo. <\/li>\n\n\n\n<li>Il <strong>prerequisito per il progresso, l \u201capprendimento e il cambiamento<\/strong>: che si tratti di scienza, arte, medicina o politica, senza la critica c\u201d \u00e8 stagnazione o regresso.<\/li>\n<\/ul>\n\n<p class=\"wp-block-paragraph\">La <strong>libert\u00e0 di opinione e di parola<\/strong> non sono quindi solo ideali di civilt\u00e0, ma <strong>meccanismi di protezione<\/strong> concreti <strong>contro l&#8217;abuso di potere<\/strong>.<br\/>Dove mancano, emerge una societ\u00e0 della paura, non della verit\u00e0.<\/p>\n\n<p class=\"wp-block-paragraph\"><strong>Che cos&#8217;\u00e8 davvero la censura<\/strong><\/p>\n\n<p class=\"wp-block-paragraph\">Oggi la censura viene spesso venduta come una &#8220;misura protettiva&#8221;: contro la disinformazione, contro l&#8217;odio, contro la &#8220;divisione sociale&#8221;.<br\/>Ma questa \u00e8 un&#8217;illusione.<\/p>\n\n<p class=\"wp-block-paragraph\">La censura \u00e8 nella verit\u00e0:<\/p>\n\n<ul class=\"wp-block-list\">\n<li>il <strong>tentativo di porre fine alle discussioni<\/strong> prima ancora che si svolgano,<\/li>\n\n\n\n<li>la <strong>volont\u00e0 di garantire le gerarchie di potere<\/strong> delegittimando le critiche,<\/li>\n\n\n\n<li>lo <strong>strumento per sopprimere verit\u00e0 scomode<\/strong> che sono politicamente, economicamente o ideologicamente pericolose,<\/li>\n\n\n\n<li>il <strong>tentativo di<\/strong> ottenere <strong>il controllo sulla realt\u00e0<\/strong> mettendo a tacere i punti di vista alternativi.<\/li>\n<\/ul>\n\n<p class=\"wp-block-paragraph\"><strong>La censura non protegge dalle bugie, ma protegge le bugie dall \u201cessere smascherate.<\/strong><br\/>Chi non sopporta le critiche non ha paura dell\u201d errore, ma <strong>della verit\u00e0<\/strong>.<\/p>\n\n<p class=\"wp-block-paragraph\"><strong>Forme attuali di censura<\/strong><\/p>\n\n<p class=\"wp-block-paragraph\">Nelle societ\u00e0 democratiche di oggi, la censura non si manifesta pi\u00f9 principalmente attraverso i roghi di libri o i divieti aperti.<br\/>\u00c8 pi\u00f9 sottile, pi\u00f9 sofisticata e quindi pi\u00f9 pericolosa. Opera attraverso: <\/p>\n\n<ul class=\"wp-block-list\">\n<li><strong>\u201cVerifiche dei fatti\u201d<\/strong> che <strong>svalutano le opinioni dissenzienti<\/strong> con apparente obiettivit\u00e0,<\/li>\n\n\n\n<li><strong>Cancellazione di post sui social network<\/strong> senza alcuna base legale o giustificazione trasparente,<\/li>\n\n\n\n<li><strong>Blocco delle piattaforme, shadow banning, demonetizzazione<\/strong>: metodi digitali di esclusione sociale,<\/li>\n\n\n\n<li><strong>Termini legali vaghi<\/strong> come &#8220;delegittimazione dello Stato&#8221;, &#8220;discorso d&#8217;odio&#8221; o &#8220;disinformazione&#8221; che creano un clima di intimidazione,<\/li>\n\n\n\n<li><strong>Repressione professionale<\/strong> contro medici, scienziati, giornalisti, artisti o funzionari pubblici critici che si discostano dalla linea ufficiale.<\/li>\n<\/ul>\n\n<p class=\"wp-block-paragraph\"><strong>La censura non distrugge solo le singole voci, ma anche il dibattito stesso.<\/strong><br\/>E senza dibattito non c&#8217;\u00e8 democrazia.<\/p>\n\n<p class=\"wp-block-paragraph\"><strong>Esempi storici e internazionali:<\/strong><\/p>\n\n<p class=\"wp-block-paragraph\"><strong>1. la Rosa Bianca (Germania, 1942-1943)<\/strong><\/p>\n\n<p class=\"wp-block-paragraph\">I fratelli <strong>Hans e Sophie Scholl<\/strong> e i loro compagni di campagna a Monaco di Baviera distribuirono volantini contro il regime nazista.<br\/>Mettevano in guardia dall&#8217;ingiustizia, invitavano alla resistenza contro Hitler e facevano appello alla coscienza.<br\/>Le loro critiche erano <strong>vere<\/strong>, ma vennero punite come &#8220;alto tradimento&#8221;.<br\/>Hans e Sophie Scholl vennero <strong>giustiziati<\/strong> il 22 febbraio 1943.<br\/>Il loro coraggio continua a ricordarci che la <strong>verit\u00e0 ha bisogno di protezione, non di persecuzione<\/strong>.<\/p>\n\n<p class=\"wp-block-paragraph\"><strong>2 Julian Assange (Australia \/ Gran Bretagna \/ USA)<\/strong><\/p>\n\n<p class=\"wp-block-paragraph\">Nel 2010, il fondatore di <strong>WikiLeaks<\/strong> pubblic\u00f2 i documenti trapelati che provavano i crimini di guerra commessi dall&#8217;esercito americano in Iraq e in Afghanistan, tra cui l&#8217;uccisione di civili.<br\/>Assange divenne il bersaglio di una persecuzione mondiale, isolato in un&#8217;ambasciata per anni e successivamente imprigionato nel carcere di massima sicurezza di Belmarsh.<br\/>Non perch\u00e9 avesse mentito, ma <strong>perch\u00e9<\/strong> aveva <strong>documentato la verit\u00e0<\/strong>.<\/p>\n\n<p class=\"wp-block-paragraph\"><strong>3 Edward Snowden (USA \/ Russia)<\/strong><\/p>\n\n<p class=\"wp-block-paragraph\">Nel 2013, l \u201cex dipendente della NSA ha scoperto la <strong>sorveglianza di massa della popolazione statunitense e internazionale<\/strong> da parte delle agenzie di intelligence.<br\/>\u00c8 stato perseguito e da allora vive in esilio.<br\/><strong>Le sue rivelazioni<\/strong> hanno scatenato un\u201d indignazione globale, <strong>non contro le agenzie di sorveglianza, ma contro di lui.<\/strong><\/p>\n\n<p class=\"wp-block-paragraph\"><strong>4. Nelson Mandela (Sudafrica)<\/strong><\/p>\n\n<p class=\"wp-block-paragraph\">Mandela \u00e8 stato bollato come <strong>terrorista<\/strong> per decenni perch\u00e9 si opponeva al regime dell \u201capartheid.<br\/>Ha trascorso <strong>27 anni in prigione<\/strong> per una verit\u00e0 che oggi \u00e8 considerata un diritto umano evidente: <strong>tutte le persone sono uguali.<\/strong><br\/>Oggi \u00e8 venerato - all\u201d epoca era censurato.<\/p>\n\n<p class=\"wp-block-paragraph\"><strong>5 Ai Weiwei (Cina)<\/strong><\/p>\n\n<p class=\"wp-block-paragraph\">L \u201cartista e attivista cinese ha criticato la corruzione, la distruzione dell\u201d ambiente e le violazioni dei diritti umani nella Repubblica Popolare Cinese.<br\/>\u00c8 stato <strong>arrestato pi\u00f9 volte<\/strong>, le sue opere sono state vietate, la sua voce soppressa - anche se ha detto verit\u00e0 che molti nel paese condividevano ma che non gli era permesso di esprimere.<\/p>\n\n<p class=\"wp-block-paragraph\"><strong>6 Dr Simon Goddek, Prof Bhakdi, Dr Bodo Schiffmann, Dr Wodarg e molti altri (Internazionale, dal 2020)<\/strong><br\/><br\/>Durante la crisi del COVID-19, numerosi scienziati e medici che hanno espresso critiche fondate sulle misure, sulla politica vaccinale o sui blocchi sono stati <strong>censurati, diffamati, esclusi dalle associazioni professionali o cancellati dalle piattaforme<\/strong>.<br\/>Hanno posto domande, presentato dati, lanciato avvertimenti - e sono stati dichiarati \u201cpericoli\u201d per averlo fatto.<br\/>In molti casi, \u00e8 emerso solo mesi dopo che <strong>le loro critiche erano giustificate<\/strong>.<\/p>\n\n<p class=\"wp-block-paragraph\"><strong>7. Oleg Orlov (Russia, 2024)<\/strong><br\/><br\/>L &#8220;attivista per i diritti umani e cofondatore di Memorial \u00e8 stato condannato a <strong>2,5 anni di carcere<\/strong> nel 2024 per aver definito \u2018fascista\u2019 la guerra di Putin contro l&#8221; Ucraina.<br\/>Il suo &#8220;crimine&#8221;: <strong>un saggio<\/strong>.<\/p>\n\n<p class=\"wp-block-paragraph\"><strong>8. Prof. Carl Heneghan &amp; Dr. Tom Jefferson (Regno Unito)<\/strong><br\/><br\/>I due scienziati dell&#8217;Oxford Centre for Evidence-Based Medicine hanno criticato le prove alla base delle chiusure, delle mascherine obbligatorie e della chiusura delle scuole durante la pandemia di coronavirus.<br\/>Sebbene abbiano presentato studi rinomati, le loro voci sono state sminuite dai fact-checkers, screditate dai media e censurate sulle piattaforme sociali.<br\/>Il dibattito pubblico ha lasciato il posto a un clima di esclusione, non perch\u00e9 stessero diffondendo informazioni false, ma perch\u00e9 i loro <strong>fatti<\/strong> erano <strong>politicamente indesiderati<\/strong>.<\/p>\n\n<p class=\"wp-block-paragraph\"><strong>9 Dr Jordan Peterson (Canada)<\/strong><br\/><br\/>Il professore di psicologia \u00e8 diventato famoso a livello internazionale perch\u00e9 si \u00e8 opposto a una legge canadese che voleva introdurre l&#8217;uso obbligatorio di alcuni pronomi di genere.<br\/>Non ha criticato le persone in questione, ma la <strong>costrizione dello Stato a regolamentare il linguaggio<\/strong>.<br\/>La sua posizione ha provocato attacchi massicci da parte dei media, inviti al boicottaggio, restrizioni all&#8217;insegnamento universitario e infine la revoca della sua licenza di psicoterapia.<br\/>Non perch\u00e9 avesse agito in modo non etico, ma <strong>perch\u00e9 non era d&#8217;accordo<\/strong>.<\/p>\n\n<p class=\"wp-block-paragraph\"><strong>10. proteste dei camionisti in Canada (2022)<\/strong><br\/><br\/>Decine di migliaia di camionisti canadesi hanno protestato pacificamente contro le vaccinazioni obbligatorie e le eccessive misure contro il coronavirus.<br\/>Invece di dialogare, il governo Trudeau ha optato per la diffamazione: sono stati etichettati come estremisti, anche se non hanno causato alcuna violenza.<br\/>account sono stati congelati, le piattaforme di donazione bloccate, i sostenitori monitorati - una <strong>forma completamente extragiudiziale di repressione digitale<\/strong> contro i cittadini che hanno espresso un&#8217;opinione dissenziente.<\/p>\n\n<p class=\"wp-block-paragraph\"><strong>11. Dr Simon Thornley (Nuova Zelanda)<\/strong><br\/><br\/>L \u201cepidemiologo dell\u201d Universit\u00e0 di Auckland ha contraddetto la strategia \u201czero COVID\u201d della Nuova Zelanda e ha messo in guardia dai rischi dei nuovi vaccini.<br\/>Nonostante le affermazioni basate su fatti e dati scientifici, \u00e8 stato etichettato come \u201cpericoloso\u201d dai media, evitato dagli esperti e allontanato dal discorso pubblico.<br\/>Non perch\u00e9 stesse dicendo sciocchezze, ma <strong>perch\u00e9 non si \u00e8 sottomesso al consenso<\/strong>.<\/p>\n\n<p class=\"wp-block-paragraph\"><strong>12\u00b0 Billy Te Kahika Jr (Nuova Zelanda) <\/strong><br\/><br\/>Musicista, politico e attivista che si \u00e8 espresso pubblicamente contro le misure autoritarie durante la crisi del coronavirus.<br\/>I suoi account sui social media sono stati cancellati, gli eventi vietati, i sostenitori criminalizzati - non per violenza o agitazione, ma <strong>per opinioni critiche nei confronti del governo<\/strong>.<br\/>Lo Stato ha agito come se fosse in uno stato di guerra contro le parole - non contro i fatti.<\/p>\n\n<p class=\"wp-block-paragraph\"><strong>13. Prof. Didier Raoult (Francia)<\/strong><br\/><br\/>Il virologo francese divenne famoso quando sostenne l&#8217;uso dell&#8217;idrossiclorochina all&#8217;inizio della pandemia.<br\/>Ci\u00f2 che segu\u00ec fu una caduta senza precedenti: censura delle sue ricerche, influenza politica sulla sua clinica, diffamazione massiccia da parte della stampa.<br\/>Sebbene gli studi successivi avessero supportato molte delle sue affermazioni, la sua reputazione rimase danneggiata - <strong>non perch\u00e9 avesse torto, ma perch\u00e9 era scomodo<\/strong>.<\/p>\n\n<p class=\"wp-block-paragraph\"><strong>14. gilets jaunes - i gilet gialli (Francia)<\/strong><br\/><br\/>Il movimento \u00e8 iniziato come una protesta contro l&#8217;aumento dei prezzi del carburante, ma si \u00e8 rapidamente trasformato in una critica alla disuguaglianza sociale e alla mancanza di partecipazione civica.<br\/>La risposta dello Stato: violenze massicce da parte della polizia, restrizioni alla libert\u00e0 di riunione, censura di notizie alternative, sorveglianza degli organizzatori.<br\/>Quella che era iniziata come una protesta democratica \u00e8 stata reinterpretata come una &#8220;minaccia&#8221; da misure statali mirate - <strong>e sistematicamente repressa<\/strong>.<\/p>\n\n<p class=\"wp-block-paragraph\">Questi esempi dimostrano in modo impressionante:<br\/> La censura<strong>non \u00e8 una reliquia delle dittature del passato<\/strong> - \u00e8 un pericolo reale in mezzo alle democrazie moderne.<br\/>Non si presenta sempre sotto forma di divieti aperti - ma sotto forma di pressioni, esclusione, de-piattaforma, ritiro della licenza, agitazione dei media o delegittimazione mirata.<\/p>\n\n<p class=\"wp-block-paragraph\"><strong>La verit\u00e0 \u00e8 spesso scomoda.<br\/>Ma una societ\u00e0 libera si riconosce da come affronta la verit\u00e0 scomoda.<\/strong><br\/>Il valore della libert\u00e0 di opinione non si dimostra con gli applausi, ma con la contraddizione.<br\/><\/p>\n\n<p class=\"wp-block-paragraph\"><strong>Perch\u00e9 \u00e8 pericoloso<\/strong><\/p>\n\n<p class=\"wp-block-paragraph\">La censura non \u00e8 un effetto collaterale, \u00e8 un <strong>errore del sistema<\/strong>.<br\/>Denn:<\/p>\n\n<ul class=\"wp-block-list\">\n<li>Dove la critica \u00e8 proibita, <strong>non \u00e8 possibile riconoscere alcun errore<\/strong>.<\/li>\n\n\n\n<li>Quando il dissenso viene soppresso, l&#8217;<strong>onest\u00e0 scientifica<\/strong> muore.<\/li>\n\n\n\n<li>Quando le voci dissenzienti sono considerate \u201cnemiche\u201d, nasce la <strong>paranoia politica<\/strong>.<\/li>\n\n\n\n<li>Quando la verit\u00e0 diventa una minaccia, le <strong>bugie sono una questione di stato<\/strong>.<\/li>\n\n\n\n<li>Chi elimina le critiche non solo distrugge la libert\u00e0, ma <strong>anche la fiducia<\/strong>.<\/li>\n<\/ul>\n\n<p class=\"wp-block-paragraph\"><strong>La censura \u00e8 un atto di paura.<\/strong><br\/>E una societ\u00e0 che ha paura della verit\u00e0 <strong>non \u00e8 stabile, \u00e8 malata.<\/strong><\/p>\n\n<p class=\"wp-block-paragraph\"><strong>La nostra posizione<\/strong><\/p>\n\n<p class=\"wp-block-paragraph\"><strong>Le richieste di We2030:<\/strong><\/p>\n\n<ul class=\"wp-block-list\">\n<li><strong>Fine della censura<\/strong> da parte dello Stato, delle piattaforme, degli algoritmi, dei media e delle istituzioni scientifiche.<\/li>\n\n\n\n<li>La <strong>piena protezione delle voci critiche<\/strong>, a prescindere dalla loro popolarit\u00e0 o dalla loro categorizzazione politica.<\/li>\n\n\n\n<li><strong>Ripristinare una vera cultura della discussione<\/strong>, con rispetto, apertura e disponibilit\u00e0 al disaccordo.<\/li>\n\n\n\n<li>Una <strong>revisione pubblica di tutti i casi di censura, esclusione e repressione a sfondo politico<\/strong>, in particolare dal 2020.<\/li>\n\n\n\n<li>La <strong>riabilitazione di<\/strong> coloro che sono stati ingiustamente diffamati, cancellati o messi a tacere<\/li>\n<\/ul>\n\n<p class=\"wp-block-paragraph\">Perch\u00e9:<\/p>\n\n<p class=\"wp-block-paragraph\"><strong>Chiunque censuri le critiche ha qualcosa da nascondere.<\/strong><br\/>Una societ\u00e0 che non permette pi\u00f9 le critiche non \u00e8 libera, ma \u00e8 sulla strada dell&#8217;autoritarismo.<br\/><strong>La verit\u00e0 ha bisogno di coraggio. E di protezione. <\/strong><\/p>\n\n<p class=\"wp-block-paragraph\"><\/p>\n","protected":false},"excerpt":{"rendered":"<p>Spiegazione e giustificazione La critica \u00e8 il polso di ogni societ\u00e0 libera.\u00c8 il segno vivente di una democrazia, il sistema di allarme precoce del potere, il correttivo degli errori istituzionali.Dove la critica \u00e8 consentita, il potere pu\u00f2 essere messo in discussione, scrutato e corretto.Dove viene soppressa, crescono l&#8217;arbitrio, la corruzione e la tirannia. Uno stato, [&hellip;]<\/p>\n","protected":false},"author":112514394,"featured_media":1258,"comment_status":"open","ping_status":"open","sticky":false,"template":"","format":"standard","meta":{"_crdt_document":"","advanced_seo_description":"","jetpack_seo_html_title":"","jetpack_seo_noindex":false,"_jetpack_newsletter_access":"","_jetpack_dont_email_post_to_subs":false,"_jetpack_newsletter_tier_id":0,"_jetpack_memberships_contains_paywalled_content":false,"_jetpack_memberships_contains_paid_content":false,"footnotes":"","jetpack_publicize_message":"","jetpack_publicize_feature_enabled":true,"jetpack_social_post_already_shared":true,"jetpack_social_options":{"image_generator_settings":{"template":"highway","default_image_id":0,"font":"","enabled":false},"version":2},"_wpas_customize_per_network":false,"jetpack_post_was_ever_published":false},"categories":[10096793],"tags":[],"class_list":["post-1278","post","type-post","status-publish","format-standard","has-post-thumbnail","hentry","category-italiano"],"jetpack_publicize_connections":[],"jetpack_featured_media_url":"https:\/\/i0.wp.com\/wir2030.com\/wp-content\/uploads\/2025\/05\/2025-05-26-10.49.58-AM.png?fit=626%2C524&ssl=1","jetpack_likes_enabled":true,"jetpack_sharing_enabled":true,"jetpack_shortlink":"https:\/\/wp.me\/pgv6KY-kC","jetpack-related-posts":[{"id":1168,"url":"https:\/\/wir2030.com\/it\/2025\/05\/28\/tesi-71-un-buon-stato-protegge-i-suoi-critici-non-il-suo-potere\/","url_meta":{"origin":1278,"position":0},"title":"Tesi 71: Un buon Stato protegge i suoi critici, non il suo potere.","author":"boschimo","date":"28 Maggio 2025","format":false,"excerpt":"Spiegazione e giustificazione La vera maturit\u00e0 di uno Stato non \u00e8 dimostrata dagli applausi della maggioranza,ma da come affronta il dissenso della minoranza. Il consenso \u00e8 comodo, prevedibile, controllabile.Ma la critica \u00e8 scomoda, imprevedibile e quindi preziosa. La critica non \u00e8 un attacco, ma un sistema di allarme precoce.Uno Stato\u2026","rel":"","context":"In &quot;Italiano&quot;","block_context":{"text":"Italiano","link":"https:\/\/wir2030.com\/it\/category\/italiano\/"},"img":{"alt_text":"","src":"https:\/\/i0.wp.com\/wir2030.com\/wp-content\/uploads\/2025\/05\/menschen-verschiedener-meinung-europaer-vor-dem-bundestag-statt-weissem-haus.png?fit=1024%2C768&ssl=1&resize=350%2C200","width":350,"height":200,"srcset":"https:\/\/i0.wp.com\/wir2030.com\/wp-content\/uploads\/2025\/05\/menschen-verschiedener-meinung-europaer-vor-dem-bundestag-statt-weissem-haus.png?fit=1024%2C768&ssl=1&resize=350%2C200 1x, https:\/\/i0.wp.com\/wir2030.com\/wp-content\/uploads\/2025\/05\/menschen-verschiedener-meinung-europaer-vor-dem-bundestag-statt-weissem-haus.png?fit=1024%2C768&ssl=1&resize=525%2C300 1.5x, https:\/\/i0.wp.com\/wir2030.com\/wp-content\/uploads\/2025\/05\/menschen-verschiedener-meinung-europaer-vor-dem-bundestag-statt-weissem-haus.png?fit=1024%2C768&ssl=1&resize=700%2C400 2x"},"classes":[]},{"id":1450,"url":"https:\/\/wir2030.com\/it\/2025\/06\/10\/tesi-11-la-scienza-prospera-sulla-contraddizione-non-sul-consenso\/","url_meta":{"origin":1278,"position":1},"title":"Tesi 11: La scienza prospera sulla contraddizione, non sul consenso.","author":"boschimo","date":"10 Giugno 2025","format":false,"excerpt":"Introduzione: La scienza non \u00e8 un dogma, ma un dialogo con la realt\u00e0 La scienza inizia dove la curiosit\u00e0 incontra la realt\u00e0, non dove l'autorit\u00e0 decide cosa deve essere vero.Vive di osservazione, critica, rivedibilit\u00e0 e soprattutto di un dubbio coraggioso. Non \u00e8 il consenso, non \u00e8 la maggioranza e non\u2026","rel":"","context":"In &quot;Italiano&quot;","block_context":{"text":"Italiano","link":"https:\/\/wir2030.com\/it\/category\/italiano\/"},"img":{"alt_text":"","src":"https:\/\/i0.wp.com\/wir2030.com\/wp-content\/uploads\/2025\/06\/image-1.png?fit=1024%2C768&ssl=1&resize=350%2C200","width":350,"height":200,"srcset":"https:\/\/i0.wp.com\/wir2030.com\/wp-content\/uploads\/2025\/06\/image-1.png?fit=1024%2C768&ssl=1&resize=350%2C200 1x, https:\/\/i0.wp.com\/wir2030.com\/wp-content\/uploads\/2025\/06\/image-1.png?fit=1024%2C768&ssl=1&resize=525%2C300 1.5x, https:\/\/i0.wp.com\/wir2030.com\/wp-content\/uploads\/2025\/06\/image-1.png?fit=1024%2C768&ssl=1&resize=700%2C400 2x"},"classes":[]},{"id":863,"url":"https:\/\/wir2030.com\/it\/2025\/05\/17\/tesi-10-la-liberta-di-espressione-non-e-relativa-e-assoluta\/","url_meta":{"origin":1278,"position":2},"title":"Tesi 10: La libert\u00e0 di espressione non \u00e8 relativa, \u00e8 assoluta.","author":"boschimo","date":"17 Maggio 2025","format":false,"excerpt":"Spiegazione e giustificazione La libert\u00e0 di opinione non \u00e8 un privilegio, ma un diritto umano.Non \u00e8 negoziabile, non dipende dalle maggioranze, non \u00e8 limitata dalle ideologie o dallo Zeitgeist.Si applica a tutte le persone, su tutti gli argomenti, in tutti i tempi. Ed \u00e8 particolarmente prezioso quando protegge le opinioni\u2026","rel":"","context":"In &quot;Italiano&quot;","block_context":{"text":"Italiano","link":"https:\/\/wir2030.com\/it\/category\/italiano\/"},"img":{"alt_text":"","src":"https:\/\/i0.wp.com\/wir2030.com\/wp-content\/uploads\/2025\/05\/10-die-meinungsfreiheit-ist-nicht-relativ-sie-ist.png?fit=1024%2C768&ssl=1&resize=350%2C200","width":350,"height":200,"srcset":"https:\/\/i0.wp.com\/wir2030.com\/wp-content\/uploads\/2025\/05\/10-die-meinungsfreiheit-ist-nicht-relativ-sie-ist.png?fit=1024%2C768&ssl=1&resize=350%2C200 1x, https:\/\/i0.wp.com\/wir2030.com\/wp-content\/uploads\/2025\/05\/10-die-meinungsfreiheit-ist-nicht-relativ-sie-ist.png?fit=1024%2C768&ssl=1&resize=525%2C300 1.5x, https:\/\/i0.wp.com\/wir2030.com\/wp-content\/uploads\/2025\/05\/10-die-meinungsfreiheit-ist-nicht-relativ-sie-ist.png?fit=1024%2C768&ssl=1&resize=700%2C400 2x"},"classes":[]},{"id":880,"url":"https:\/\/wir2030.com\/it\/2025\/05\/18\/tesi-35-chiunque-difenda-la-democrazia-non-e-un-estremista\/","url_meta":{"origin":1278,"position":3},"title":"Tesi 35: Chiunque difenda la democrazia non \u00e8 un estremista.","author":"boschimo","date":"18 Maggio 2025","format":false,"excerpt":"Spiegazione e giustificazione La democrazia prospera grazie all \u201cimpegno dei suoi cittadini, non alla loro sottomissione.Chiunque la difenda, evidenzi le sue rimostranze, richieda i diritti fondamentali e si opponga all\u201d abuso di potere non agisce in modo radicale, ma democratico. Questa tesi stabilisce un chiaro confine contro una narrazione pericolosa:\u2026","rel":"","context":"In &quot;Italiano&quot;","block_context":{"text":"Italiano","link":"https:\/\/wir2030.com\/it\/category\/italiano\/"},"img":{"alt_text":"","src":"https:\/\/i0.wp.com\/wir2030.com\/wp-content\/uploads\/2025\/05\/image-13.png?fit=1024%2C768&ssl=1&resize=350%2C200","width":350,"height":200,"srcset":"https:\/\/i0.wp.com\/wir2030.com\/wp-content\/uploads\/2025\/05\/image-13.png?fit=1024%2C768&ssl=1&resize=350%2C200 1x, https:\/\/i0.wp.com\/wir2030.com\/wp-content\/uploads\/2025\/05\/image-13.png?fit=1024%2C768&ssl=1&resize=525%2C300 1.5x, https:\/\/i0.wp.com\/wir2030.com\/wp-content\/uploads\/2025\/05\/image-13.png?fit=1024%2C768&ssl=1&resize=700%2C400 2x"},"classes":[]},{"id":802,"url":"https:\/\/wir2030.com\/it\/2025\/05\/17\/tesi-3-la-dittatura-inizia-quando-i-media-sono-sincronizzati\/","url_meta":{"origin":1278,"position":4},"title":"Tesi 3: La dittatura inizia quando i media sono sincronizzati.","author":"boschimo","date":"17 Maggio 2025","format":false,"excerpt":"Spiegazione e giustificazione Una societ\u00e0 libera prospera grazie a un discorso aperto, allo scontro di opinioni e alla competizione di idee. I media svolgono un ruolo fondamentale in questo senso: devono informare, illuminare e controllare, non indottrinare. Sono il quarto pilastro non ufficiale della separazione dei poteri. Tuttavia, quando tutti\u2026","rel":"","context":"In &quot;Non classificato&quot;","block_context":{"text":"Non classificato","link":"https:\/\/wir2030.com\/it\/category\/non-classificato\/"},"img":{"alt_text":"","src":"https:\/\/i0.wp.com\/wir2030.com\/wp-content\/uploads\/2025\/05\/image-4.png?fit=1024%2C768&ssl=1&resize=350%2C200","width":350,"height":200,"srcset":"https:\/\/i0.wp.com\/wir2030.com\/wp-content\/uploads\/2025\/05\/image-4.png?fit=1024%2C768&ssl=1&resize=350%2C200 1x, https:\/\/i0.wp.com\/wir2030.com\/wp-content\/uploads\/2025\/05\/image-4.png?fit=1024%2C768&ssl=1&resize=525%2C300 1.5x, https:\/\/i0.wp.com\/wir2030.com\/wp-content\/uploads\/2025\/05\/image-4.png?fit=1024%2C768&ssl=1&resize=700%2C400 2x"},"classes":[]},{"id":1390,"url":"https:\/\/wir2030.com\/it\/2025\/06\/04\/tesi-87-il-controllo-non-genera-fiducia\/","url_meta":{"origin":1278,"position":5},"title":"Tesi 87: Il controllo non genera fiducia.","author":"boschimo","date":"4 Giugno 2025","format":false,"excerpt":"Spiegazione e giustificazione La fiducia \u00e8 un bene vivo. Non \u00e8 creata da regolamenti, telecamere o coercizione.La fiducia \u00e8 un'offerta, non un ordine. Prospera nello spazio della libert\u00e0 e soffoca sotto il peso della sorveglianza. Ma il mondo moderno sembra aver dimenticato questo principio.Al posto dell \u201cintegrit\u00e0 e del dialogo,\u2026","rel":"","context":"In &quot;Italiano&quot;","block_context":{"text":"Italiano","link":"https:\/\/wir2030.com\/it\/category\/italiano\/"},"img":{"alt_text":"","src":"https:\/\/i0.wp.com\/wir2030.com\/wp-content\/uploads\/2025\/05\/image-34.png?fit=1024%2C768&ssl=1&resize=350%2C200","width":350,"height":200,"srcset":"https:\/\/i0.wp.com\/wir2030.com\/wp-content\/uploads\/2025\/05\/image-34.png?fit=1024%2C768&ssl=1&resize=350%2C200 1x, https:\/\/i0.wp.com\/wir2030.com\/wp-content\/uploads\/2025\/05\/image-34.png?fit=1024%2C768&ssl=1&resize=525%2C300 1.5x, https:\/\/i0.wp.com\/wir2030.com\/wp-content\/uploads\/2025\/05\/image-34.png?fit=1024%2C768&ssl=1&resize=700%2C400 2x"},"classes":[]}],"_links":{"self":[{"href":"https:\/\/wir2030.com\/it\/wp-json\/wp\/v2\/posts\/1278","targetHints":{"allow":["GET"]}}],"collection":[{"href":"https:\/\/wir2030.com\/it\/wp-json\/wp\/v2\/posts"}],"about":[{"href":"https:\/\/wir2030.com\/it\/wp-json\/wp\/v2\/types\/post"}],"author":[{"embeddable":true,"href":"https:\/\/wir2030.com\/it\/wp-json\/wp\/v2\/users\/112514394"}],"replies":[{"embeddable":true,"href":"https:\/\/wir2030.com\/it\/wp-json\/wp\/v2\/comments?post=1278"}],"version-history":[{"count":4,"href":"https:\/\/wir2030.com\/it\/wp-json\/wp\/v2\/posts\/1278\/revisions"}],"predecessor-version":[{"id":1407,"href":"https:\/\/wir2030.com\/it\/wp-json\/wp\/v2\/posts\/1278\/revisions\/1407"}],"wp:featuredmedia":[{"embeddable":true,"href":"https:\/\/wir2030.com\/it\/wp-json\/wp\/v2\/media\/1258"}],"wp:attachment":[{"href":"https:\/\/wir2030.com\/it\/wp-json\/wp\/v2\/media?parent=1278"}],"wp:term":[{"taxonomy":"category","embeddable":true,"href":"https:\/\/wir2030.com\/it\/wp-json\/wp\/v2\/categories?post=1278"},{"taxonomy":"post_tag","embeddable":true,"href":"https:\/\/wir2030.com\/it\/wp-json\/wp\/v2\/tags?post=1278"}],"curies":[{"name":"wp","href":"https:\/\/api.w.org\/{rel}","templated":true}]}}