{"id":1272,"date":"2025-05-30T08:26:00","date_gmt":"2025-05-30T05:26:00","guid":{"rendered":"https:\/\/wir2030.com\/?p=1272"},"modified":"2025-05-26T13:17:29","modified_gmt":"2025-05-26T10:17:29","slug":"tesi-32-la-dignita-umana-si-applica-anche-in-uno-stato-di-emergenza","status":"publish","type":"post","link":"https:\/\/wir2030.com\/it\/2025\/05\/30\/tesi-32-la-dignita-umana-si-applica-anche-in-uno-stato-di-emergenza\/","title":{"rendered":"Tesi 32: La dignit\u00e0 umana si applica anche in uno stato di emergenza."},"content":{"rendered":"\n<h3 class=\"wp-block-heading\"><strong>Spiegazione e giustificazione<\/strong><\/h3>\n\n<p class=\"wp-block-paragraph\">La dignit\u00e0 umana \u00e8 inviolabile.<br\/>Questo \u00e8 quanto afferma l&#8217;articolo 1 (1) della Legge Fondamentale - e questa frase non \u00e8 un decoro, non \u00e8 una citazione per discorsi commemorativi, non \u00e8 un principio di circostanza.<br\/>\u00c8 <strong>assoluta<\/strong>.<br\/>Non si applica in modo condizionato, non dipende da situazioni politiche, non solo in tempi di stabilit\u00e0 o di prosperit\u00e0.<br\/>Si applica <strong>sempre<\/strong>.<br\/>Anche - e soprattutto - <strong>in uno stato di emergenza.<\/strong><\/p>\n\n<p class=\"wp-block-paragraph\">Perch\u00e9 \u00e8 qui che si decide se uno Stato e la sua societ\u00e0 hanno effettivamente interiorizzato i propri principi o se stanno solo rendendo un servizio a parole, che nel peggiore dei casi cede come la carta sotto la pioggia.<\/p>\n\n<hr class=\"wp-block-separator has-alpha-channel-opacity\"\/>\n\n<h3 class=\"wp-block-heading\"><strong>Cosa significa dignit\u00e0 umana?<\/strong><\/h3>\n\n<p class=\"wp-block-paragraph\">La dignit\u00e0 umana non \u00e8 un dono dello Stato.<br\/>E non \u00e8 nemmeno un premio per la buona condotta.<br\/>\u00c8 una <strong>condizione di base<\/strong> che \u00e8 <strong>insita<\/strong> in ogni essere umano, indipendentemente dall \u201corigine, dall\u201d et\u00e0, dalla salute, dalla posizione politica o dallo stile di vita.<\/p>\n\n<p class=\"wp-block-paragraph\">La dignit\u00e0 umana comprende:<\/p>\n\n<ul class=\"wp-block-list\">\n<li>il diritto all&#8217;<strong>integrit\u00e0 fisica e mentale<\/strong><\/li>\n\n\n\n<li>rispetto per l&#8217;<strong>individualit\u00e0<\/strong> e il progetto di vita di ogni persona<\/li>\n\n\n\n<li>il <strong>libero sviluppo del<\/strong> pensare, del sentire, del credere, del dubitare e dello sperare<\/li>\n\n\n\n<li>Riconoscere le persone come <strong>fini in s\u00e9<\/strong>, mai come mezzi per gli altri.<\/li>\n\n\n\n<li>il diritto di <strong>prendere decisioni autonome sul proprio corpo e sulla propria mente<\/strong><\/li>\n\n\n\n<li>il diritto <strong>a non essere manipolati, degradati o costretti<\/strong> <\/li>\n\n\n\n<li>il diritto alla <strong>partecipazione sociale<\/strong> senza discriminazioni, isolamento o stigmatizzazione<\/li>\n\n\n\n<li>la conservazione dell \u201c<strong>identit\u00e0 sociale<\/strong> - attraverso l\u201d abbigliamento, la lingua, il nome, la visione del mondo e la tradizione<\/li>\n\n\n\n<li>la <strong>protezione della privacy<\/strong>, della famiglia, della casa, della corrispondenza<\/li>\n\n\n\n<li>la garanzia di <strong>non essere<\/strong> trattati <strong>arbitrariamente o sotto costrizione<\/strong>, nemmeno con il pretesto del bene comune<\/li>\n<\/ul>\n\n<p class=\"wp-block-paragraph\">La dignit\u00e0 umana \u00e8 il <strong>cuore della libert\u00e0<\/strong> e il <strong>fondamento della democrazia<\/strong>.<br\/>Non deve mai essere relativizzata.<\/p>\n\n<hr class=\"wp-block-separator has-alpha-channel-opacity\"\/>\n\n<h3 class=\"wp-block-heading\"><strong>Cosa \u00e8 successo in tempi di crisi<\/strong><\/h3>\n\n<p class=\"wp-block-paragraph\">Negli ultimi anni, lo stato di emergenza - sia esso dovuto a una pandemia, a una guerra, a una minaccia terroristica o a un allarme per una catastrofe - \u00e8 diventato un pretesto per rendere disponibile l&#8217;indisponibilit\u00e0.<\/p>\n\n<p class=\"wp-block-paragraph\"><strong>Esempi di gravi violazioni della dignit\u00e0:<\/strong><\/p>\n\n<ul class=\"wp-block-list\">\n<li>Gli anziani morivano <strong>soli e senza parenti<\/strong> nelle case di cura e nelle cliniche. Il loro ultimo sguardo era spesso rivolto a un muro bianco, non al volto della persona amata. <\/li>\n\n\n\n<li>I bambini sono stati <strong>psicologicamente logorati<\/strong> dall \u201cobbligo di indossare maschere, dall\u201d isolamento, dai test obbligatori, dai sensi di colpa e dalla paura, in un momento in cui la sicurezza \u00e8 fondamentale.<\/li>\n\n\n\n<li>Le persone che avevano deciso di opporsi a determinate misure mediche sono state <strong>diffamate, private dei diritti d&#8217;autore e svergognate pubblicamente<\/strong>, come se fossero cittadini di seconda classe.<\/li>\n\n\n\n<li>Le opinioni dissenzienti sono state <strong>censurate, patologizzate o criminalizzate<\/strong> invece di essere ascoltate e discusse.<\/li>\n\n\n\n<li>Le persone hanno perso i loro <strong>mezzi di sostentamento<\/strong> perch\u00e9 non volevano subordinare le loro convinzioni alla narrazione dello Stato.<\/li>\n\n\n\n<li>L&#8217;autonomia fisica \u00e8 stata sostituita da <strong>misure coercitive<\/strong> - con riferimento al &#8220;quadro generale&#8221;.<\/li>\n<\/ul>\n\n<p class=\"wp-block-paragraph\">Tutto questo \u00e8 stato definito &#8220;necessario&#8221;.<br\/>Ma la <strong>necessit\u00e0 non conosce legge<\/strong> quando infrange la dignit\u00e0 dell&#8217;individuo.<br\/>Quello che \u00e8 successo qui \u00e8 stato spesso <strong>incostituzionale<\/strong>, <strong>disumano<\/strong> e <strong>traumatizzante<\/strong> nei suoi effetti a lungo termine.<\/p>\n\n<hr class=\"wp-block-separator has-alpha-channel-opacity\"\/>\n\n<h3 class=\"wp-block-heading\"><strong>Perch\u00e9 \u00e8 pericoloso<\/strong><\/h3>\n\n<p class=\"wp-block-paragraph\">Quando si inizia a fare della dignit\u00e0 umana una merce di scambio, si creano dighe che possono rompersi:<\/p>\n\n<ul class=\"wp-block-list\">\n<li>Chiunque ponga condizioni alla dignit\u00e0 umana \u00e8 <strong>disumanizzante<\/strong>.<\/li>\n\n\n\n<li>Chiunque dica: &#8220;In una crisi bisogna scendere a compromessi&#8221; <strong>tradisce il nucleo dell&#8217;ordine liberale.<\/strong><\/li>\n\n\n\n<li>Chiunque creda che i diritti fondamentali possano essere \u201cmessi in pausa\u201d non appena diventa scomodo, sta <strong>creando dei pericolosi precedenti<\/strong>.<\/li>\n\n\n\n<li>La definizione di ci\u00f2 che \u00e8 considerato uno \u201cstato di emergenza\u201d <strong>pu\u00f2 essere manipolata<\/strong> dai media, dai governi e dai circoli di esperti.<\/li>\n\n\n\n<li>Le persone <strong>non sono pi\u00f9 viste come soggetti della legge<\/strong>, ma come oggetti di ci\u00f2 che pu\u00f2 essere fatto.<\/li>\n<\/ul>\n\n<p class=\"wp-block-paragraph\">Ma <strong>la dignit\u00e0 umana \u00e8 pensata proprio per questo momento<\/strong>:<br\/>Quando le cose si fanno scomode.<br\/>Quando \u00e8 difficile mantenere i principi.<br\/>Quando la maggioranza grida: \u201cNon \u00e8 il momento di farsi scrupoli morali\u201d.<\/p>\n\n<p class=\"wp-block-paragraph\">Allora - proprio allora - deve essere <strong>inattaccabile<\/strong>.<\/p>\n\n<hr class=\"wp-block-separator has-alpha-channel-opacity\"\/>\n\n<h3 class=\"wp-block-heading\"><strong>La nostra posizione<\/strong><\/h3>\n\n<p class=\"wp-block-paragraph\"><strong>We2030 ci ricorda questo:<\/strong><\/p>\n\n<ul class=\"wp-block-list\">\n<li>La dignit\u00e0 umana <strong>non \u00e8 relativa<\/strong>, ma <strong>assoluta<\/strong>.<\/li>\n\n\n\n<li>\u00c8 <strong>il punto di riferimento supremo<\/strong> per tutte le azioni del governo.<\/li>\n\n\n\n<li>Nessuna legge, nessuno stato di emergenza, nessun comitato, nessun ministero, nessun consiglio di esperti pu\u00f2 scavalcarli.<\/li>\n\n\n\n<li>\u00c8 necessaria una <strong>revisione completa di tutte le misure<\/strong> che hanno violato la dignit\u00e0 umana e i diritti fondamentali durante lo stato di emergenza.<\/li>\n\n\n\n<li>\u00c8 necessario un <strong>risarcimento, una riabilitazione e un riconoscimento pubblico<\/strong> per tutti coloro la cui dignit\u00e0 \u00e8 stata violata: nelle case di riposo, nelle scuole, per strada, nei media e sul lavoro.<\/li>\n\n\n\n<li>\u00c8 necessaria una <strong>nuova cultura dell&#8217;indisponibilit\u00e0<\/strong> in cui la dignit\u00e0 umana <strong>non sia pi\u00f9 trattata in modo tattico<\/strong>, ma <strong>protetta in modo incondizionato<\/strong>.<\/li>\n<\/ul>\n\n<p class=\"wp-block-paragraph\">Perch\u00e9:<br\/><strong>La dignit\u00e0 umana vale anche in uno stato di emergenza.<\/strong><br\/>Se cade l\u00ec, <strong>allora cade ovunque.<\/strong><br\/>E senza di essa non c&#8217;\u00e8 societ\u00e0 libera, n\u00e9 democrazia, n\u00e9 umanit\u00e0.<\/p>\n","protected":false},"excerpt":{"rendered":"<p>Spiegazione e giustificazione La dignit\u00e0 umana \u00e8 inviolabile.Questo \u00e8 quanto afferma l&#8217;articolo 1 (1) della Legge Fondamentale - e questa frase non \u00e8 un decoro, non \u00e8 una citazione per discorsi commemorativi, non \u00e8 un principio di circostanza.\u00c8 assoluta.Non si applica in modo condizionato, non dipende da situazioni politiche, non solo in tempi di stabilit\u00e0 [&hellip;]<\/p>\n","protected":false},"author":112514394,"featured_media":1222,"comment_status":"open","ping_status":"open","sticky":false,"template":"","format":"standard","meta":{"_crdt_document":"","advanced_seo_description":"","jetpack_seo_html_title":"","jetpack_seo_noindex":false,"_jetpack_newsletter_access":"","_jetpack_dont_email_post_to_subs":false,"_jetpack_newsletter_tier_id":0,"_jetpack_memberships_contains_paywalled_content":false,"_jetpack_memberships_contains_paid_content":false,"footnotes":"","jetpack_publicize_message":"","jetpack_publicize_feature_enabled":true,"jetpack_social_post_already_shared":true,"jetpack_social_options":{"image_generator_settings":{"template":"highway","default_image_id":0,"font":"","enabled":false},"version":2},"_wpas_customize_per_network":false,"jetpack_post_was_ever_published":false},"categories":[10096793],"tags":[],"class_list":["post-1272","post","type-post","status-publish","format-standard","has-post-thumbnail","hentry","category-italiano"],"jetpack_publicize_connections":[],"jetpack_featured_media_url":"https:\/\/i0.wp.com\/wir2030.com\/wp-content\/uploads\/2025\/05\/male-gluckliche-europaische-menschen.png?fit=1024%2C768&ssl=1","jetpack_likes_enabled":true,"jetpack_sharing_enabled":true,"jetpack_shortlink":"https:\/\/wp.me\/pgv6KY-kw","jetpack-related-posts":[{"id":856,"url":"https:\/\/wir2030.com\/it\/2025\/05\/17\/tesi-7-il-corpo-umano-e-inviolabile-anche-in-tempi-di-crisi\/","url_meta":{"origin":1272,"position":0},"title":"Tesi 7: Il corpo umano \u00e8 inviolabile, anche in tempi di crisi.","author":"boschimo","date":"17 Maggio 2025","format":false,"excerpt":"Spiegazione e giustificazione Il corpo umano \u00e8 l \u201cespressione pi\u00f9 diretta della libert\u00e0 e della dignit\u00e0 individuale.Appartiene solo all\u201d individuo - non allo Stato, non alla scienza, non alla societ\u00e0, non a un sistema sanitario globale. Questa indisponibilit\u00e0 non \u00e8 un privilegio, ma un diritto fondamentale. E si applica incondizionatamente.\u2026","rel":"","context":"In &quot;Italiano&quot;","block_context":{"text":"Italiano","link":"https:\/\/wir2030.com\/it\/category\/italiano\/"},"img":{"alt_text":"","src":"https:\/\/i0.wp.com\/wir2030.com\/wp-content\/uploads\/2025\/05\/eine-aufrechte-nackte-menschliche-silhouette-in-licht-gehullt-gegen.png?fit=1024%2C768&ssl=1&resize=350%2C200","width":350,"height":200,"srcset":"https:\/\/i0.wp.com\/wir2030.com\/wp-content\/uploads\/2025\/05\/eine-aufrechte-nackte-menschliche-silhouette-in-licht-gehullt-gegen.png?fit=1024%2C768&ssl=1&resize=350%2C200 1x, https:\/\/i0.wp.com\/wir2030.com\/wp-content\/uploads\/2025\/05\/eine-aufrechte-nackte-menschliche-silhouette-in-licht-gehullt-gegen.png?fit=1024%2C768&ssl=1&resize=525%2C300 1.5x, https:\/\/i0.wp.com\/wir2030.com\/wp-content\/uploads\/2025\/05\/eine-aufrechte-nackte-menschliche-silhouette-in-licht-gehullt-gegen.png?fit=1024%2C768&ssl=1&resize=700%2C400 2x"},"classes":[]},{"id":1168,"url":"https:\/\/wir2030.com\/it\/2025\/05\/28\/tesi-71-un-buon-stato-protegge-i-suoi-critici-non-il-suo-potere\/","url_meta":{"origin":1272,"position":1},"title":"Tesi 71: Un buon Stato protegge i suoi critici, non il suo potere.","author":"boschimo","date":"28 Maggio 2025","format":false,"excerpt":"Spiegazione e giustificazione La vera maturit\u00e0 di uno Stato non \u00e8 dimostrata dagli applausi della maggioranza,ma da come affronta il dissenso della minoranza. Il consenso \u00e8 comodo, prevedibile, controllabile.Ma la critica \u00e8 scomoda, imprevedibile e quindi preziosa. La critica non \u00e8 un attacco, ma un sistema di allarme precoce.Uno Stato\u2026","rel":"","context":"In &quot;Italiano&quot;","block_context":{"text":"Italiano","link":"https:\/\/wir2030.com\/it\/category\/italiano\/"},"img":{"alt_text":"","src":"https:\/\/i0.wp.com\/wir2030.com\/wp-content\/uploads\/2025\/05\/menschen-verschiedener-meinung-europaer-vor-dem-bundestag-statt-weissem-haus.png?fit=1024%2C768&ssl=1&resize=350%2C200","width":350,"height":200,"srcset":"https:\/\/i0.wp.com\/wir2030.com\/wp-content\/uploads\/2025\/05\/menschen-verschiedener-meinung-europaer-vor-dem-bundestag-statt-weissem-haus.png?fit=1024%2C768&ssl=1&resize=350%2C200 1x, https:\/\/i0.wp.com\/wir2030.com\/wp-content\/uploads\/2025\/05\/menschen-verschiedener-meinung-europaer-vor-dem-bundestag-statt-weissem-haus.png?fit=1024%2C768&ssl=1&resize=525%2C300 1.5x, https:\/\/i0.wp.com\/wir2030.com\/wp-content\/uploads\/2025\/05\/menschen-verschiedener-meinung-europaer-vor-dem-bundestag-statt-weissem-haus.png?fit=1024%2C768&ssl=1&resize=700%2C400 2x"},"classes":[]},{"id":1385,"url":"https:\/\/wir2030.com\/it\/2025\/06\/06\/tesi-27-la-liberta-non-e-un-privilegio-ma-un-diritto-di-nascita\/","url_meta":{"origin":1272,"position":2},"title":"Tesi 27: La libert\u00e0 non \u00e8 un privilegio, ma un diritto di nascita.","author":"boschimo","date":"6 Giugno 2025","format":false,"excerpt":"Spiegazione e giustificazione La libert\u00e0 non \u00e8 un dono concesso dallo Stato. Non \u00e8 un bonus, non \u00e8 una ricompensa per un comportamento conformista, non \u00e8 un'esenzione in tempi di crisi. La libert\u00e0 \u00e8 ci\u00f2 a cui una persona ha diritto fin dalla nascita, non per contratto, ma per dignit\u00e0.\u2026","rel":"","context":"In &quot;Italiano&quot;","block_context":{"text":"Italiano","link":"https:\/\/wir2030.com\/it\/category\/italiano\/"},"img":{"alt_text":"","src":"https:\/\/i0.wp.com\/wir2030.com\/wp-content\/uploads\/2025\/06\/europaische-menschen-feiern-ihre-freiheit-von-der-tyrannei.png?fit=1024%2C768&ssl=1&resize=350%2C200","width":350,"height":200,"srcset":"https:\/\/i0.wp.com\/wir2030.com\/wp-content\/uploads\/2025\/06\/europaische-menschen-feiern-ihre-freiheit-von-der-tyrannei.png?fit=1024%2C768&ssl=1&resize=350%2C200 1x, https:\/\/i0.wp.com\/wir2030.com\/wp-content\/uploads\/2025\/06\/europaische-menschen-feiern-ihre-freiheit-von-der-tyrannei.png?fit=1024%2C768&ssl=1&resize=525%2C300 1.5x, https:\/\/i0.wp.com\/wir2030.com\/wp-content\/uploads\/2025\/06\/europaische-menschen-feiern-ihre-freiheit-von-der-tyrannei.png?fit=1024%2C768&ssl=1&resize=700%2C400 2x"},"classes":[]},{"id":687,"url":"https:\/\/wir2030.com\/it\/2025\/05\/25\/tesi-73-gli-esseri-umani-non-sono-cavie\/","url_meta":{"origin":1272,"position":3},"title":"Tesi 73: Gli esseri umani non sono cavie.","author":"boschimo","date":"25 Maggio 2025","format":false,"excerpt":"Spiegazione e giustificazione Il corpo umano non \u00e8 una propriet\u00e0 dello Stato, non \u00e8 una piattaforma per programmi politici e non \u00e8 una risorsa per esperimenti globali. \u00c8 un'espressione di dignit\u00e0, libert\u00e0 e autodeterminazione, quindi inviolabile. Ogni intervento medico - sia esso preventivo, terapeutico o sperimentale - influisce sull \u201cintegrit\u00e0\u2026","rel":"","context":"In &quot;Italiano&quot;","block_context":{"text":"Italiano","link":"https:\/\/wir2030.com\/it\/category\/italiano\/"},"img":{"alt_text":"","src":"https:\/\/i0.wp.com\/wir2030.com\/wp-content\/uploads\/2025\/05\/male-ein-bild-zum-nurnberger-kodex-und-dem-arztlichen-gelobnis.png?fit=1024%2C768&ssl=1&resize=350%2C200","width":350,"height":200,"srcset":"https:\/\/i0.wp.com\/wir2030.com\/wp-content\/uploads\/2025\/05\/male-ein-bild-zum-nurnberger-kodex-und-dem-arztlichen-gelobnis.png?fit=1024%2C768&ssl=1&resize=350%2C200 1x, https:\/\/i0.wp.com\/wir2030.com\/wp-content\/uploads\/2025\/05\/male-ein-bild-zum-nurnberger-kodex-und-dem-arztlichen-gelobnis.png?fit=1024%2C768&ssl=1&resize=525%2C300 1.5x, https:\/\/i0.wp.com\/wir2030.com\/wp-content\/uploads\/2025\/05\/male-ein-bild-zum-nurnberger-kodex-und-dem-arztlichen-gelobnis.png?fit=1024%2C768&ssl=1&resize=700%2C400 2x"},"classes":[]},{"id":758,"url":"https:\/\/wir2030.com\/it\/2025\/05\/19\/tesi-78-chi-pianifica-uno-stato-di-emergenza-non-vuole-la-liberta\/","url_meta":{"origin":1272,"position":4},"title":"Tesi 78: Chi pianifica uno stato di emergenza non vuole la libert\u00e0.","author":"boschimo","date":"19 Maggio 2025","format":false,"excerpt":"Spiegazione e giustificazione Gli stati di emergenza dovrebbero essere delle eccezioni: imprevedibili, limitati, reversibili.Ma quando uno Stato inizia a pianificarli, istituzionalizzarli e automatizzarli,lo stato di emergenza non \u00e8 pi\u00f9 uno strumento di reazione, ma uno strumento di dominio. Cosa significa stato di pianificazione di emergenza Piani pandemici che specificano le\u2026","rel":"","context":"In &quot;Italiano&quot;","block_context":{"text":"Italiano","link":"https:\/\/wir2030.com\/it\/category\/italiano\/"},"img":{"alt_text":"","src":"https:\/\/i0.wp.com\/wir2030.com\/wp-content\/uploads\/2025\/05\/image-15.png?fit=1024%2C768&ssl=1&resize=350%2C200","width":350,"height":200,"srcset":"https:\/\/i0.wp.com\/wir2030.com\/wp-content\/uploads\/2025\/05\/image-15.png?fit=1024%2C768&ssl=1&resize=350%2C200 1x, https:\/\/i0.wp.com\/wir2030.com\/wp-content\/uploads\/2025\/05\/image-15.png?fit=1024%2C768&ssl=1&resize=525%2C300 1.5x, https:\/\/i0.wp.com\/wir2030.com\/wp-content\/uploads\/2025\/05\/image-15.png?fit=1024%2C768&ssl=1&resize=700%2C400 2x"},"classes":[]},{"id":1390,"url":"https:\/\/wir2030.com\/it\/2025\/06\/04\/tesi-87-il-controllo-non-genera-fiducia\/","url_meta":{"origin":1272,"position":5},"title":"Tesi 87: Il controllo non genera fiducia.","author":"boschimo","date":"4 Giugno 2025","format":false,"excerpt":"Spiegazione e giustificazione La fiducia \u00e8 un bene vivo. Non \u00e8 creata da regolamenti, telecamere o coercizione.La fiducia \u00e8 un'offerta, non un ordine. Prospera nello spazio della libert\u00e0 e soffoca sotto il peso della sorveglianza. Ma il mondo moderno sembra aver dimenticato questo principio.Al posto dell \u201cintegrit\u00e0 e del dialogo,\u2026","rel":"","context":"In &quot;Italiano&quot;","block_context":{"text":"Italiano","link":"https:\/\/wir2030.com\/it\/category\/italiano\/"},"img":{"alt_text":"","src":"https:\/\/i0.wp.com\/wir2030.com\/wp-content\/uploads\/2025\/05\/image-34.png?fit=1024%2C768&ssl=1&resize=350%2C200","width":350,"height":200,"srcset":"https:\/\/i0.wp.com\/wir2030.com\/wp-content\/uploads\/2025\/05\/image-34.png?fit=1024%2C768&ssl=1&resize=350%2C200 1x, https:\/\/i0.wp.com\/wir2030.com\/wp-content\/uploads\/2025\/05\/image-34.png?fit=1024%2C768&ssl=1&resize=525%2C300 1.5x, https:\/\/i0.wp.com\/wir2030.com\/wp-content\/uploads\/2025\/05\/image-34.png?fit=1024%2C768&ssl=1&resize=700%2C400 2x"},"classes":[]}],"_links":{"self":[{"href":"https:\/\/wir2030.com\/it\/wp-json\/wp\/v2\/posts\/1272","targetHints":{"allow":["GET"]}}],"collection":[{"href":"https:\/\/wir2030.com\/it\/wp-json\/wp\/v2\/posts"}],"about":[{"href":"https:\/\/wir2030.com\/it\/wp-json\/wp\/v2\/types\/post"}],"author":[{"embeddable":true,"href":"https:\/\/wir2030.com\/it\/wp-json\/wp\/v2\/users\/112514394"}],"replies":[{"embeddable":true,"href":"https:\/\/wir2030.com\/it\/wp-json\/wp\/v2\/comments?post=1272"}],"version-history":[{"count":1,"href":"https:\/\/wir2030.com\/it\/wp-json\/wp\/v2\/posts\/1272\/revisions"}],"predecessor-version":[{"id":1276,"href":"https:\/\/wir2030.com\/it\/wp-json\/wp\/v2\/posts\/1272\/revisions\/1276"}],"wp:featuredmedia":[{"embeddable":true,"href":"https:\/\/wir2030.com\/it\/wp-json\/wp\/v2\/media\/1222"}],"wp:attachment":[{"href":"https:\/\/wir2030.com\/it\/wp-json\/wp\/v2\/media?parent=1272"}],"wp:term":[{"taxonomy":"category","embeddable":true,"href":"https:\/\/wir2030.com\/it\/wp-json\/wp\/v2\/categories?post=1272"},{"taxonomy":"post_tag","embeddable":true,"href":"https:\/\/wir2030.com\/it\/wp-json\/wp\/v2\/tags?post=1272"}],"curies":[{"name":"wp","href":"https:\/\/api.w.org\/{rel}","templated":true}]}}