{"id":935,"date":"2025-05-17T12:54:11","date_gmt":"2025-05-17T09:54:11","guid":{"rendered":"https:\/\/wir2030.com\/2025\/05\/17\/these-3-la-ou-les-medias-sont-alignes-la-dictature-commence\/"},"modified":"2025-05-22T09:57:07","modified_gmt":"2025-05-22T06:57:07","slug":"these-3-la-ou-les-medias-sont-alignes-la-dictature-commence","status":"publish","type":"post","link":"https:\/\/wir2030.com\/fr\/2025\/05\/17\/these-3-la-ou-les-medias-sont-alignes-la-dictature-commence\/","title":{"rendered":"Th\u00e8se 3 : l\u00e0 o\u00f9 les m\u00e9dias sont align\u00e9s, la dictature commence."},"content":{"rendered":"\n<h3 class=\"wp-block-heading\">Explication et justification<\/h3>\n\n<p class=\"wp-block-paragraph\">Une soci\u00e9t\u00e9 libre vit du d\u00e9bat ouvert, de la confrontation des opinions, de la concurrence des id\u00e9es. Les m\u00e9dias jouent un r\u00f4le cl\u00e9 dans ce processus : ils doivent informer, \u00e9clairer, contr\u00f4ler - et non endoctriner. Ils sont le quatri\u00e8me pilier officieux de la s\u00e9paration des pouvoirs.  <\/p>\n\n<p class=\"wp-block-paragraph\">Mais si tous les grands m\u00e9dias parlent d&rsquo;une seule voix, si la contradiction n&rsquo;a plus lieu d&rsquo;\u00eatre, si les points de vue alternatifs sont diffam\u00e9s ou censur\u00e9s, alors l&rsquo;objectif n&rsquo;est plus d&rsquo;informer - mais de contr\u00f4ler.  <strong>C&rsquo;est alors que commence la transition vers la dictature.<\/strong><\/p>\n\n<p class=\"wp-block-paragraph\">L&rsquo;uniformisation ne signifie pas seulement la censure gouvernementale. Elle peut \u00e9galement r\u00e9sulter du pouvoir \u00e9conomique, de r\u00e9seaux id\u00e9ologiques, de d\u00e9pendances politiques ou d&rsquo;une autocensure silencieuse. La cons\u00e9quence est la m\u00eame : <strong>les citoyens ne re\u00e7oivent plus la v\u00e9rit\u00e9, mais un r\u00e9cit orchestr\u00e9.<\/strong>  <\/p>\n\n<h3 class=\"wp-block-heading\">Exp\u00e9riences historiques<\/h3>\n\n<p class=\"wp-block-paragraph\">L&rsquo;histoire fournit des exemples terriblement clairs :<\/p>\n\n<ul class=\"wp-block-list\">\n<li>Sous le Troisi\u00e8me Reich, tous les journaux ind\u00e9pendants ont \u00e9t\u00e9 interdits ou mis au pas. Joseph Goebbels a dit : <em>\u00ab La libert\u00e9 de la presse, c&rsquo;est la libert\u00e9 pour 200 personnes riches de diffuser leur opinion \u00bb.<\/em> Et il entendait par l\u00e0 les forcer \u00e0 adopter une seule opinion. <\/li>\n\n\n\n<li>En RDA, la presse, la radio et la t\u00e9l\u00e9vision \u00e9taient directement contr\u00f4l\u00e9es par le Politburo. Critiquer le gouvernement \u00e9tait un d\u00e9lit. <\/li>\n\n\n\n<li>Dans les d\u00e9mocraties modernes, l&rsquo;uniformisation se fait de mani\u00e8re plus subtile - par le biais de r\u00e8gles linguistiques, de syst\u00e8mes d&rsquo;incitation, de lobbying, de \u00ab fact checkers \u00bb, de contr\u00f4le des algorithmes et de lignes \u00e9ditoriales contr\u00f4l\u00e9es par les politiques.<\/li>\n<\/ul>\n\n<h3 class=\"wp-block-heading\">Signes de l&rsquo;uniformisation actuelle<\/h3>\n\n<ul class=\"wp-block-list\">\n<li>Toujours les m\u00eames slogans dans tous les grands journaux.<\/li>\n\n\n\n<li>Diffamation des dissidents en les qualifiant de \u00ab\u00a0conspirationnistes\u00a0\u00bb, d'\u00a0\u00bbennemis de la d\u00e9mocratie\u00a0\u00bb ou de \u00ab\u00a0droite\u00a0\u00bb.<\/li>\n\n\n\n<li>Silence total sur les critiques scientifiquement fond\u00e9es des d\u00e9cisions politiques.<\/li>\n\n\n\n<li>Des liens personnels et financiers \u00e9troits entre la politique, les entreprises de m\u00e9dias et les grands groupes.<\/li>\n\n\n\n<li>D\u00e9pendance de nombreux m\u00e9dias vis-\u00e0-vis des subventions gouvernementales ou des campagnes publicitaires.<\/li>\n<\/ul>\n\n<h3 class=\"wp-block-heading\">Pourquoi c&rsquo;est dangereux<\/h3>\n\n<p class=\"wp-block-paragraph\">Si les m\u00e9dias ne font plus de reportages critiques, mais prot\u00e8gent une ligne gouvernementale ou des int\u00e9r\u00eats \u00e9conomiques, la population perd la possibilit\u00e9 de prendre des d\u00e9cisions \u00e9clair\u00e9es.  <strong>Une d\u00e9mocratie sans diversit\u00e9 m\u00e9diatique est comme un corps sans syst\u00e8me immunitaire - vuln\u00e9rable \u00e0 toute forme de manipulation.<\/strong><\/p>\n\n<p class=\"wp-block-paragraph\">Et l\u00e0 o\u00f9 il n&rsquo;y a plus de contr\u00f4le, il y a abus de pouvoir. Non pas peut-\u00eatre - mais in\u00e9vitablement. <\/p>\n\n<h3 class=\"wp-block-heading\">Notre point de vue<\/h3>\n\n<p class=\"wp-block-paragraph\">Wir2030 exige une v\u00e9ritable diversit\u00e9 des m\u00e9dias, des journalistes ind\u00e9pendants, un financement transparent et la libre diffusion de points de vue alternatifs - sans censure, sans r\u00e9pression, sans destruction de r\u00e9putation.<\/p>\n\n<p class=\"wp-block-paragraph\"><strong>Car l\u00e0 o\u00f9 les m\u00e9dias sont align\u00e9s, la dictature ne commence pas seulement - elle est aussi d\u00e9fendue par l\u00e0.<\/strong><\/p>\n\n<div class=\"wp-block-comments\">\n\n\n\n\n\n\n\t\t<div id=\"respond\" class=\"comment-respond wp-block-post-comments-form\">\n\t\t\t<h3 id=\"reply-title\" class=\"comment-reply-title\">Laisser un commentaire<small><a rel=\"nofollow\" id=\"cancel-comment-reply-link\" href=\"\/fr\/wp-json\/wp\/v2\/posts\/935#respond\" style=\"display:none;\">Annuler la r\u00e9ponse.<\/a><\/small><\/h3>\t\t\t<form id=\"commentform\" class=\"comment-form\">\n\t\t\t\t<iframe\n\t\t\t\t\ttitle=\"Formulaire de commentaire\"\n\t\t\t\t\tsrc=\"https:\/\/jetpack.wordpress.com\/jetpack-comment\/?blogid=243835520&#038;postid=935&#038;comment_registration=0&#038;require_name_email=1&#038;stc_enabled=1&#038;stb_enabled=1&#038;show_avatars=1&#038;avatar_default=identicon&#038;greeting=Laisser+un+commentaire&#038;jetpack_comments_nonce=1934fcbab1&#038;greeting_reply=R%C3%A9pondre+%C3%A0+%25s&#038;color_scheme=light&#038;lang=fr_FR&#038;jetpack_version=15.8-a.7&#038;iframe_unique_id=1&#038;show_cookie_consent=10&#038;has_cookie_consent=0&#038;is_current_user_subscribed=0&#038;token_key=%3Bnormal%3B&#038;sig=d87e1de70f84cabd0cb569f9e5ebc20bacc3e223#parent=https%3A%2F%2Fwir2030.com%2Ffr%2Fwp-json%2Fwp%2Fv2%2Fposts%2F935\"\n\t\t\t\t\t\t\t\t\t\t\tname=\"jetpack_remote_comment\"\n\t\t\t\t\t\tstyle=\"width:100%; height: 430px; border:0;\"\n\t\t\t\t\t\t\t\t\t\tclass=\"jetpack_remote_comment\"\n\t\t\t\t\tid=\"jetpack_remote_comment\"\n\t\t\t\t\tsandbox=\"allow-same-origin allow-top-navigation allow-scripts allow-forms allow-popups\"\n\t\t\t\t>\n\t\t\t\t\t\t\t\t\t<\/iframe>\n\t\t\t\t\t\t\t\t\t<!--[if !IE]><!-->\n\t\t\t\t\t<script>\n\t\t\t\t\t\tdocument.addEventListener('DOMContentLoaded', function () {\n\t\t\t\t\t\t\tvar commentForms = document.getElementsByClassName('jetpack_remote_comment');\n\t\t\t\t\t\t\tfor (var i = 0; i < commentForms.length; i++) {\n\t\t\t\t\t\t\t\tcommentForms[i].allowTransparency = false;\n\t\t\t\t\t\t\t\tcommentForms[i].scrolling = 'no';\n\t\t\t\t\t\t\t}\n\t\t\t\t\t\t});\n\t\t\t\t\t<\/script>\n\t\t\t\t\t<!--<![endif]-->\n\t\t\t\t\t\t\t<\/form>\n\t\t<\/div>\n\n\t\t\n\t\t<input type=\"hidden\" name=\"comment_parent\" id=\"comment_parent\" value=\"\" \/>\n\n\t\t<\/div>\n","protected":false},"excerpt":{"rendered":"<p>Explication et justification Une soci\u00e9t\u00e9 libre vit du d\u00e9bat ouvert, de la confrontation des opinions, de la concurrence des id\u00e9es. Les m\u00e9dias jouent un r\u00f4le cl\u00e9 dans ce processus : ils doivent informer, \u00e9clairer, contr\u00f4ler - et non endoctriner. Ils sont le quatri\u00e8me pilier officieux de la s\u00e9paration des pouvoirs. Mais si tous les grands [&hellip;]<\/p>\n","protected":false},"author":112514394,"featured_media":396,"comment_status":"open","ping_status":"open","sticky":false,"template":"","format":"standard","meta":{"_crdt_document":"","advanced_seo_description":"","jetpack_seo_html_title":"","jetpack_seo_noindex":false,"_jetpack_newsletter_access":"","_jetpack_dont_email_post_to_subs":false,"_jetpack_newsletter_tier_id":0,"_jetpack_memberships_contains_paywalled_content":false,"_jetpack_memberships_contains_paid_content":false,"footnotes":"","jetpack_publicize_message":"","jetpack_publicize_feature_enabled":true,"jetpack_social_post_already_shared":true,"jetpack_social_options":{"image_generator_settings":{"template":"highway","default_image_id":0,"font":"","enabled":false},"version":2},"_wpas_customize_per_network":false,"jetpack_post_was_ever_published":false},"categories":[2710],"tags":[],"class_list":["post-935","post","type-post","status-publish","format-standard","has-post-thumbnail","hentry","category-nicht-kategorisiert"],"jetpack_publicize_connections":[],"jetpack_featured_media_url":"https:\/\/i0.wp.com\/wir2030.com\/wp-content\/uploads\/2025\/05\/image-4.png?fit=1024%2C768&ssl=1","jetpack_likes_enabled":true,"jetpack_sharing_enabled":true,"jetpack_shortlink":"https:\/\/wp.me\/pgv6KY-f5","jetpack-related-posts":[{"id":1383,"url":"https:\/\/wir2030.com\/fr\/2025\/06\/02\/these-67-le-totalitarisme-ne-commence-pas-avec-des-chaines-mais-avec-la-perte-de-la-responsabilite\/","url_meta":{"origin":935,"position":0},"title":"Th\u00e8se 67 : Le totalitarisme ne commence pas avec des cha\u00eenes - mais avec la perte de la responsabilit\u00e9.","author":"boschimo","date":"2 juin 2025","format":false,"excerpt":"Explication et justification Les syst\u00e8mes totalitaires arrivent rarement avec des uniformes, des sir\u00e8nes ou de la violence.Ils se pr\u00e9sentent souvent comme de gentils assistants - autorit\u00e9s sanitaires, conseillers en s\u00e9curit\u00e9, sauveurs du climat, protecteurs des enfants ou agence d'innovation num\u00e9rique.Ils font appel au bien, parlent de responsabilit\u00e9 - mais veulent\u2026","rel":"","context":"Dans &quot;france&quot;","block_context":{"text":"france","link":"https:\/\/wir2030.com\/fr\/category\/france\/"},"img":{"alt_text":"","src":"https:\/\/i0.wp.com\/wir2030.com\/wp-content\/uploads\/2025\/05\/image-33.png?fit=1024%2C768&ssl=1&resize=350%2C200","width":350,"height":200,"srcset":"https:\/\/i0.wp.com\/wir2030.com\/wp-content\/uploads\/2025\/05\/image-33.png?fit=1024%2C768&ssl=1&resize=350%2C200 1x, https:\/\/i0.wp.com\/wir2030.com\/wp-content\/uploads\/2025\/05\/image-33.png?fit=1024%2C768&ssl=1&resize=525%2C300 1.5x, https:\/\/i0.wp.com\/wir2030.com\/wp-content\/uploads\/2025\/05\/image-33.png?fit=1024%2C768&ssl=1&resize=700%2C400 2x"},"classes":[]},{"id":1284,"url":"https:\/\/wir2030.com\/fr\/2025\/05\/31\/these-14-si-vous-censurez-une-critique-cest-que-vous-avez-quelque-chose-a-cacher\/","url_meta":{"origin":935,"position":1},"title":"Th\u00e8se 14 : Si vous censurez une critique, c&rsquo;est que vous avez quelque chose \u00e0 cacher.","author":"boschimo","date":"31 mai 2025","format":false,"excerpt":"Explication et justification La critique est le pouls de toute soci\u00e9t\u00e9 libre.Elle est le signe vivant d'une d\u00e9mocratie, le syst\u00e8me d'alerte pr\u00e9coce du pouvoir, le correctif des erreurs institutionnelles.L\u00e0 o\u00f9 la critique est autoris\u00e9e, le pouvoir peut \u00eatre remis en question, contr\u00f4l\u00e9 et corrig\u00e9.L\u00e0 o\u00f9 elle est r\u00e9prim\u00e9e, l'arbitraire, la\u2026","rel":"","context":"Dans &quot;france&quot;","block_context":{"text":"france","link":"https:\/\/wir2030.com\/fr\/category\/france\/"},"img":{"alt_text":"","src":"https:\/\/i0.wp.com\/wir2030.com\/wp-content\/uploads\/2025\/05\/2025-05-26-10.49.58-AM.png?fit=626%2C524&ssl=1&resize=350%2C200","width":350,"height":200,"srcset":"https:\/\/i0.wp.com\/wir2030.com\/wp-content\/uploads\/2025\/05\/2025-05-26-10.49.58-AM.png?fit=626%2C524&ssl=1&resize=350%2C200 1x, https:\/\/i0.wp.com\/wir2030.com\/wp-content\/uploads\/2025\/05\/2025-05-26-10.49.58-AM.png?fit=626%2C524&ssl=1&resize=525%2C300 1.5x"},"classes":[]},{"id":702,"url":"https:\/\/wir2030.com\/fr\/2025\/05\/23\/these-76-la-morale-ne-remplace-pas-les-libertes\/","url_meta":{"origin":935,"position":2},"title":"Th\u00e8se 76 : La morale ne remplace pas les libert\u00e9s.","author":"boschimo","date":"23 mai 2025","format":false,"excerpt":"Explication et justification Les droits \u00e0 la libert\u00e9 ne sont pas seulement de beaux id\u00e9aux. Ils sont des boucliers constitutionnels, \u00e9rig\u00e9s contre l'arbitraire de la majorit\u00e9, contre l'empi\u00e8tement de l'\u00c9tat et contre la tyrannie de l'opinion publique.Ils ont \u00e9t\u00e9 conquis au fil des si\u00e8cles - non pas pour que l'homme\u2026","rel":"","context":"Dans &quot;france&quot;","block_context":{"text":"france","link":"https:\/\/wir2030.com\/fr\/category\/france\/"},"img":{"alt_text":"","src":"https:\/\/i0.wp.com\/wir2030.com\/wp-content\/uploads\/2025\/05\/male-einen-goldenen-kafig-anstatt-dem-schwarzen-kafig-und-darin.png?fit=1024%2C768&ssl=1&resize=350%2C200","width":350,"height":200,"srcset":"https:\/\/i0.wp.com\/wir2030.com\/wp-content\/uploads\/2025\/05\/male-einen-goldenen-kafig-anstatt-dem-schwarzen-kafig-und-darin.png?fit=1024%2C768&ssl=1&resize=350%2C200 1x, https:\/\/i0.wp.com\/wir2030.com\/wp-content\/uploads\/2025\/05\/male-einen-goldenen-kafig-anstatt-dem-schwarzen-kafig-und-darin.png?fit=1024%2C768&ssl=1&resize=525%2C300 1.5x, https:\/\/i0.wp.com\/wir2030.com\/wp-content\/uploads\/2025\/05\/male-einen-goldenen-kafig-anstatt-dem-schwarzen-kafig-und-darin.png?fit=1024%2C768&ssl=1&resize=700%2C400 2x"},"classes":[]},{"id":1134,"url":"https:\/\/wir2030.com\/fr\/2025\/05\/27\/these-44-la-croyance-dans-les-institutions-ne-remplace-pas-la-responsabilite-individuelle\/","url_meta":{"origin":935,"position":3},"title":"Th\u00e8se 44 : La croyance dans les institutions ne remplace pas la responsabilit\u00e9 individuelle.","author":"boschimo","date":"27 mai 2025","format":false,"excerpt":"Explication et justification Les institutions sont faites pour les hommes - et non l'inverse.Pourtant, en temps de crise, nous constatons r\u00e9guli\u00e8rement le contraire :Au lieu de penser, d'examiner et d'agir de mani\u00e8re ind\u00e9pendante, beaucoup s'accrochent aux autorit\u00e9s, aux conseils d'experts et aux organisations supranationales comme \u00e0 une v\u00e9rit\u00e9 sup\u00e9rieure.Ils d\u00e9l\u00e8guent\u2026","rel":"","context":"Dans &quot;france&quot;","block_context":{"text":"france","link":"https:\/\/wir2030.com\/fr\/category\/france\/"},"img":{"alt_text":"","src":"https:\/\/i0.wp.com\/wir2030.com\/wp-content\/uploads\/2025\/05\/male-einen-menschen-der-einem-polizisten-das-grundgesetz-wie-eine.png?fit=1024%2C768&ssl=1&resize=350%2C200","width":350,"height":200,"srcset":"https:\/\/i0.wp.com\/wir2030.com\/wp-content\/uploads\/2025\/05\/male-einen-menschen-der-einem-polizisten-das-grundgesetz-wie-eine.png?fit=1024%2C768&ssl=1&resize=350%2C200 1x, https:\/\/i0.wp.com\/wir2030.com\/wp-content\/uploads\/2025\/05\/male-einen-menschen-der-einem-polizisten-das-grundgesetz-wie-eine.png?fit=1024%2C768&ssl=1&resize=525%2C300 1.5x, https:\/\/i0.wp.com\/wir2030.com\/wp-content\/uploads\/2025\/05\/male-einen-menschen-der-einem-polizisten-das-grundgesetz-wie-eine.png?fit=1024%2C768&ssl=1&resize=700%2C400 2x"},"classes":[]},{"id":871,"url":"https:\/\/wir2030.com\/fr\/2025\/05\/17\/these-9-toute-mesure-prise-sans-debat-est-un-coup-porte-a-la-democratie\/","url_meta":{"origin":935,"position":4},"title":"Th\u00e8se 9 : Toute mesure prise sans d\u00e9bat est un coup port\u00e9 \u00e0 la d\u00e9mocratie.","author":"boschimo","date":"17 mai 2025","format":false,"excerpt":"Explication et justification La d\u00e9mocratie se nourrit de la controverse - de l'\u00e9change ouvert d'opinions diff\u00e9rentes, des d\u00e9bats publics, de la critique, de la contestation et de la correction. Les d\u00e9cisions qui concernent tout le monde ne doivent jamais \u00eatre prises dans l'ombre. Elles doivent \u00eatre expos\u00e9es \u00e0 la lumi\u00e8re\u2026","rel":"","context":"Dans &quot;france&quot;","block_context":{"text":"france","link":"https:\/\/wir2030.com\/fr\/category\/france\/"},"img":{"alt_text":"","src":"https:\/\/i0.wp.com\/wir2030.com\/wp-content\/uploads\/2025\/05\/image-10.png?fit=1024%2C768&ssl=1&resize=350%2C200","width":350,"height":200,"srcset":"https:\/\/i0.wp.com\/wir2030.com\/wp-content\/uploads\/2025\/05\/image-10.png?fit=1024%2C768&ssl=1&resize=350%2C200 1x, https:\/\/i0.wp.com\/wir2030.com\/wp-content\/uploads\/2025\/05\/image-10.png?fit=1024%2C768&ssl=1&resize=525%2C300 1.5x, https:\/\/i0.wp.com\/wir2030.com\/wp-content\/uploads\/2025\/05\/image-10.png?fit=1024%2C768&ssl=1&resize=700%2C400 2x"},"classes":[]},{"id":1452,"url":"https:\/\/wir2030.com\/fr\/2025\/06\/10\/these-11-la-science-se-nourrit-de-la-contradiction-pas-du-consensus\/","url_meta":{"origin":935,"position":5},"title":"Th\u00e8se 11 : La science se nourrit de la contradiction - pas du consensus.","author":"boschimo","date":"10 juin 2025","format":false,"excerpt":"Introduction : la science n'est pas un dogme - mais un dialogue avec la r\u00e9alit\u00e9 La science commence l\u00e0 o\u00f9 la curiosit\u00e9 rencontre la r\u00e9alit\u00e9 - et non l\u00e0 o\u00f9 l'autorit\u00e9 d\u00e9cide de ce qui doit \u00eatre vrai.Elle vit de l'observation, de la critique, de la r\u00e9visabilit\u00e9 - et surtout\u2026","rel":"","context":"Dans &quot;france&quot;","block_context":{"text":"france","link":"https:\/\/wir2030.com\/fr\/category\/france\/"},"img":{"alt_text":"","src":"https:\/\/i0.wp.com\/wir2030.com\/wp-content\/uploads\/2025\/06\/image-1.png?fit=1024%2C768&ssl=1&resize=350%2C200","width":350,"height":200,"srcset":"https:\/\/i0.wp.com\/wir2030.com\/wp-content\/uploads\/2025\/06\/image-1.png?fit=1024%2C768&ssl=1&resize=350%2C200 1x, https:\/\/i0.wp.com\/wir2030.com\/wp-content\/uploads\/2025\/06\/image-1.png?fit=1024%2C768&ssl=1&resize=525%2C300 1.5x, https:\/\/i0.wp.com\/wir2030.com\/wp-content\/uploads\/2025\/06\/image-1.png?fit=1024%2C768&ssl=1&resize=700%2C400 2x"},"classes":[]}],"_links":{"self":[{"href":"https:\/\/wir2030.com\/fr\/wp-json\/wp\/v2\/posts\/935","targetHints":{"allow":["GET"]}}],"collection":[{"href":"https:\/\/wir2030.com\/fr\/wp-json\/wp\/v2\/posts"}],"about":[{"href":"https:\/\/wir2030.com\/fr\/wp-json\/wp\/v2\/types\/post"}],"author":[{"embeddable":true,"href":"https:\/\/wir2030.com\/fr\/wp-json\/wp\/v2\/users\/112514394"}],"replies":[{"embeddable":true,"href":"https:\/\/wir2030.com\/fr\/wp-json\/wp\/v2\/comments?post=935"}],"version-history":[{"count":1,"href":"https:\/\/wir2030.com\/fr\/wp-json\/wp\/v2\/posts\/935\/revisions"}],"predecessor-version":[{"id":936,"href":"https:\/\/wir2030.com\/fr\/wp-json\/wp\/v2\/posts\/935\/revisions\/936"}],"wp:featuredmedia":[{"embeddable":true,"href":"https:\/\/wir2030.com\/fr\/wp-json\/wp\/v2\/media\/396"}],"wp:attachment":[{"href":"https:\/\/wir2030.com\/fr\/wp-json\/wp\/v2\/media?parent=935"}],"wp:term":[{"taxonomy":"category","embeddable":true,"href":"https:\/\/wir2030.com\/fr\/wp-json\/wp\/v2\/categories?post=935"},{"taxonomy":"post_tag","embeddable":true,"href":"https:\/\/wir2030.com\/fr\/wp-json\/wp\/v2\/tags?post=935"}],"curies":[{"name":"wp","href":"https:\/\/api.w.org\/{rel}","templated":true}]}}