{"id":853,"date":"2025-05-17T13:30:54","date_gmt":"2025-05-17T10:30:54","guid":{"rendered":"https:\/\/wir2030.com\/2025\/05\/17\/these-8-la-surveillance-numerique-efface-la-liberte-pas-le-virus\/"},"modified":"2025-05-23T16:10:35","modified_gmt":"2025-05-23T13:10:35","slug":"these-8-la-surveillance-numerique-efface-la-liberte-pas-le-virus","status":"publish","type":"post","link":"https:\/\/wir2030.com\/fr\/2025\/05\/17\/these-8-la-surveillance-numerique-efface-la-liberte-pas-le-virus\/","title":{"rendered":"Th\u00e8se 8 : la surveillance num\u00e9rique efface la libert\u00e9, pas le virus."},"content":{"rendered":"\n<h3 class=\"wp-block-heading\">Explication et justification<\/h3>\n\n<p class=\"wp-block-paragraph\">La num\u00e9risation peut \u00eatre un outil de lib\u00e9ration - ou de contr\u00f4le.<br\/>Elle peut faciliter la communication, l&rsquo;acc\u00e8s au savoir et les soins m\u00e9dicaux - ou se transformer en la plus grande machine de surveillance de l&rsquo;histoire de l&rsquo;humanit\u00e9<strong>.<\/strong><br\/><strong>La diff\u00e9rence r\u00e9side dans l&rsquo;objectif - et dans l&rsquo;intention qui le sous-tend<\/strong>.<\/p>\n\n<p class=\"wp-block-paragraph\">Cette th\u00e8se met en garde contre une erreur lourde de cons\u00e9quences : <strong>l&rsquo;illusion que l&rsquo;on peut renoncer \u00e0 la libert\u00e9 pour gagner en s\u00e9curit\u00e9.<\/strong> En r\u00e9alit\u00e9, on perd les deux.<\/p>\n\n<hr class=\"wp-block-separator has-alpha-channel-opacity\" \/>\n\n<h3 class=\"wp-block-heading\">Ce qui a commenc\u00e9 avec le \u00ab virus \u00bb &#8230;<\/h3>\n\n<p class=\"wp-block-paragraph\">Sous pr\u00e9texte de lutter contre les infections, une extension sans pr\u00e9c\u00e9dent des syst\u00e8mes de contr\u00f4le num\u00e9rique a \u00e9t\u00e9 mise en place dans le monde entier :<\/p>\n\n<ul class=\"wp-block-list\">\n<li><strong>Codes QR pour le contr\u00f4le des mouvements<\/strong><\/li>\n\n\n\n<li><strong>Applications de suivi pour le suivi des contacts<\/strong><\/li>\n\n\n\n<li><strong>Certificats de vaccination num\u00e9rique comme condition d&rsquo;acc\u00e8s aux droits fondamentaux<\/strong><\/li>\n\n\n\n<li><strong>Identifiants de sant\u00e9 et stockage centralis\u00e9 des donn\u00e9es (par exemple, dossier m\u00e9dical \u00e9lectronique)<\/strong><\/li>\n\n\n\n<li><strong>Scoring social par les plateformes et les prestataires de services de paiement<\/strong><\/li>\n<\/ul>\n\n<p class=\"wp-block-paragraph\">Ces mesures ont \u00e9t\u00e9 annonc\u00e9es comme \u00ab temporaires \u00bb - mais elles n&rsquo;ont <strong>pas \u00e9t\u00e9 retir\u00e9es<\/strong>, elles <strong>ont \u00e9t\u00e9 institutionnalis\u00e9es<\/strong>.<\/p>\n\n<p class=\"wp-block-paragraph\">La pand\u00e9mie n&rsquo;a pas \u00e9t\u00e9 la fin de cette surveillance - elle en a \u00e9t\u00e9 <strong>le signal de d\u00e9part.<\/strong><\/p>\n\n<hr class=\"wp-block-separator has-alpha-channel-opacity\" \/>\n\n<h3 class=\"wp-block-heading\">Pourquoi la surveillance num\u00e9rique est-elle dangereuse ?<\/h3>\n\n<ul class=\"wp-block-list\">\n<li>Elle se fait <strong>de mani\u00e8re invisible<\/strong> et <strong>automatis\u00e9e<\/strong> - sans contr\u00f4le d\u00e9mocratique.<\/li>\n\n\n\n<li>Elle modifie le comportement des personnes - <strong>par peur d&rsquo;\u00eatre marqu\u00e9es.<\/strong><\/li>\n\n\n\n<li>Elle peut \u00eatre combin\u00e9e \u00e0 l <strong>&lsquo;intelligence artificielle<\/strong> pour identifier, limiter ou sanctionner les voix critiques.<\/li>\n\n\n\n<li>Elle rend les individus <strong>transparents, pr\u00e9visibles et manipulables<\/strong> - et non plus libres.<\/li>\n<\/ul>\n\n<p class=\"wp-block-paragraph\">La libert\u00e9 se nourrit de la confiance - <strong>la surveillance d\u00e9truit cette confiance.<\/strong><\/p>\n\n<hr class=\"wp-block-separator has-alpha-channel-opacity\" \/>\n\n<h3 class=\"wp-block-heading\">La fausse logique de la peur<\/h3>\n\n<p class=\"wp-block-paragraph\">Au lieu de renforcer les v\u00e9ritables soins de sant\u00e9, l&rsquo;\u00e9ducation et la r\u00e9silience sociale, la technologie a \u00e9t\u00e9 vendue comme une panac\u00e9e :<\/p>\n\n<blockquote class=\"wp-block-quote is-layout-flow wp-block-quote-is-layout-flow\">\n<p class=\"wp-block-paragraph\">\u00ab Si nous collectons suffisamment de donn\u00e9es, nous pouvons contr\u00f4ler tout danger \u00bb.<\/p>\n<\/blockquote>\n\n<p class=\"wp-block-paragraph\">Mais c&rsquo;est une id\u00e9e fausse.<br\/><strong>On ne combat pas un virus avec des syst\u00e8mes de contr\u00f4le - mais avec la responsabilit\u00e9, l&rsquo;immunit\u00e9, la confiance et un syst\u00e8me de sant\u00e9 qui fonctionne.<\/strong><\/p>\n\n<p class=\"wp-block-paragraph\">La surveillance num\u00e9rique ne combat pas un virus - <strong>elle combat la libre pens\u00e9e, la libre circulation, la libre vie.<\/strong><\/p>\n\n<hr class=\"wp-block-separator has-alpha-channel-opacity\" \/>\n\n<h3 class=\"wp-block-heading\">Notre point de vue<\/h3>\n\n<p class=\"wp-block-paragraph\">Wir2030 dit : <strong>Non \u00e0 la surveillance num\u00e9rique totale.<\/strong><br\/>Non \u00e0 un code QR comme ticket d&rsquo;entr\u00e9e dans la soci\u00e9t\u00e9.<br\/>Non aux identifiants de sant\u00e9 centralis\u00e9s, au contr\u00f4le des chats, aux profils de mouvement, \u00e0 la biom\u00e9trie obligatoire.<\/p>\n\n<p class=\"wp-block-paragraph\">Car :<br\/><strong>La surveillance num\u00e9rique n&rsquo;efface pas le virus - elle efface la libert\u00e9.<\/strong><\/p>\n\n<p class=\"wp-block-paragraph\">Et sans libert\u00e9, il n&rsquo;y a pas de sant\u00e9, pas de d\u00e9mocratie, pas de dignit\u00e9 humaine.<\/p>\n","protected":false},"excerpt":{"rendered":"<p>Explication et justification La num\u00e9risation peut \u00eatre un outil de lib\u00e9ration - ou de contr\u00f4le.Elle peut faciliter la communication, l&rsquo;acc\u00e8s au savoir et les soins m\u00e9dicaux - ou se transformer en la plus grande machine de surveillance de l&rsquo;histoire de l&rsquo;humanit\u00e9.La diff\u00e9rence r\u00e9side dans l&rsquo;objectif - et dans l&rsquo;intention qui le sous-tend. Cette th\u00e8se met [&hellip;]<\/p>\n","protected":false},"author":112514394,"featured_media":431,"comment_status":"open","ping_status":"open","sticky":false,"template":"","format":"standard","meta":{"_crdt_document":"","advanced_seo_description":"","jetpack_seo_html_title":"","jetpack_seo_noindex":false,"_jetpack_newsletter_access":"","_jetpack_dont_email_post_to_subs":false,"_jetpack_newsletter_tier_id":0,"_jetpack_memberships_contains_paywalled_content":false,"_jetpack_memberships_contains_paid_content":false,"footnotes":"","jetpack_publicize_message":"","jetpack_publicize_feature_enabled":true,"jetpack_social_post_already_shared":true,"jetpack_social_options":{"image_generator_settings":{"template":"highway","default_image_id":0,"font":"","enabled":false},"version":2},"_wpas_customize_per_network":false,"jetpack_post_was_ever_published":false},"categories":[10096792],"tags":[],"class_list":["post-853","post","type-post","status-publish","format-standard","has-post-thumbnail","hentry","category-france"],"jetpack_publicize_connections":[],"jetpack_featured_media_url":"https:\/\/i0.wp.com\/wir2030.com\/wp-content\/uploads\/2025\/05\/image-9.png?fit=1024%2C768&ssl=1","jetpack_likes_enabled":true,"jetpack_sharing_enabled":true,"jetpack_shortlink":"https:\/\/wp.me\/pgv6KY-dL","jetpack-related-posts":[{"id":1371,"url":"https:\/\/wir2030.com\/fr\/2025\/06\/06\/these-27-la-liberte-nest-pas-un-privilege-mais-un-droit-de-naissance\/","url_meta":{"origin":853,"position":0},"title":"Th\u00e8se 27 : la libert\u00e9 n&rsquo;est pas un privil\u00e8ge, mais un droit de naissance.","author":"boschimo","date":"6 juin 2025","format":false,"excerpt":"Explication et justification La libert\u00e9 n'est pas un cadeau accord\u00e9 par l'\u00c9tat. Elle n'est pas un bonus, une r\u00e9compense pour un comportement adapt\u00e9, une d\u00e9rogation en temps de crise. La libert\u00e9 est ce qui revient \u00e0 l'homme d\u00e8s sa naissance - non pas par contrat, mais par dignit\u00e9. Elle n'a\u2026","rel":"","context":"Dans &quot;france&quot;","block_context":{"text":"france","link":"https:\/\/wir2030.com\/fr\/category\/france\/"},"img":{"alt_text":"","src":"https:\/\/i0.wp.com\/wir2030.com\/wp-content\/uploads\/2025\/06\/europaische-menschen-feiern-ihre-freiheit-von-der-tyrannei.png?fit=1024%2C768&ssl=1&resize=350%2C200","width":350,"height":200,"srcset":"https:\/\/i0.wp.com\/wir2030.com\/wp-content\/uploads\/2025\/06\/europaische-menschen-feiern-ihre-freiheit-von-der-tyrannei.png?fit=1024%2C768&ssl=1&resize=350%2C200 1x, https:\/\/i0.wp.com\/wir2030.com\/wp-content\/uploads\/2025\/06\/europaische-menschen-feiern-ihre-freiheit-von-der-tyrannei.png?fit=1024%2C768&ssl=1&resize=525%2C300 1.5x, https:\/\/i0.wp.com\/wir2030.com\/wp-content\/uploads\/2025\/06\/europaische-menschen-feiern-ihre-freiheit-von-der-tyrannei.png?fit=1024%2C768&ssl=1&resize=700%2C400 2x"},"classes":[]},{"id":866,"url":"https:\/\/wir2030.com\/fr\/2025\/05\/17\/these-10-la-liberte-dexpression-nest-pas-relative-elle-est-absolue\/","url_meta":{"origin":853,"position":1},"title":"Th\u00e8se 10 : La libert\u00e9 d&rsquo;expression n&rsquo;est pas relative - elle est absolue.","author":"boschimo","date":"17 mai 2025","format":false,"excerpt":"Explication et justification La libert\u00e9 d'expression n'est pas un privil\u00e8ge, mais un droit humain.Elle n'est pas n\u00e9gociable, ne d\u00e9pend pas des majorit\u00e9s, n'est pas limit\u00e9e par les id\u00e9ologies ou l'esprit du temps.Elle s'applique \u00e0 tous les individus, sur tous les sujets, \u00e0 toutes les \u00e9poques. Et elle est particuli\u00e8rement pr\u00e9cieuse\u2026","rel":"","context":"Dans &quot;france&quot;","block_context":{"text":"france","link":"https:\/\/wir2030.com\/fr\/category\/france\/"},"img":{"alt_text":"","src":"https:\/\/i0.wp.com\/wir2030.com\/wp-content\/uploads\/2025\/05\/10-die-meinungsfreiheit-ist-nicht-relativ-sie-ist.png?fit=1024%2C768&ssl=1&resize=350%2C200","width":350,"height":200,"srcset":"https:\/\/i0.wp.com\/wir2030.com\/wp-content\/uploads\/2025\/05\/10-die-meinungsfreiheit-ist-nicht-relativ-sie-ist.png?fit=1024%2C768&ssl=1&resize=350%2C200 1x, https:\/\/i0.wp.com\/wir2030.com\/wp-content\/uploads\/2025\/05\/10-die-meinungsfreiheit-ist-nicht-relativ-sie-ist.png?fit=1024%2C768&ssl=1&resize=525%2C300 1.5x, https:\/\/i0.wp.com\/wir2030.com\/wp-content\/uploads\/2025\/05\/10-die-meinungsfreiheit-ist-nicht-relativ-sie-ist.png?fit=1024%2C768&ssl=1&resize=700%2C400 2x"},"classes":[]},{"id":931,"url":"https:\/\/wir2030.com\/fr\/2025\/05\/17\/these-2-aucune-loi-ne-peut-censurer-la-verite\/","url_meta":{"origin":853,"position":2},"title":"Th\u00e8se 2 : aucune loi ne peut censurer la v\u00e9rit\u00e9.","author":"boschimo","date":"17 mai 2025","format":false,"excerpt":"Explication et justification La v\u00e9rit\u00e9 n'est pas une opinion, un bien politique ou un privil\u00e8ge institutionnel - c'est un id\u00e9al universel qui appartient \u00e0 tous les \u00eatres humains. Le libre acc\u00e8s \u00e0 la v\u00e9rit\u00e9 et la lutte ouverte pour l'obtenir sont les piliers de toute soci\u00e9t\u00e9 libre. Cette th\u00e8se pose\u2026","rel":"","context":"Dans &quot;Nicht kategorisiert&quot;","block_context":{"text":"Nicht kategorisiert","link":"https:\/\/wir2030.com\/category\/nicht-kategorisiert\/"},"img":{"alt_text":"","src":"https:\/\/i0.wp.com\/wir2030.com\/wp-content\/uploads\/2025\/05\/17.-mai-2025-13_03_14.png?fit=1024%2C1024&ssl=1&resize=350%2C200","width":350,"height":200,"srcset":"https:\/\/i0.wp.com\/wir2030.com\/wp-content\/uploads\/2025\/05\/17.-mai-2025-13_03_14.png?fit=1024%2C1024&ssl=1&resize=350%2C200 1x, https:\/\/i0.wp.com\/wir2030.com\/wp-content\/uploads\/2025\/05\/17.-mai-2025-13_03_14.png?fit=1024%2C1024&ssl=1&resize=525%2C300 1.5x, https:\/\/i0.wp.com\/wir2030.com\/wp-content\/uploads\/2025\/05\/17.-mai-2025-13_03_14.png?fit=1024%2C1024&ssl=1&resize=700%2C400 2x"},"classes":[]},{"id":842,"url":"https:\/\/wir2030.com\/fr\/2025\/05\/17\/these-6-la-sante-ne-peut-pas-etre-imposee-cest-une-responsabilite-individuelle\/","url_meta":{"origin":853,"position":3},"title":"Th\u00e8se 6 : La sant\u00e9 ne peut pas \u00eatre impos\u00e9e - c&rsquo;est une responsabilit\u00e9 individuelle.","author":"boschimo","date":"17 mai 2025","format":false,"excerpt":"Explication et justification La sant\u00e9 n'est pas une t\u00e2che de l'\u00c9tat au sens du contr\u00f4le, mais un choix et une responsabilit\u00e9 personnels. Elle est indissociable de la libert\u00e9, de l'autod\u00e9termination et de la confiance. Chaque personne est unique - dans son corps, ses exp\u00e9riences, ses risques, sa biographie.Par cons\u00e9quent, la\u2026","rel":"","context":"Dans &quot;france&quot;","block_context":{"text":"france","link":"https:\/\/wir2030.com\/fr\/category\/france\/"},"img":{"alt_text":"","src":"https:\/\/i0.wp.com\/wir2030.com\/wp-content\/uploads\/2025\/05\/create-a-highly-detailed-image-showcasing-the-theme-of-personal.png?fit=1024%2C768&ssl=1&resize=350%2C200","width":350,"height":200,"srcset":"https:\/\/i0.wp.com\/wir2030.com\/wp-content\/uploads\/2025\/05\/create-a-highly-detailed-image-showcasing-the-theme-of-personal.png?fit=1024%2C768&ssl=1&resize=350%2C200 1x, https:\/\/i0.wp.com\/wir2030.com\/wp-content\/uploads\/2025\/05\/create-a-highly-detailed-image-showcasing-the-theme-of-personal.png?fit=1024%2C768&ssl=1&resize=525%2C300 1.5x, https:\/\/i0.wp.com\/wir2030.com\/wp-content\/uploads\/2025\/05\/create-a-highly-detailed-image-showcasing-the-theme-of-personal.png?fit=1024%2C768&ssl=1&resize=700%2C400 2x"},"classes":[]},{"id":839,"url":"https:\/\/wir2030.com\/fr\/2025\/05\/17\/these-7-le-corps-humain-est-inviolable-meme-en-temps-de-crise\/","url_meta":{"origin":853,"position":4},"title":"Th\u00e8se 7 : Le corps humain est inviolable, m\u00eame en temps de crise.","author":"boschimo","date":"17 mai 2025","format":false,"excerpt":"Explication et justification Le corps humain est l'expression la plus directe de la libert\u00e9 et de la dignit\u00e9 individuelles.Il n'appartient qu \u00ab \u00e0 l'homme lui-m\u00eame - pas \u00e0 l \u00bb \u00c9tat, pas \u00e0 la science, pas \u00e0 la soci\u00e9t\u00e9, pas \u00e0 un syst\u00e8me de sant\u00e9 mondial. Cette indisponibilit\u00e9 n'est pas\u2026","rel":"","context":"Dans &quot;france&quot;","block_context":{"text":"france","link":"https:\/\/wir2030.com\/fr\/category\/france\/"},"img":{"alt_text":"","src":"https:\/\/i0.wp.com\/wir2030.com\/wp-content\/uploads\/2025\/05\/eine-aufrechte-nackte-menschliche-silhouette-in-licht-gehullt-gegen.png?fit=1024%2C768&ssl=1&resize=350%2C200","width":350,"height":200,"srcset":"https:\/\/i0.wp.com\/wir2030.com\/wp-content\/uploads\/2025\/05\/eine-aufrechte-nackte-menschliche-silhouette-in-licht-gehullt-gegen.png?fit=1024%2C768&ssl=1&resize=350%2C200 1x, https:\/\/i0.wp.com\/wir2030.com\/wp-content\/uploads\/2025\/05\/eine-aufrechte-nackte-menschliche-silhouette-in-licht-gehullt-gegen.png?fit=1024%2C768&ssl=1&resize=525%2C300 1.5x, https:\/\/i0.wp.com\/wir2030.com\/wp-content\/uploads\/2025\/05\/eine-aufrechte-nackte-menschliche-silhouette-in-licht-gehullt-gegen.png?fit=1024%2C768&ssl=1&resize=700%2C400 2x"},"classes":[]},{"id":816,"url":"https:\/\/wir2030.com\/fr\/2025\/05\/17\/these-1-lhomme-est-ne-libre-et-nappartient-ni-a-letat-ni-aux-entreprises\/","url_meta":{"origin":853,"position":5},"title":"Th\u00e8se 1 : l&rsquo;homme est n\u00e9 libre et n&rsquo;appartient ni \u00e0 l&rsquo;\u00c9tat ni aux entreprises.","author":"boschimo","date":"17 mai 2025","format":false,"excerpt":"Explication et justification Chaque personne vient au monde en tant qu'\u00eatre libre et autonome - avec une dignit\u00e9 inali\u00e9nable, une volont\u00e9 propre et un droit naturel \u00e0 l'autod\u00e9termination. Cette vision fondamentale de l'homme constitue le point de d\u00e9part de toute r\u00e9flexion sur la libert\u00e9 et la d\u00e9mocratie et est profond\u00e9ment\u2026","rel":"","context":"Dans &quot;Nicht kategorisiert&quot;","block_context":{"text":"Nicht kategorisiert","link":"https:\/\/wir2030.com\/category\/nicht-kategorisiert\/"},"img":{"alt_text":"","src":"https:\/\/i0.wp.com\/wir2030.com\/wp-content\/uploads\/2025\/05\/chatgpt-image-17.-mai-2025-13_00_24.png?fit=1024%2C1024&ssl=1&resize=350%2C200","width":350,"height":200,"srcset":"https:\/\/i0.wp.com\/wir2030.com\/wp-content\/uploads\/2025\/05\/chatgpt-image-17.-mai-2025-13_00_24.png?fit=1024%2C1024&ssl=1&resize=350%2C200 1x, https:\/\/i0.wp.com\/wir2030.com\/wp-content\/uploads\/2025\/05\/chatgpt-image-17.-mai-2025-13_00_24.png?fit=1024%2C1024&ssl=1&resize=525%2C300 1.5x, https:\/\/i0.wp.com\/wir2030.com\/wp-content\/uploads\/2025\/05\/chatgpt-image-17.-mai-2025-13_00_24.png?fit=1024%2C1024&ssl=1&resize=700%2C400 2x"},"classes":[]}],"_links":{"self":[{"href":"https:\/\/wir2030.com\/fr\/wp-json\/wp\/v2\/posts\/853","targetHints":{"allow":["GET"]}}],"collection":[{"href":"https:\/\/wir2030.com\/fr\/wp-json\/wp\/v2\/posts"}],"about":[{"href":"https:\/\/wir2030.com\/fr\/wp-json\/wp\/v2\/types\/post"}],"author":[{"embeddable":true,"href":"https:\/\/wir2030.com\/fr\/wp-json\/wp\/v2\/users\/112514394"}],"replies":[{"embeddable":true,"href":"https:\/\/wir2030.com\/fr\/wp-json\/wp\/v2\/comments?post=853"}],"version-history":[{"count":1,"href":"https:\/\/wir2030.com\/fr\/wp-json\/wp\/v2\/posts\/853\/revisions"}],"predecessor-version":[{"id":855,"href":"https:\/\/wir2030.com\/fr\/wp-json\/wp\/v2\/posts\/853\/revisions\/855"}],"wp:featuredmedia":[{"embeddable":true,"href":"https:\/\/wir2030.com\/fr\/wp-json\/wp\/v2\/media\/431"}],"wp:attachment":[{"href":"https:\/\/wir2030.com\/fr\/wp-json\/wp\/v2\/media?parent=853"}],"wp:term":[{"taxonomy":"category","embeddable":true,"href":"https:\/\/wir2030.com\/fr\/wp-json\/wp\/v2\/categories?post=853"},{"taxonomy":"post_tag","embeddable":true,"href":"https:\/\/wir2030.com\/fr\/wp-json\/wp\/v2\/tags?post=853"}],"curies":[{"name":"wp","href":"https:\/\/api.w.org\/{rel}","templated":true}]}}