{"id":839,"date":"2025-05-17T13:28:38","date_gmt":"2025-05-17T10:28:38","guid":{"rendered":"https:\/\/wir2030.com\/2025\/05\/17\/these-7-le-corps-humain-est-inviolable-meme-en-temps-de-crise\/"},"modified":"2025-05-23T16:10:35","modified_gmt":"2025-05-23T13:10:35","slug":"these-7-le-corps-humain-est-inviolable-meme-en-temps-de-crise","status":"publish","type":"post","link":"https:\/\/wir2030.com\/fr\/2025\/05\/17\/these-7-le-corps-humain-est-inviolable-meme-en-temps-de-crise\/","title":{"rendered":"Th\u00e8se 7 : Le corps humain est inviolable, m\u00eame en temps de crise."},"content":{"rendered":"\n<p class=\"wp-block-paragraph\"><strong>Explication et justification<\/strong><\/p>\n\n<p class=\"wp-block-paragraph\"><strong>Le corps humain est l&rsquo;expression la plus directe de la libert\u00e9 et de la dignit\u00e9 individuelles.<\/strong><br\/>Il n&rsquo;appartient qu \u00ab \u00e0 l&rsquo;homme lui-m\u00eame - pas \u00e0 l \u00bb \u00c9tat, pas \u00e0 la science, pas \u00e0 la soci\u00e9t\u00e9, pas \u00e0 un syst\u00e8me de sant\u00e9 mondial.<\/p>\n\n<p class=\"wp-block-paragraph\">Cette indisponibilit\u00e9 n&rsquo;est pas un privil\u00e8ge - c&rsquo;est un droit fondamental. Et elle est <strong>inconditionnelle<\/strong>. M\u00eame - et <strong>surtout<\/strong> - en temps de crise.<\/p>\n\n<p class=\"wp-block-paragraph\"><strong>Articles 1 &amp; 2 de la Loi fondamentale<\/strong><\/p>\n\n<p class=\"wp-block-paragraph\">La loi fondamentale allemande le formule clairement :<\/p>\n\n<ul class=\"wp-block-list\">\n<li><strong>Article 1 (1) :<\/strong> <em>\u00ab La dignit\u00e9 humaine est inviolable \u00bb.<\/em><\/li>\n\n\n\n<li><strong>Article 2 (2) :<\/strong> <em>\u00ab Toute personne a droit \u00e0 la vie et \u00e0 l&rsquo;int\u00e9grit\u00e9 physique \u00bb.<\/em><\/li>\n<\/ul>\n\n<p class=\"wp-block-paragraph\">Ces droits ne sont <strong>pas relatifs<\/strong>. Ils ne sont pas \u00e0 l <strong>&lsquo;ordre du jour<\/strong> - m\u00eame en cas de pand\u00e9mie, de guerre, d&rsquo;\u00e9tat d&rsquo;urgence ou de loi sur l&rsquo;\u00e9tat d&rsquo;urgence.<br\/><strong>L&rsquo;exposer, c&rsquo;est exposer l&rsquo;humanit\u00e9 elle-m\u00eame.<\/strong><\/p>\n\n<p class=\"wp-block-paragraph\"><strong>Que signifie \u00ab intangibilit\u00e9 \u00bb ?<\/strong><\/p>\n\n<p class=\"wp-block-paragraph\">Intouchable signifie<\/p>\n\n<ul class=\"wp-block-list\">\n<li>Aucune intervention m\u00e9dicale ne peut \u00eatre effectu\u00e9e sans un consentement explicite, volontaire et \u00e9clair\u00e9.<\/li>\n\n\n\n<li>Aucune autorit\u00e9, institution ou l\u00e9gislateur ne peut instrumentaliser le corps, que ce soit pour pr\u00e9venir un danger ou pour se conformer \u00e0 une norme.<\/li>\n\n\n\n<li>Aucune personne ne peut \u00eatre contrainte, forc\u00e9e ou soumise \u00e0 des pressions pour soumettre son corps \u00e0 des mesures qu&rsquo;elle ne souhaite pas, qu&rsquo;elles soient m\u00e9dicales, techniques ou g\u00e9n\u00e9tiques.<\/li>\n<\/ul>\n\n<p class=\"wp-block-paragraph\"><strong>Que se passe-t-il lorsque le corps devient vuln\u00e9rable ?<\/strong><\/p>\n\n<p class=\"wp-block-paragraph\">Ces derni\u00e8res ann\u00e9es ont montr\u00e9 ce qui se passe lorsque des \u00c9tats ou des entreprises se croient autoris\u00e9s \u00e0 prendre des d\u00e9cisions concernant le corps :<\/p>\n\n<ul class=\"wp-block-list\">\n<li>Obligation de vaccination et obligation de vaccination indirecte.<\/li>\n\n\n\n<li>Pression sociale massive sur les non-vaccin\u00e9s.<\/li>\n\n\n\n<li>Tests de contrainte, contrainte au masque, restriction de mouvement.<\/li>\n\n\n\n<li>Exclusion de l&rsquo;\u00e9cole, du travail et de la soci\u00e9t\u00e9 en cas de \u00ab\u00a0non-conformit\u00e9 m\u00e9dicale\u00a0\u00bb.<\/li>\n\n\n\n<li>Introduction de m\u00e9canismes de surveillance num\u00e9rique jusqu&rsquo;au niveau des donn\u00e9es corporelles.<\/li>\n<\/ul>\n\n<p class=\"wp-block-paragraph\"><strong>Ce n&rsquo;est pas de l&rsquo;assistance - c&rsquo;est de la d\u00e9gradation.<\/strong><\/p>\n\n<p class=\"wp-block-paragraph\"><strong>Le corps, dernier bastion de la libert\u00e9<\/strong><\/p>\n\n<p class=\"wp-block-paragraph\">Dans un monde de plus en plus num\u00e9rique et contr\u00f4l\u00e9, il ne reste souvent qu&rsquo;une seule chose \u00e0 l&rsquo;homme comme dernier espace prot\u00e9g\u00e9 :<br\/><strong>son propre corps.<\/strong><\/p>\n\n<p class=\"wp-block-paragraph\">Lorsque cet espace est viol\u00e9 - par la politique, la technique, le g\u00e9nie g\u00e9n\u00e9tique ou la biom\u00e9trie -, <strong>la libert\u00e9 prend fin<\/strong> non seulement au sens symbolique, mais aussi au sens tr\u00e8s concret.<\/p>\n\n<p class=\"wp-block-paragraph\"><strong>Notre point de vue<\/strong><\/p>\n\n<p class=\"wp-block-paragraph\">Wir2030 d\u00e9fend l&rsquo;autod\u00e9termination physique comme un droit fondamental inali\u00e9nable. Aucune crise, aucun \u00e9tat d&rsquo;urgence, aucune \u00ab\u00a0n\u00e9cessit\u00e9 scientifique\u00a0\u00bb ne doit jamais conduire l&rsquo;\u00c9tat \u00e0 disposer du corps de ses citoyens.<\/p>\n\n<p class=\"wp-block-paragraph\">Car :<br\/><strong>Toucher au corps de l&rsquo;homme, c&rsquo;est toucher au c\u0153ur de l&rsquo;humanit\u00e9.<\/strong><\/p>\n\n<p class=\"wp-block-paragraph\">Et donc - toujours, partout et sans exception :<\/p>\n\n<p class=\"wp-block-paragraph\"><strong>Le corps humain est inviolable, m\u00eame en temps de crise.<\/strong><\/p>\n\n<h3 class=\"wp-block-heading\"><\/h3>\n","protected":false},"excerpt":{"rendered":"<p>Explication et justification Le corps humain est l&rsquo;expression la plus directe de la libert\u00e9 et de la dignit\u00e9 individuelles.Il n&rsquo;appartient qu \u00ab \u00e0 l&rsquo;homme lui-m\u00eame - pas \u00e0 l \u00bb \u00c9tat, pas \u00e0 la science, pas \u00e0 la soci\u00e9t\u00e9, pas \u00e0 un syst\u00e8me de sant\u00e9 mondial. Cette indisponibilit\u00e9 n&rsquo;est pas un privil\u00e8ge - c&rsquo;est un [&hellip;]<\/p>\n","protected":false},"author":112514394,"featured_media":426,"comment_status":"open","ping_status":"open","sticky":false,"template":"","format":"standard","meta":{"_crdt_document":"","advanced_seo_description":"","jetpack_seo_html_title":"","jetpack_seo_noindex":false,"_jetpack_newsletter_access":"","_jetpack_dont_email_post_to_subs":false,"_jetpack_newsletter_tier_id":0,"_jetpack_memberships_contains_paywalled_content":false,"_jetpack_memberships_contains_paid_content":false,"footnotes":"","jetpack_publicize_message":"","jetpack_publicize_feature_enabled":true,"jetpack_social_post_already_shared":true,"jetpack_social_options":{"image_generator_settings":{"template":"highway","default_image_id":0,"font":"","enabled":false},"version":2},"_wpas_customize_per_network":false,"jetpack_post_was_ever_published":false},"categories":[10096792],"tags":[],"class_list":["post-839","post","type-post","status-publish","format-standard","has-post-thumbnail","hentry","category-france"],"jetpack_publicize_connections":[],"jetpack_featured_media_url":"https:\/\/i0.wp.com\/wir2030.com\/wp-content\/uploads\/2025\/05\/eine-aufrechte-nackte-menschliche-silhouette-in-licht-gehullt-gegen.png?fit=1024%2C768&ssl=1","jetpack_likes_enabled":true,"jetpack_sharing_enabled":true,"jetpack_shortlink":"https:\/\/wp.me\/pgv6KY-dx","jetpack-related-posts":[{"id":1270,"url":"https:\/\/wir2030.com\/fr\/2025\/05\/30\/these-32-la-dignite-de-l-etre-humain-sapplique-aussi-a-l-etat-durgence\/","url_meta":{"origin":839,"position":0},"title":"Th\u00e8se 32 : la dignit\u00e9 de l \u00ab \u00eatre humain s&rsquo;applique aussi \u00e0 l \u00bb \u00e9tat d&rsquo;urgence.","author":"boschimo","date":"30 mai 2025","format":false,"excerpt":"Explication et justification La dignit\u00e9 de l'\u00eatre humain est intangible.C'est ce que dit l'article 1, paragraphe 1, de la Loi fondamentale - et cette phrase n'est pas un d\u00e9corum, une citation pour discours comm\u00e9moratifs, un principe de beau temps.Elle est absolue.Elle ne s'applique pas sous r\u00e9serve, ni en fonction des\u2026","rel":"","context":"Dans &quot;france&quot;","block_context":{"text":"france","link":"https:\/\/wir2030.com\/fr\/category\/france\/"},"img":{"alt_text":"","src":"https:\/\/i0.wp.com\/wir2030.com\/wp-content\/uploads\/2025\/05\/male-gluckliche-europaische-menschen.png?fit=1024%2C768&ssl=1&resize=350%2C200","width":350,"height":200,"srcset":"https:\/\/i0.wp.com\/wir2030.com\/wp-content\/uploads\/2025\/05\/male-gluckliche-europaische-menschen.png?fit=1024%2C768&ssl=1&resize=350%2C200 1x, https:\/\/i0.wp.com\/wir2030.com\/wp-content\/uploads\/2025\/05\/male-gluckliche-europaische-menschen.png?fit=1024%2C768&ssl=1&resize=525%2C300 1.5x, https:\/\/i0.wp.com\/wir2030.com\/wp-content\/uploads\/2025\/05\/male-gluckliche-europaische-menschen.png?fit=1024%2C768&ssl=1&resize=700%2C400 2x"},"classes":[]},{"id":685,"url":"https:\/\/wir2030.com\/fr\/2025\/05\/25\/these-73-lhomme-nest-pas-un-cobaye\/","url_meta":{"origin":839,"position":1},"title":"Th\u00e8se 73 : l&rsquo;homme n&rsquo;est pas un cobaye.","author":"boschimo","date":"25 mai 2025","format":false,"excerpt":"Explication et justification Le corps humain n'est pas une propri\u00e9t\u00e9 de l'\u00c9tat, une plate-forme pour des programmes politiques ou une ressource pour des exp\u00e9riences mondiales. Il est l'expression de la dignit\u00e9, de la libert\u00e9 et de l'autod\u00e9termination - et donc inviolable. Toute intervention m\u00e9dicale, qu'elle soit pr\u00e9ventive, th\u00e9rapeutique ou exp\u00e9rimentale,\u2026","rel":"","context":"Dans &quot;france&quot;","block_context":{"text":"france","link":"https:\/\/wir2030.com\/fr\/category\/france\/"},"img":{"alt_text":"","src":"https:\/\/i0.wp.com\/wir2030.com\/wp-content\/uploads\/2025\/05\/male-ein-bild-zum-nurnberger-kodex-und-dem-arztlichen-gelobnis.png?fit=1024%2C768&ssl=1&resize=350%2C200","width":350,"height":200,"srcset":"https:\/\/i0.wp.com\/wir2030.com\/wp-content\/uploads\/2025\/05\/male-ein-bild-zum-nurnberger-kodex-und-dem-arztlichen-gelobnis.png?fit=1024%2C768&ssl=1&resize=350%2C200 1x, https:\/\/i0.wp.com\/wir2030.com\/wp-content\/uploads\/2025\/05\/male-ein-bild-zum-nurnberger-kodex-und-dem-arztlichen-gelobnis.png?fit=1024%2C768&ssl=1&resize=525%2C300 1.5x, https:\/\/i0.wp.com\/wir2030.com\/wp-content\/uploads\/2025\/05\/male-ein-bild-zum-nurnberger-kodex-und-dem-arztlichen-gelobnis.png?fit=1024%2C768&ssl=1&resize=700%2C400 2x"},"classes":[]},{"id":816,"url":"https:\/\/wir2030.com\/fr\/2025\/05\/17\/these-1-lhomme-est-ne-libre-et-nappartient-ni-a-letat-ni-aux-entreprises\/","url_meta":{"origin":839,"position":2},"title":"Th\u00e8se 1 : l&rsquo;homme est n\u00e9 libre et n&rsquo;appartient ni \u00e0 l&rsquo;\u00c9tat ni aux entreprises.","author":"boschimo","date":"17 mai 2025","format":false,"excerpt":"Explication et justification Chaque personne vient au monde en tant qu'\u00eatre libre et autonome - avec une dignit\u00e9 inali\u00e9nable, une volont\u00e9 propre et un droit naturel \u00e0 l'autod\u00e9termination. Cette vision fondamentale de l'homme constitue le point de d\u00e9part de toute r\u00e9flexion sur la libert\u00e9 et la d\u00e9mocratie et est profond\u00e9ment\u2026","rel":"","context":"Dans &quot;Nicht kategorisiert&quot;","block_context":{"text":"Nicht kategorisiert","link":"https:\/\/wir2030.com\/category\/nicht-kategorisiert\/"},"img":{"alt_text":"","src":"https:\/\/i0.wp.com\/wir2030.com\/wp-content\/uploads\/2025\/05\/chatgpt-image-17.-mai-2025-13_00_24.png?fit=1024%2C1024&ssl=1&resize=350%2C200","width":350,"height":200,"srcset":"https:\/\/i0.wp.com\/wir2030.com\/wp-content\/uploads\/2025\/05\/chatgpt-image-17.-mai-2025-13_00_24.png?fit=1024%2C1024&ssl=1&resize=350%2C200 1x, https:\/\/i0.wp.com\/wir2030.com\/wp-content\/uploads\/2025\/05\/chatgpt-image-17.-mai-2025-13_00_24.png?fit=1024%2C1024&ssl=1&resize=525%2C300 1.5x, https:\/\/i0.wp.com\/wir2030.com\/wp-content\/uploads\/2025\/05\/chatgpt-image-17.-mai-2025-13_00_24.png?fit=1024%2C1024&ssl=1&resize=700%2C400 2x"},"classes":[]},{"id":1371,"url":"https:\/\/wir2030.com\/fr\/2025\/06\/06\/these-27-la-liberte-nest-pas-un-privilege-mais-un-droit-de-naissance\/","url_meta":{"origin":839,"position":3},"title":"Th\u00e8se 27 : la libert\u00e9 n&rsquo;est pas un privil\u00e8ge, mais un droit de naissance.","author":"boschimo","date":"6 juin 2025","format":false,"excerpt":"Explication et justification La libert\u00e9 n'est pas un cadeau accord\u00e9 par l'\u00c9tat. Elle n'est pas un bonus, une r\u00e9compense pour un comportement adapt\u00e9, une d\u00e9rogation en temps de crise. La libert\u00e9 est ce qui revient \u00e0 l'homme d\u00e8s sa naissance - non pas par contrat, mais par dignit\u00e9. Elle n'a\u2026","rel":"","context":"Dans &quot;france&quot;","block_context":{"text":"france","link":"https:\/\/wir2030.com\/fr\/category\/france\/"},"img":{"alt_text":"","src":"https:\/\/i0.wp.com\/wir2030.com\/wp-content\/uploads\/2025\/06\/europaische-menschen-feiern-ihre-freiheit-von-der-tyrannei.png?fit=1024%2C768&ssl=1&resize=350%2C200","width":350,"height":200,"srcset":"https:\/\/i0.wp.com\/wir2030.com\/wp-content\/uploads\/2025\/06\/europaische-menschen-feiern-ihre-freiheit-von-der-tyrannei.png?fit=1024%2C768&ssl=1&resize=350%2C200 1x, https:\/\/i0.wp.com\/wir2030.com\/wp-content\/uploads\/2025\/06\/europaische-menschen-feiern-ihre-freiheit-von-der-tyrannei.png?fit=1024%2C768&ssl=1&resize=525%2C300 1.5x, https:\/\/i0.wp.com\/wir2030.com\/wp-content\/uploads\/2025\/06\/europaische-menschen-feiern-ihre-freiheit-von-der-tyrannei.png?fit=1024%2C768&ssl=1&resize=700%2C400 2x"},"classes":[]},{"id":1134,"url":"https:\/\/wir2030.com\/fr\/2025\/05\/27\/these-44-la-croyance-dans-les-institutions-ne-remplace-pas-la-responsabilite-individuelle\/","url_meta":{"origin":839,"position":4},"title":"Th\u00e8se 44 : La croyance dans les institutions ne remplace pas la responsabilit\u00e9 individuelle.","author":"boschimo","date":"27 mai 2025","format":false,"excerpt":"Explication et justification Les institutions sont faites pour les hommes - et non l'inverse.Pourtant, en temps de crise, nous constatons r\u00e9guli\u00e8rement le contraire :Au lieu de penser, d'examiner et d'agir de mani\u00e8re ind\u00e9pendante, beaucoup s'accrochent aux autorit\u00e9s, aux conseils d'experts et aux organisations supranationales comme \u00e0 une v\u00e9rit\u00e9 sup\u00e9rieure.Ils d\u00e9l\u00e8guent\u2026","rel":"","context":"Dans &quot;france&quot;","block_context":{"text":"france","link":"https:\/\/wir2030.com\/fr\/category\/france\/"},"img":{"alt_text":"","src":"https:\/\/i0.wp.com\/wir2030.com\/wp-content\/uploads\/2025\/05\/male-einen-menschen-der-einem-polizisten-das-grundgesetz-wie-eine.png?fit=1024%2C768&ssl=1&resize=350%2C200","width":350,"height":200,"srcset":"https:\/\/i0.wp.com\/wir2030.com\/wp-content\/uploads\/2025\/05\/male-einen-menschen-der-einem-polizisten-das-grundgesetz-wie-eine.png?fit=1024%2C768&ssl=1&resize=350%2C200 1x, https:\/\/i0.wp.com\/wir2030.com\/wp-content\/uploads\/2025\/05\/male-einen-menschen-der-einem-polizisten-das-grundgesetz-wie-eine.png?fit=1024%2C768&ssl=1&resize=525%2C300 1.5x, https:\/\/i0.wp.com\/wir2030.com\/wp-content\/uploads\/2025\/05\/male-einen-menschen-der-einem-polizisten-das-grundgesetz-wie-eine.png?fit=1024%2C768&ssl=1&resize=700%2C400 2x"},"classes":[]},{"id":931,"url":"https:\/\/wir2030.com\/fr\/2025\/05\/17\/these-2-aucune-loi-ne-peut-censurer-la-verite\/","url_meta":{"origin":839,"position":5},"title":"Th\u00e8se 2 : aucune loi ne peut censurer la v\u00e9rit\u00e9.","author":"boschimo","date":"17 mai 2025","format":false,"excerpt":"Explication et justification La v\u00e9rit\u00e9 n'est pas une opinion, un bien politique ou un privil\u00e8ge institutionnel - c'est un id\u00e9al universel qui appartient \u00e0 tous les \u00eatres humains. Le libre acc\u00e8s \u00e0 la v\u00e9rit\u00e9 et la lutte ouverte pour l'obtenir sont les piliers de toute soci\u00e9t\u00e9 libre. Cette th\u00e8se pose\u2026","rel":"","context":"Dans &quot;Non cat\u00e9goris\u00e9&quot;","block_context":{"text":"Non cat\u00e9goris\u00e9","link":"https:\/\/wir2030.com\/fr\/category\/non-categorise\/"},"img":{"alt_text":"","src":"https:\/\/i0.wp.com\/wir2030.com\/wp-content\/uploads\/2025\/05\/17.-mai-2025-13_03_14.png?fit=1024%2C1024&ssl=1&resize=350%2C200","width":350,"height":200,"srcset":"https:\/\/i0.wp.com\/wir2030.com\/wp-content\/uploads\/2025\/05\/17.-mai-2025-13_03_14.png?fit=1024%2C1024&ssl=1&resize=350%2C200 1x, https:\/\/i0.wp.com\/wir2030.com\/wp-content\/uploads\/2025\/05\/17.-mai-2025-13_03_14.png?fit=1024%2C1024&ssl=1&resize=525%2C300 1.5x, https:\/\/i0.wp.com\/wir2030.com\/wp-content\/uploads\/2025\/05\/17.-mai-2025-13_03_14.png?fit=1024%2C1024&ssl=1&resize=700%2C400 2x"},"classes":[]}],"_links":{"self":[{"href":"https:\/\/wir2030.com\/fr\/wp-json\/wp\/v2\/posts\/839","targetHints":{"allow":["GET"]}}],"collection":[{"href":"https:\/\/wir2030.com\/fr\/wp-json\/wp\/v2\/posts"}],"about":[{"href":"https:\/\/wir2030.com\/fr\/wp-json\/wp\/v2\/types\/post"}],"author":[{"embeddable":true,"href":"https:\/\/wir2030.com\/fr\/wp-json\/wp\/v2\/users\/112514394"}],"replies":[{"embeddable":true,"href":"https:\/\/wir2030.com\/fr\/wp-json\/wp\/v2\/comments?post=839"}],"version-history":[{"count":1,"href":"https:\/\/wir2030.com\/fr\/wp-json\/wp\/v2\/posts\/839\/revisions"}],"predecessor-version":[{"id":841,"href":"https:\/\/wir2030.com\/fr\/wp-json\/wp\/v2\/posts\/839\/revisions\/841"}],"wp:featuredmedia":[{"embeddable":true,"href":"https:\/\/wir2030.com\/fr\/wp-json\/wp\/v2\/media\/426"}],"wp:attachment":[{"href":"https:\/\/wir2030.com\/fr\/wp-json\/wp\/v2\/media?parent=839"}],"wp:term":[{"taxonomy":"category","embeddable":true,"href":"https:\/\/wir2030.com\/fr\/wp-json\/wp\/v2\/categories?post=839"},{"taxonomy":"post_tag","embeddable":true,"href":"https:\/\/wir2030.com\/fr\/wp-json\/wp\/v2\/tags?post=839"}],"curies":[{"name":"wp","href":"https:\/\/api.w.org\/{rel}","templated":true}]}}