{"id":777,"date":"2025-05-18T11:53:26","date_gmt":"2025-05-18T08:53:26","guid":{"rendered":"https:\/\/wir2030.com\/2025\/05\/18\/these-95-la-violence-ne-doit-plus-jamais-emaner-de-letat-mais-uniquement-du-peuple\/"},"modified":"2025-05-26T13:16:59","modified_gmt":"2025-05-26T10:16:59","slug":"these-95-la-violence-ne-doit-plus-jamais-emaner-de-letat-mais-uniquement-du-peuple","status":"publish","type":"post","link":"https:\/\/wir2030.com\/fr\/2025\/05\/18\/these-95-la-violence-ne-doit-plus-jamais-emaner-de-letat-mais-uniquement-du-peuple\/","title":{"rendered":"Th\u00e8se 95 : La violence ne doit plus jamais \u00e9maner de l&rsquo;\u00c9tat - mais uniquement du peuple."},"content":{"rendered":"\n<p class=\"wp-block-paragraph\"><strong>Explication et justification<\/strong><\/p>\n\n<p class=\"wp-block-paragraph\">L&rsquo;histoire de l&rsquo;humanit\u00e9 est aussi celle de la violence - et de sa monopolisation.<br\/>Pendant des si\u00e8cles, les \u00c9tats se sont appropri\u00e9s le <strong>monopole exclusif de la violence<\/strong>, au motif qu&rsquo;ils voulaient garantir l&rsquo;ordre, la s\u00e9curit\u00e9 et la stabilit\u00e9.<br\/>Mais en r\u00e9alit\u00e9, ce monopole de la violence a toujours \u00e9t\u00e9 <strong>utilis\u00e9 \u00e0 mauvais escient<\/strong>:<br\/>Pour r\u00e9primer, discipliner, lutter contre les r\u00e9voltes, faire la guerre - contre d&rsquo;autres peuples et contre le leur.<\/p>\n\n<p class=\"wp-block-paragraph\">C&rsquo;est pr\u00e9cis\u00e9ment dans les ann\u00e9es qui ont suivi 2020 que cette v\u00e9rit\u00e9 est devenue visible - douloureusement, mais de mani\u00e8re \u00e9vidente :<br\/>Des unit\u00e9s de police qui ont frapp\u00e9 des manifestants pacifiques.<br\/>Des militaires utilis\u00e9s contre leur propre population.<br\/>Des menaces de sanction contre des m\u00e9decins, des enseignants, des p\u00e8res de famille.<br\/>Des tribunaux qui se sont plac\u00e9s devant le pouvoir et non devant le peuple pour le prot\u00e9ger.<br\/>Et tout cela au nom de la sant\u00e9, de l&rsquo;ordre, de la protection.<\/p>\n\n<p class=\"wp-block-paragraph\"><strong>Mais qui prot\u00e8ge le peuple d&rsquo;un \u00c9tat envahissant ?<\/strong><\/p>\n\n<p class=\"wp-block-paragraph\"><strong>Les le\u00e7ons de l&rsquo;histoire<\/strong><\/p>\n\n<p class=\"wp-block-paragraph\">Dans les pays o\u00f9 le peuple \u00e9tait \u00e9galement en mesure de se d\u00e9fendre physiquement - comme aux \u00c9tats-Unis avec leur deuxi\u00e8me amendement -<br\/>, les gouvernements sont rest\u00e9s plus r\u00e9ticents.<br\/>L&rsquo;\u00c9tat savait : <strong>il ne peut plus s&rsquo;opposer au citoyen en tant qu&rsquo;adversaire.<\/strong><br\/>Car l&rsquo;arme qui pourrait le soumettre n&rsquo;est pas seulement entre les mains du pouvoir - <strong>mais aussi entre celles du souverain.<\/strong><\/p>\n\n<p class=\"wp-block-paragraph\"><strong>Ce qui doit changer<\/strong><\/p>\n\n<p class=\"wp-block-paragraph\">Un nouveau contrat social pour un avenir pacifique ne doit pas se fonder sur le monopole de la violence de l&rsquo;\u00c9tat -<br\/>mais sur <strong>la responsabilit\u00e9 du citoyen libre.<\/strong><\/p>\n\n<ul class=\"wp-block-list\">\n<li>L&rsquo;\u00c9tat ne doit pas poss\u00e9der d&rsquo;armes pour viser son propre peuple.<\/li>\n\n\n\n<li>Mais les citoyens peuvent et doivent avoir le droit de se prot\u00e9ger, de prot\u00e9ger leur famille, leur communaut\u00e9 et leur pays - m\u00eame contre un gouvernement envahissant si n\u00e9cessaire.<\/li>\n\n\n\n<li>En effet, seul celui qui peut se d\u00e9fendre est libre.<\/li>\n<\/ul>\n\n<p class=\"wp-block-paragraph\"><strong>Notre point de vue<\/strong><\/p>\n\n<p class=\"wp-block-paragraph\">Nous2030 dit<\/p>\n\n<p class=\"wp-block-paragraph\">La violence ne doit plus jamais \u00e9maner de l&rsquo;\u00c9tat.<br\/>Elle ne doit \u00e9maner que du peuple - <strong>non pas en tant qu&rsquo;agression, mais en tant que derni\u00e8re ligne de d\u00e9fense contre l&rsquo;injustice.<\/strong><\/p>\n\n<p class=\"wp-block-paragraph\">Nous exigeons la fin du pouvoir des armes de l&rsquo;\u00c9tat - et le retour de la responsabilit\u00e9 \u00e0 la soci\u00e9t\u00e9 libre.<br\/>Non pas pour provoquer la violence, mais pour <strong>rendre la<\/strong> violence <strong>inutile.<\/strong><br\/>Car aucun r\u00e9gime ne devient envahissant s&rsquo;il sait que le pouvoir appartient au peuple - non seulement sur le papier, mais aussi dans la r\u00e9alit\u00e9.<\/p>\n\n<p class=\"wp-block-paragraph\"><strong>Th\u00e8se 95 : La violence ne doit plus jamais \u00e9maner de l&rsquo;\u00c9tat - mais uniquement du peuple.<\/strong><br\/>Car seul un souverain arm\u00e9 est un souverain v\u00e9ritablement libre.<\/p>\n","protected":false},"excerpt":{"rendered":"<p>Explication et justification L&rsquo;histoire de l&rsquo;humanit\u00e9 est aussi celle de la violence - et de sa monopolisation.Pendant des si\u00e8cles, les \u00c9tats se sont appropri\u00e9s le monopole exclusif de la violence, au motif qu&rsquo;ils voulaient garantir l&rsquo;ordre, la s\u00e9curit\u00e9 et la stabilit\u00e9.Mais en r\u00e9alit\u00e9, ce monopole de la violence a toujours \u00e9t\u00e9 utilis\u00e9 \u00e0 mauvais escient:Pour [&hellip;]<\/p>\n","protected":false},"author":112514394,"featured_media":466,"comment_status":"open","ping_status":"open","sticky":false,"template":"","format":"standard","meta":{"_crdt_document":"","advanced_seo_description":"","jetpack_seo_html_title":"","jetpack_seo_noindex":false,"_jetpack_newsletter_access":"","_jetpack_dont_email_post_to_subs":false,"_jetpack_newsletter_tier_id":0,"_jetpack_memberships_contains_paywalled_content":false,"_jetpack_memberships_contains_paid_content":false,"footnotes":"","jetpack_publicize_message":"","jetpack_publicize_feature_enabled":true,"jetpack_social_post_already_shared":true,"jetpack_social_options":{"image_generator_settings":{"template":"highway","default_image_id":0,"font":"","enabled":false},"version":2},"_wpas_customize_per_network":false,"jetpack_post_was_ever_published":false},"categories":[10096792],"tags":[],"class_list":["post-777","post","type-post","status-publish","format-standard","has-post-thumbnail","hentry","category-france"],"jetpack_publicize_connections":[],"jetpack_featured_media_url":"https:\/\/i0.wp.com\/wir2030.com\/wp-content\/uploads\/2025\/05\/image-12.png?fit=1024%2C768&ssl=1","jetpack_likes_enabled":true,"jetpack_sharing_enabled":true,"jetpack_shortlink":"https:\/\/wp.me\/pgv6KY-cx","jetpack-related-posts":[{"id":1284,"url":"https:\/\/wir2030.com\/fr\/2025\/05\/31\/these-14-si-vous-censurez-une-critique-cest-que-vous-avez-quelque-chose-a-cacher\/","url_meta":{"origin":777,"position":0},"title":"Th\u00e8se 14 : Si vous censurez une critique, c&rsquo;est que vous avez quelque chose \u00e0 cacher.","author":"boschimo","date":"31 mai 2025","format":false,"excerpt":"Explication et justification La critique est le pouls de toute soci\u00e9t\u00e9 libre.Elle est le signe vivant d'une d\u00e9mocratie, le syst\u00e8me d'alerte pr\u00e9coce du pouvoir, le correctif des erreurs institutionnelles.L\u00e0 o\u00f9 la critique est autoris\u00e9e, le pouvoir peut \u00eatre remis en question, contr\u00f4l\u00e9 et corrig\u00e9.L\u00e0 o\u00f9 elle est r\u00e9prim\u00e9e, l'arbitraire, la\u2026","rel":"","context":"Dans &quot;france&quot;","block_context":{"text":"france","link":"https:\/\/wir2030.com\/fr\/category\/france\/"},"img":{"alt_text":"","src":"https:\/\/i0.wp.com\/wir2030.com\/wp-content\/uploads\/2025\/05\/2025-05-26-10.49.58-AM.png?fit=626%2C524&ssl=1&resize=350%2C200","width":350,"height":200,"srcset":"https:\/\/i0.wp.com\/wir2030.com\/wp-content\/uploads\/2025\/05\/2025-05-26-10.49.58-AM.png?fit=626%2C524&ssl=1&resize=350%2C200 1x, https:\/\/i0.wp.com\/wir2030.com\/wp-content\/uploads\/2025\/05\/2025-05-26-10.49.58-AM.png?fit=626%2C524&ssl=1&resize=525%2C300 1.5x"},"classes":[]},{"id":831,"url":"https:\/\/wir2030.com\/fr\/2025\/05\/17\/these-4-la-contrainte-nest-pas-une-protection-cest-une-violence\/","url_meta":{"origin":777,"position":1},"title":"Th\u00e8se 4 : la contrainte n&rsquo;est pas une protection, c&rsquo;est une violence.","author":"boschimo","date":"17 mai 2025","format":false,"excerpt":"Explication et justification Dans les soci\u00e9t\u00e9s modernes, l'action de l'\u00c9tat ou des institutions est souvent l\u00e9gitim\u00e9e par la notion de \"protection\". On parle de \u00ab protection de la sant\u00e9 \u00bb, de \u00ab protection de la d\u00e9mocratie \u00bb, de \u00ab protection de l'ordre public \u00bb. Mais que se passe-t-il si cette\u2026","rel":"","context":"Dans &quot;france&quot;","block_context":{"text":"france","link":"https:\/\/wir2030.com\/fr\/category\/france\/"},"img":{"alt_text":"","src":"https:\/\/i0.wp.com\/wir2030.com\/wp-content\/uploads\/2025\/05\/image-5.png?fit=1024%2C768&ssl=1&resize=350%2C200","width":350,"height":200,"srcset":"https:\/\/i0.wp.com\/wir2030.com\/wp-content\/uploads\/2025\/05\/image-5.png?fit=1024%2C768&ssl=1&resize=350%2C200 1x, https:\/\/i0.wp.com\/wir2030.com\/wp-content\/uploads\/2025\/05\/image-5.png?fit=1024%2C768&ssl=1&resize=525%2C300 1.5x, https:\/\/i0.wp.com\/wir2030.com\/wp-content\/uploads\/2025\/05\/image-5.png?fit=1024%2C768&ssl=1&resize=700%2C400 2x"},"classes":[]},{"id":702,"url":"https:\/\/wir2030.com\/fr\/2025\/05\/23\/these-76-la-morale-ne-remplace-pas-les-libertes\/","url_meta":{"origin":777,"position":2},"title":"Th\u00e8se 76 : La morale ne remplace pas les libert\u00e9s.","author":"boschimo","date":"23 mai 2025","format":false,"excerpt":"Explication et justification Les droits \u00e0 la libert\u00e9 ne sont pas seulement de beaux id\u00e9aux. Ils sont des boucliers constitutionnels, \u00e9rig\u00e9s contre l'arbitraire de la majorit\u00e9, contre l'empi\u00e8tement de l'\u00c9tat et contre la tyrannie de l'opinion publique.Ils ont \u00e9t\u00e9 conquis au fil des si\u00e8cles - non pas pour que l'homme\u2026","rel":"","context":"Dans &quot;france&quot;","block_context":{"text":"france","link":"https:\/\/wir2030.com\/fr\/category\/france\/"},"img":{"alt_text":"","src":"https:\/\/i0.wp.com\/wir2030.com\/wp-content\/uploads\/2025\/05\/male-einen-goldenen-kafig-anstatt-dem-schwarzen-kafig-und-darin.png?fit=1024%2C768&ssl=1&resize=350%2C200","width":350,"height":200,"srcset":"https:\/\/i0.wp.com\/wir2030.com\/wp-content\/uploads\/2025\/05\/male-einen-goldenen-kafig-anstatt-dem-schwarzen-kafig-und-darin.png?fit=1024%2C768&ssl=1&resize=350%2C200 1x, https:\/\/i0.wp.com\/wir2030.com\/wp-content\/uploads\/2025\/05\/male-einen-goldenen-kafig-anstatt-dem-schwarzen-kafig-und-darin.png?fit=1024%2C768&ssl=1&resize=525%2C300 1.5x, https:\/\/i0.wp.com\/wir2030.com\/wp-content\/uploads\/2025\/05\/male-einen-goldenen-kafig-anstatt-dem-schwarzen-kafig-und-darin.png?fit=1024%2C768&ssl=1&resize=700%2C400 2x"},"classes":[]},{"id":1371,"url":"https:\/\/wir2030.com\/fr\/2025\/06\/06\/these-27-la-liberte-nest-pas-un-privilege-mais-un-droit-de-naissance\/","url_meta":{"origin":777,"position":3},"title":"Th\u00e8se 27 : la libert\u00e9 n&rsquo;est pas un privil\u00e8ge, mais un droit de naissance.","author":"boschimo","date":"6 juin 2025","format":false,"excerpt":"Explication et justification La libert\u00e9 n'est pas un cadeau accord\u00e9 par l'\u00c9tat. Elle n'est pas un bonus, une r\u00e9compense pour un comportement adapt\u00e9, une d\u00e9rogation en temps de crise. La libert\u00e9 est ce qui revient \u00e0 l'homme d\u00e8s sa naissance - non pas par contrat, mais par dignit\u00e9. Elle n'a\u2026","rel":"","context":"Dans &quot;france&quot;","block_context":{"text":"france","link":"https:\/\/wir2030.com\/fr\/category\/france\/"},"img":{"alt_text":"","src":"https:\/\/i0.wp.com\/wir2030.com\/wp-content\/uploads\/2025\/06\/europaische-menschen-feiern-ihre-freiheit-von-der-tyrannei.png?fit=1024%2C768&ssl=1&resize=350%2C200","width":350,"height":200,"srcset":"https:\/\/i0.wp.com\/wir2030.com\/wp-content\/uploads\/2025\/06\/europaische-menschen-feiern-ihre-freiheit-von-der-tyrannei.png?fit=1024%2C768&ssl=1&resize=350%2C200 1x, https:\/\/i0.wp.com\/wir2030.com\/wp-content\/uploads\/2025\/06\/europaische-menschen-feiern-ihre-freiheit-von-der-tyrannei.png?fit=1024%2C768&ssl=1&resize=525%2C300 1.5x, https:\/\/i0.wp.com\/wir2030.com\/wp-content\/uploads\/2025\/06\/europaische-menschen-feiern-ihre-freiheit-von-der-tyrannei.png?fit=1024%2C768&ssl=1&resize=700%2C400 2x"},"classes":[]},{"id":733,"url":"https:\/\/wir2030.com\/fr\/2025\/05\/21\/these-21-toute-societe-a-besoin-de-lanceurs-dalerte-pas-dinformateurs\/","url_meta":{"origin":777,"position":4},"title":"Th\u00e8se 21 : Toute soci\u00e9t\u00e9 a besoin de lanceurs d&rsquo;alerte, pas d&rsquo;informateurs.","author":"boschimo","date":"21 mai 2025","format":false,"excerpt":"Explication et justification Une soci\u00e9t\u00e9 saine se nourrit d'\u00e9ducation, de transparence et de capacit\u00e9 d'autocorrection.Pour cela, elle a besoin de personnes courageuses qui d\u00e9noncent les abus - et non de personnes qui surveillent leurs semblables.Les lanceurs d'alerte sont un signe d'int\u00e9grit\u00e9. Les informateurs sont un signe de domination par la\u2026","rel":"","context":"Dans &quot;france&quot;","block_context":{"text":"france","link":"https:\/\/wir2030.com\/fr\/category\/france\/"},"img":{"alt_text":"","src":"https:\/\/i0.wp.com\/wir2030.com\/wp-content\/uploads\/2025\/05\/image-18.png?fit=1024%2C768&ssl=1&resize=350%2C200","width":350,"height":200,"srcset":"https:\/\/i0.wp.com\/wir2030.com\/wp-content\/uploads\/2025\/05\/image-18.png?fit=1024%2C768&ssl=1&resize=350%2C200 1x, https:\/\/i0.wp.com\/wir2030.com\/wp-content\/uploads\/2025\/05\/image-18.png?fit=1024%2C768&ssl=1&resize=525%2C300 1.5x, https:\/\/i0.wp.com\/wir2030.com\/wp-content\/uploads\/2025\/05\/image-18.png?fit=1024%2C768&ssl=1&resize=700%2C400 2x"},"classes":[]},{"id":1383,"url":"https:\/\/wir2030.com\/fr\/2025\/06\/02\/these-67-le-totalitarisme-ne-commence-pas-avec-des-chaines-mais-avec-la-perte-de-la-responsabilite\/","url_meta":{"origin":777,"position":5},"title":"Th\u00e8se 67 : Le totalitarisme ne commence pas avec des cha\u00eenes - mais avec la perte de la responsabilit\u00e9.","author":"boschimo","date":"2 juin 2025","format":false,"excerpt":"Explication et justification Les syst\u00e8mes totalitaires arrivent rarement avec des uniformes, des sir\u00e8nes ou de la violence.Ils se pr\u00e9sentent souvent comme de gentils assistants - autorit\u00e9s sanitaires, conseillers en s\u00e9curit\u00e9, sauveurs du climat, protecteurs des enfants ou agence d'innovation num\u00e9rique.Ils font appel au bien, parlent de responsabilit\u00e9 - mais veulent\u2026","rel":"","context":"Dans &quot;france&quot;","block_context":{"text":"france","link":"https:\/\/wir2030.com\/fr\/category\/france\/"},"img":{"alt_text":"","src":"https:\/\/i0.wp.com\/wir2030.com\/wp-content\/uploads\/2025\/05\/image-33.png?fit=1024%2C768&ssl=1&resize=350%2C200","width":350,"height":200,"srcset":"https:\/\/i0.wp.com\/wir2030.com\/wp-content\/uploads\/2025\/05\/image-33.png?fit=1024%2C768&ssl=1&resize=350%2C200 1x, https:\/\/i0.wp.com\/wir2030.com\/wp-content\/uploads\/2025\/05\/image-33.png?fit=1024%2C768&ssl=1&resize=525%2C300 1.5x, https:\/\/i0.wp.com\/wir2030.com\/wp-content\/uploads\/2025\/05\/image-33.png?fit=1024%2C768&ssl=1&resize=700%2C400 2x"},"classes":[]}],"_links":{"self":[{"href":"https:\/\/wir2030.com\/fr\/wp-json\/wp\/v2\/posts\/777","targetHints":{"allow":["GET"]}}],"collection":[{"href":"https:\/\/wir2030.com\/fr\/wp-json\/wp\/v2\/posts"}],"about":[{"href":"https:\/\/wir2030.com\/fr\/wp-json\/wp\/v2\/types\/post"}],"author":[{"embeddable":true,"href":"https:\/\/wir2030.com\/fr\/wp-json\/wp\/v2\/users\/112514394"}],"replies":[{"embeddable":true,"href":"https:\/\/wir2030.com\/fr\/wp-json\/wp\/v2\/comments?post=777"}],"version-history":[{"count":1,"href":"https:\/\/wir2030.com\/fr\/wp-json\/wp\/v2\/posts\/777\/revisions"}],"predecessor-version":[{"id":781,"href":"https:\/\/wir2030.com\/fr\/wp-json\/wp\/v2\/posts\/777\/revisions\/781"}],"wp:featuredmedia":[{"embeddable":true,"href":"https:\/\/wir2030.com\/fr\/wp-json\/wp\/v2\/media\/466"}],"wp:attachment":[{"href":"https:\/\/wir2030.com\/fr\/wp-json\/wp\/v2\/media?parent=777"}],"wp:term":[{"taxonomy":"category","embeddable":true,"href":"https:\/\/wir2030.com\/fr\/wp-json\/wp\/v2\/categories?post=777"},{"taxonomy":"post_tag","embeddable":true,"href":"https:\/\/wir2030.com\/fr\/wp-json\/wp\/v2\/tags?post=777"}],"curies":[{"name":"wp","href":"https:\/\/api.w.org\/{rel}","templated":true}]}}