{"id":754,"date":"2025-05-20T11:40:00","date_gmt":"2025-05-20T08:40:00","guid":{"rendered":"https:\/\/wir2030.com\/2025\/05\/20\/these-89-si-letat-controle-tout-il-ny-a-pas-de-place-pour-la-responsabilite\/"},"modified":"2025-05-26T13:16:58","modified_gmt":"2025-05-26T10:16:58","slug":"these-89-si-letat-controle-tout-il-ny-a-pas-de-place-pour-la-responsabilite","status":"publish","type":"post","link":"https:\/\/wir2030.com\/fr\/2025\/05\/20\/these-89-si-letat-controle-tout-il-ny-a-pas-de-place-pour-la-responsabilite\/","title":{"rendered":"Th\u00e8se 89 : Si l&rsquo;\u00c9tat contr\u00f4le tout, il n&rsquo;y a pas de place pour la responsabilit\u00e9."},"content":{"rendered":"\n<p class=\"wp-block-paragraph\"><strong>Explication et justification<\/strong><br\/>La responsabilit\u00e9 commence l\u00e0 o\u00f9 la libert\u00e9 est accord\u00e9e.<br\/>Seul celui qui a le droit de d\u00e9cider peut \u00eatre responsable.<br\/>Mais si l \u00ab \u00c9tat r\u00e9glemente, surveille, sanctionne et prescrit chaque d\u00e9tail,<br\/>il retire \u00e0 l&rsquo;homme la possibilit\u00e9 m\u00eame d \u00bb \u00eatre responsable.<\/p>\n\n<p class=\"wp-block-paragraph\"><strong>Comment cela se produit<\/strong><\/p>\n\n<ul class=\"wp-block-list\">\n<li>La sant\u00e9 est g\u00e9r\u00e9e plut\u00f4t que fa\u00e7onn\u00e9e<\/li>\n\n\n\n<li>L&rsquo;\u00e9ducation est pilot\u00e9e plut\u00f4t qu&rsquo;accompagn\u00e9e<\/li>\n\n\n\n<li>Les opinions sont \u00e9valu\u00e9es plut\u00f4t que v\u00e9rifi\u00e9es<\/li>\n\n\n\n<li>Les d\u00e9cisions sont impos\u00e9es plut\u00f4t qu&rsquo;\u00e9labor\u00e9es<\/li>\n\n\n\n<li>Les lois sont accumul\u00e9es au lieu d&rsquo;\u00eatre comprises<\/li>\n\n\n\n<li>Les paragraphes remplacent la justice par la technique<\/li>\n\n\n\n<li>M\u00eame les normes historiques d&rsquo;injustice (de l&rsquo;\u00e9poque nazie ou de Weimar) restent en vigueur<\/li>\n\n\n\n<li>La d\u00e9cision au cas par cas est remplac\u00e9e par une r\u00e8gle rigide<\/li>\n\n\n\n<li>La jurisprudence devient une sp\u00e9cialit\u00e9 - et non plus un droit civique<br\/>Il en r\u00e9sulte une soci\u00e9t\u00e9 de d\u00e9pendants - et non d&rsquo;autod\u00e9termin\u00e9s.<\/li>\n<\/ul>\n\n<p class=\"wp-block-paragraph\"><strong>Pourquoi la responsabilit\u00e9 est importante<\/strong><\/p>\n\n<ul class=\"wp-block-list\">\n<li>Elle responsabilise les individus<\/li>\n\n\n\n<li>Elle permet l&#8217;empathie et le jugement<\/li>\n\n\n\n<li>Elle renforce la communaut\u00e9 par la participation<\/li>\n\n\n\n<li>Elle permet les erreurs - et la croissance qui en d\u00e9coule<\/li>\n\n\n\n<li>Elle exige la confrontation plut\u00f4t que l&rsquo;ob\u00e9issance<\/li>\n\n\n\n<li>Elle a besoin d&rsquo;une vue d&rsquo;ensemble, pas d&rsquo;un surmenage<br\/>Car pour assumer des responsabilit\u00e9s, il faut conna\u00eetre et comprendre les r\u00e8gles. Mais cela n&rsquo;est gu\u00e8re possible aujourd&rsquo;hui : l&rsquo;abondance de lois est telle que m\u00eame les experts \u00e9chouent souvent - et le citoyen ordinaire s&rsquo;est r\u00e9sign\u00e9 depuis longtemps.<\/li>\n<\/ul>\n\n<p class=\"wp-block-paragraph\"><strong>Notre point de vue<\/strong><br\/><strong>Wir2030 dit :<\/strong><br\/>Une communaut\u00e9 libre n&rsquo;a pas besoin d&rsquo;un maquis bureaucratique, mais d&rsquo;une structure juridique l\u00e9g\u00e8re, compr\u00e9hensible et soutenue par le peuple.<br\/>Le nombre de lois doit \u00eatre r\u00e9duit \u00e0 l&rsquo;essentiel - de mani\u00e8re suffisamment claire pour pouvoir \u00eatre enseign\u00e9 \u00e0 l&rsquo;\u00e9cole.<br\/>Ce n&rsquo;est pas sans raison que Dieu a donn\u00e9 aux hommes <strong>dix commandements<\/strong> - et non une suite juridique.<\/p>\n\n<p class=\"wp-block-paragraph\"><strong>Chaque loi a besoin d&rsquo;une date d&rsquo;expiration.<\/strong><br\/>Les lois ne doivent pas \u00eatre \u00e9ternelles, mais avoir une <strong>demi-vie<\/strong> \u00e0 l&rsquo;issue de laquelle elles sont r\u00e9examin\u00e9es et soit confirm\u00e9es, soit adapt\u00e9es, soit supprim\u00e9es. C&rsquo;est la seule fa\u00e7on d&rsquo;\u00e9viter que de vieux modes de pens\u00e9e et des structures autoritaires ne se tra\u00eenent sans que l&rsquo;on s&rsquo;en aper\u00e7oive.<br\/>C&rsquo;est la seule fa\u00e7on de donner aux juges, aux d\u00e9fenseurs et aux citoyens la marge de man\u0153uvre n\u00e9cessaire pour rechercher une v\u00e9ritable justice dans chaque cas particulier - au lieu de s&rsquo;accrocher aveugl\u00e9ment \u00e0 des r\u00e8gles archa\u00efques.<\/p>\n\n<p class=\"wp-block-paragraph\"><strong>Un syst\u00e8me juridique vraiment juste doit \u00eatre suffisamment compr\u00e9hensible pour que chacun puisse se d\u00e9fendre lui-m\u00eame - sans devoir \u00e9tudier le droit.<\/strong><br\/>Car seul ce que l&rsquo;homme peut comprendre peut \u00eatre per\u00e7u comme juste.<\/p>\n\n<p class=\"wp-block-paragraph\"><strong>La responsabilit\u00e9 n&rsquo;est pas un risque que l&rsquo;\u00c9tat doit minimiser - mais une dignit\u00e9 qu&rsquo;il doit prot\u00e9ger.<\/strong><br\/>Lorsque l&rsquo;\u00c9tat contr\u00f4le tout, il n&rsquo;\u00e9duque pas des citoyens - mais des sujets.<br\/>Et une soci\u00e9t\u00e9 sans responsabilit\u00e9 n&rsquo;est pas une soci\u00e9t\u00e9 libre.<\/p>\n","protected":false},"excerpt":{"rendered":"<p>Explication et justificationLa responsabilit\u00e9 commence l\u00e0 o\u00f9 la libert\u00e9 est accord\u00e9e.Seul celui qui a le droit de d\u00e9cider peut \u00eatre responsable.Mais si l \u00ab \u00c9tat r\u00e9glemente, surveille, sanctionne et prescrit chaque d\u00e9tail,il retire \u00e0 l&rsquo;homme la possibilit\u00e9 m\u00eame d \u00bb \u00eatre responsable. Comment cela se produit Pourquoi la responsabilit\u00e9 est importante Notre point de vueWir2030 [&hellip;]<\/p>\n","protected":false},"author":112514394,"featured_media":551,"comment_status":"open","ping_status":"open","sticky":false,"template":"","format":"standard","meta":{"_crdt_document":"","advanced_seo_description":"","jetpack_seo_html_title":"","jetpack_seo_noindex":false,"_jetpack_newsletter_access":"","_jetpack_dont_email_post_to_subs":false,"_jetpack_newsletter_tier_id":0,"_jetpack_memberships_contains_paywalled_content":false,"_jetpack_memberships_contains_paid_content":false,"footnotes":"","jetpack_publicize_message":"","jetpack_publicize_feature_enabled":true,"jetpack_social_post_already_shared":true,"jetpack_social_options":{"image_generator_settings":{"template":"highway","default_image_id":0,"font":"","enabled":false},"version":2},"_wpas_customize_per_network":false,"jetpack_post_was_ever_published":false},"categories":[10096792],"tags":[],"class_list":["post-754","post","type-post","status-publish","format-standard","has-post-thumbnail","hentry","category-france"],"jetpack_publicize_connections":[],"jetpack_featured_media_url":"https:\/\/i0.wp.com\/wir2030.com\/wp-content\/uploads\/2025\/05\/ein-mensch-verirrt-im-paragraphen-dschungel.png?fit=1024%2C768&ssl=1","jetpack_likes_enabled":true,"jetpack_sharing_enabled":true,"jetpack_shortlink":"https:\/\/wp.me\/pgv6KY-ca","jetpack-related-posts":[{"id":842,"url":"https:\/\/wir2030.com\/fr\/2025\/05\/17\/these-6-la-sante-ne-peut-pas-etre-imposee-cest-une-responsabilite-individuelle\/","url_meta":{"origin":754,"position":0},"title":"Th\u00e8se 6 : La sant\u00e9 ne peut pas \u00eatre impos\u00e9e - c&rsquo;est une responsabilit\u00e9 individuelle.","author":"boschimo","date":"17 mai 2025","format":false,"excerpt":"Explication et justification La sant\u00e9 n'est pas une t\u00e2che de l'\u00c9tat au sens du contr\u00f4le, mais un choix et une responsabilit\u00e9 personnels. Elle est indissociable de la libert\u00e9, de l'autod\u00e9termination et de la confiance. Chaque personne est unique - dans son corps, ses exp\u00e9riences, ses risques, sa biographie.Par cons\u00e9quent, la\u2026","rel":"","context":"Dans &quot;france&quot;","block_context":{"text":"france","link":"https:\/\/wir2030.com\/fr\/category\/france\/"},"img":{"alt_text":"","src":"https:\/\/i0.wp.com\/wir2030.com\/wp-content\/uploads\/2025\/05\/create-a-highly-detailed-image-showcasing-the-theme-of-personal.png?fit=1024%2C768&ssl=1&resize=350%2C200","width":350,"height":200,"srcset":"https:\/\/i0.wp.com\/wir2030.com\/wp-content\/uploads\/2025\/05\/create-a-highly-detailed-image-showcasing-the-theme-of-personal.png?fit=1024%2C768&ssl=1&resize=350%2C200 1x, https:\/\/i0.wp.com\/wir2030.com\/wp-content\/uploads\/2025\/05\/create-a-highly-detailed-image-showcasing-the-theme-of-personal.png?fit=1024%2C768&ssl=1&resize=525%2C300 1.5x, https:\/\/i0.wp.com\/wir2030.com\/wp-content\/uploads\/2025\/05\/create-a-highly-detailed-image-showcasing-the-theme-of-personal.png?fit=1024%2C768&ssl=1&resize=700%2C400 2x"},"classes":[]},{"id":827,"url":"https:\/\/wir2030.com\/fr\/2025\/05\/17\/these-5-la-peur-nest-pas-un-instrument-legitime-de-gouvernement\/","url_meta":{"origin":754,"position":1},"title":"Th\u00e8se 5 : la peur n&rsquo;est pas un instrument l\u00e9gitime de gouvernement.","author":"boschimo","date":"17 mai 2025","format":false,"excerpt":"Explication et justification Les gouvernements qui dirigent leur population par la peur ont perdu leur boussole morale.Car la peur paralyse, divise et soumet. Elle ne conduit pas \u00e0 la maturit\u00e9, mais \u00e0 l'ob\u00e9issance - pas \u00e0 la responsabilit\u00e9, mais \u00e0 la soumission. Une soci\u00e9t\u00e9 qui agit par peur n'agit pas\u2026","rel":"","context":"Dans &quot;france&quot;","block_context":{"text":"france","link":"https:\/\/wir2030.com\/fr\/category\/france\/"},"img":{"alt_text":"","src":"https:\/\/i0.wp.com\/wir2030.com\/wp-content\/uploads\/2025\/05\/image-6.png?fit=1024%2C768&ssl=1&resize=350%2C200","width":350,"height":200,"srcset":"https:\/\/i0.wp.com\/wir2030.com\/wp-content\/uploads\/2025\/05\/image-6.png?fit=1024%2C768&ssl=1&resize=350%2C200 1x, https:\/\/i0.wp.com\/wir2030.com\/wp-content\/uploads\/2025\/05\/image-6.png?fit=1024%2C768&ssl=1&resize=525%2C300 1.5x, https:\/\/i0.wp.com\/wir2030.com\/wp-content\/uploads\/2025\/05\/image-6.png?fit=1024%2C768&ssl=1&resize=700%2C400 2x"},"classes":[]},{"id":831,"url":"https:\/\/wir2030.com\/fr\/2025\/05\/17\/these-4-la-contrainte-nest-pas-une-protection-cest-une-violence\/","url_meta":{"origin":754,"position":2},"title":"Th\u00e8se 4 : la contrainte n&rsquo;est pas une protection, c&rsquo;est une violence.","author":"boschimo","date":"17 mai 2025","format":false,"excerpt":"Explication et justification Dans les soci\u00e9t\u00e9s modernes, l'action de l'\u00c9tat ou des institutions est souvent l\u00e9gitim\u00e9e par la notion de \"protection\". On parle de \u00ab protection de la sant\u00e9 \u00bb, de \u00ab protection de la d\u00e9mocratie \u00bb, de \u00ab protection de l'ordre public \u00bb. Mais que se passe-t-il si cette\u2026","rel":"","context":"Dans &quot;france&quot;","block_context":{"text":"france","link":"https:\/\/wir2030.com\/fr\/category\/france\/"},"img":{"alt_text":"","src":"https:\/\/i0.wp.com\/wir2030.com\/wp-content\/uploads\/2025\/05\/image-5.png?fit=1024%2C768&ssl=1&resize=350%2C200","width":350,"height":200,"srcset":"https:\/\/i0.wp.com\/wir2030.com\/wp-content\/uploads\/2025\/05\/image-5.png?fit=1024%2C768&ssl=1&resize=350%2C200 1x, https:\/\/i0.wp.com\/wir2030.com\/wp-content\/uploads\/2025\/05\/image-5.png?fit=1024%2C768&ssl=1&resize=525%2C300 1.5x, https:\/\/i0.wp.com\/wir2030.com\/wp-content\/uploads\/2025\/05\/image-5.png?fit=1024%2C768&ssl=1&resize=700%2C400 2x"},"classes":[]},{"id":725,"url":"https:\/\/wir2030.com\/fr\/2025\/05\/21\/these-34-les-crises-revelent-le-caractere-des-gouvernants\/","url_meta":{"origin":754,"position":3},"title":"Th\u00e8se 34 : les crises r\u00e9v\u00e8lent le caract\u00e8re des gouvernants.","author":"boschimo","date":"21 mai 2025","format":false,"excerpt":"Explication et justification En temps normal, il est facile d'avoir l'air d'un homme d'\u00c9tat, de faire des compromis et de mettre en avant les valeurs d\u00e9mocratiques.Mais en temps de crise, le masque tombe.Lorsque le pouvoir est sous pression, on voit quelle vision de l'homme, quelle attitude et quelle \u00e9thique guident\u2026","rel":"","context":"Dans &quot;france&quot;","block_context":{"text":"france","link":"https:\/\/wir2030.com\/fr\/category\/france\/"},"img":{"alt_text":"","src":"https:\/\/i0.wp.com\/wir2030.com\/wp-content\/uploads\/2025\/05\/image-19.png?fit=1024%2C768&ssl=1&resize=350%2C200","width":350,"height":200,"srcset":"https:\/\/i0.wp.com\/wir2030.com\/wp-content\/uploads\/2025\/05\/image-19.png?fit=1024%2C768&ssl=1&resize=350%2C200 1x, https:\/\/i0.wp.com\/wir2030.com\/wp-content\/uploads\/2025\/05\/image-19.png?fit=1024%2C768&ssl=1&resize=525%2C300 1.5x, https:\/\/i0.wp.com\/wir2030.com\/wp-content\/uploads\/2025\/05\/image-19.png?fit=1024%2C768&ssl=1&resize=700%2C400 2x"},"classes":[]},{"id":1383,"url":"https:\/\/wir2030.com\/fr\/2025\/06\/02\/these-67-le-totalitarisme-ne-commence-pas-avec-des-chaines-mais-avec-la-perte-de-la-responsabilite\/","url_meta":{"origin":754,"position":4},"title":"Th\u00e8se 67 : Le totalitarisme ne commence pas avec des cha\u00eenes - mais avec la perte de la responsabilit\u00e9.","author":"boschimo","date":"2 juin 2025","format":false,"excerpt":"Explication et justification Les syst\u00e8mes totalitaires arrivent rarement avec des uniformes, des sir\u00e8nes ou de la violence.Ils se pr\u00e9sentent souvent comme de gentils assistants - autorit\u00e9s sanitaires, conseillers en s\u00e9curit\u00e9, sauveurs du climat, protecteurs des enfants ou agence d'innovation num\u00e9rique.Ils font appel au bien, parlent de responsabilit\u00e9 - mais veulent\u2026","rel":"","context":"Dans &quot;france&quot;","block_context":{"text":"france","link":"https:\/\/wir2030.com\/fr\/category\/france\/"},"img":{"alt_text":"","src":"https:\/\/i0.wp.com\/wir2030.com\/wp-content\/uploads\/2025\/05\/image-33.png?fit=1024%2C768&ssl=1&resize=350%2C200","width":350,"height":200,"srcset":"https:\/\/i0.wp.com\/wir2030.com\/wp-content\/uploads\/2025\/05\/image-33.png?fit=1024%2C768&ssl=1&resize=350%2C200 1x, https:\/\/i0.wp.com\/wir2030.com\/wp-content\/uploads\/2025\/05\/image-33.png?fit=1024%2C768&ssl=1&resize=525%2C300 1.5x, https:\/\/i0.wp.com\/wir2030.com\/wp-content\/uploads\/2025\/05\/image-33.png?fit=1024%2C768&ssl=1&resize=700%2C400 2x"},"classes":[]},{"id":1452,"url":"https:\/\/wir2030.com\/fr\/2025\/06\/10\/these-11-la-science-se-nourrit-de-la-contradiction-pas-du-consensus\/","url_meta":{"origin":754,"position":5},"title":"Th\u00e8se 11 : La science se nourrit de la contradiction - pas du consensus.","author":"boschimo","date":"10 juin 2025","format":false,"excerpt":"Introduction : la science n'est pas un dogme - mais un dialogue avec la r\u00e9alit\u00e9 La science commence l\u00e0 o\u00f9 la curiosit\u00e9 rencontre la r\u00e9alit\u00e9 - et non l\u00e0 o\u00f9 l'autorit\u00e9 d\u00e9cide de ce qui doit \u00eatre vrai.Elle vit de l'observation, de la critique, de la r\u00e9visabilit\u00e9 - et surtout\u2026","rel":"","context":"Dans &quot;france&quot;","block_context":{"text":"france","link":"https:\/\/wir2030.com\/fr\/category\/france\/"},"img":{"alt_text":"","src":"https:\/\/i0.wp.com\/wir2030.com\/wp-content\/uploads\/2025\/06\/image-1.png?fit=1024%2C768&ssl=1&resize=350%2C200","width":350,"height":200,"srcset":"https:\/\/i0.wp.com\/wir2030.com\/wp-content\/uploads\/2025\/06\/image-1.png?fit=1024%2C768&ssl=1&resize=350%2C200 1x, https:\/\/i0.wp.com\/wir2030.com\/wp-content\/uploads\/2025\/06\/image-1.png?fit=1024%2C768&ssl=1&resize=525%2C300 1.5x, https:\/\/i0.wp.com\/wir2030.com\/wp-content\/uploads\/2025\/06\/image-1.png?fit=1024%2C768&ssl=1&resize=700%2C400 2x"},"classes":[]}],"_links":{"self":[{"href":"https:\/\/wir2030.com\/fr\/wp-json\/wp\/v2\/posts\/754","targetHints":{"allow":["GET"]}}],"collection":[{"href":"https:\/\/wir2030.com\/fr\/wp-json\/wp\/v2\/posts"}],"about":[{"href":"https:\/\/wir2030.com\/fr\/wp-json\/wp\/v2\/types\/post"}],"author":[{"embeddable":true,"href":"https:\/\/wir2030.com\/fr\/wp-json\/wp\/v2\/users\/112514394"}],"replies":[{"embeddable":true,"href":"https:\/\/wir2030.com\/fr\/wp-json\/wp\/v2\/comments?post=754"}],"version-history":[{"count":1,"href":"https:\/\/wir2030.com\/fr\/wp-json\/wp\/v2\/posts\/754\/revisions"}],"predecessor-version":[{"id":759,"href":"https:\/\/wir2030.com\/fr\/wp-json\/wp\/v2\/posts\/754\/revisions\/759"}],"wp:featuredmedia":[{"embeddable":true,"href":"https:\/\/wir2030.com\/fr\/wp-json\/wp\/v2\/media\/551"}],"wp:attachment":[{"href":"https:\/\/wir2030.com\/fr\/wp-json\/wp\/v2\/media?parent=754"}],"wp:term":[{"taxonomy":"category","embeddable":true,"href":"https:\/\/wir2030.com\/fr\/wp-json\/wp\/v2\/categories?post=754"},{"taxonomy":"post_tag","embeddable":true,"href":"https:\/\/wir2030.com\/fr\/wp-json\/wp\/v2\/tags?post=754"}],"curies":[{"name":"wp","href":"https:\/\/api.w.org\/{rel}","templated":true}]}}