{"id":719,"date":"2025-05-22T08:00:00","date_gmt":"2025-05-22T05:00:00","guid":{"rendered":"https:\/\/wir2030.com\/2025\/05\/22\/these-59-aucun-gouvernement-au-monde-ne-peut-introduire-de-mesures-globales-coercitives\/"},"modified":"2025-05-26T13:16:58","modified_gmt":"2025-05-26T10:16:58","slug":"these-59-aucun-gouvernement-au-monde-ne-peut-introduire-de-mesures-globales-coercitives","status":"publish","type":"post","link":"https:\/\/wir2030.com\/fr\/2025\/05\/22\/these-59-aucun-gouvernement-au-monde-ne-peut-introduire-de-mesures-globales-coercitives\/","title":{"rendered":"Th\u00e8se 59 : Aucun gouvernement au monde ne peut introduire de mesures globales coercitives."},"content":{"rendered":"\n<p class=\"wp-block-paragraph\"><strong>Explication et justification<\/strong><\/p>\n\n<p class=\"wp-block-paragraph\">La l\u00e9gitimit\u00e9 de l&rsquo;action publique r\u00e9sulte du consentement des gouvern\u00e9s.<br\/>Dans une d\u00e9mocratie, cela signifie que <strong>les gouvernements sont li\u00e9s par les constitutions, les lois nationales, la s\u00e9paration des pouvoirs - et surtout par les droits inali\u00e9nables des individus.<\/strong><br\/>Or, nous assistons depuis peu \u00e0 une \u00e9volution inqui\u00e9tante :<br\/>Des gouvernements qui font fi de la souverainet\u00e9 nationale - en invoquant des \u00ab menaces mondiales \u00bb.<br\/>Ils concluent des accords avec des organisations internationales, sans contr\u00f4le parlementaire.<br\/>Ils s&rsquo;engagent \u00e0 prendre des mesures qui concernent des peuples entiers, sans demander leur consentement.<\/p>\n\n<p class=\"wp-block-paragraph\"><strong>Mais aucun mandat - ni celui d&rsquo;un minist\u00e8re de la Sant\u00e9, ni celui d&rsquo;une organisation mondiale - n&rsquo;autorise jamais \u00e0 imposer des mesures coercitives universelles aux individus.<\/strong><\/p>\n\n<p class=\"wp-block-paragraph\"><strong>Ce dont il s&rsquo;agit vraiment<\/strong><\/p>\n\n<p class=\"wp-block-paragraph\">La contrainte signifie<\/p>\n\n<ul class=\"wp-block-list\">\n<li>Vaccination obligatoire sous peine d&rsquo;exclusion sociale et professionnelle<\/li>\n\n\n\n<li>Obligation de tester ou de porter un masque ind\u00e9pendamment de l&rsquo;\u00e9valuation individuelle des risques<\/li>\n\n\n\n<li>Interdiction de voyager ou de se r\u00e9unir en raison d&rsquo;inscriptions num\u00e9riques<\/li>\n\n\n\n<li>Mise en quarantaine ou interdiction d&rsquo;acc\u00e8s sans d\u00e9cision judiciaire<\/li>\n\n\n\n<li>Surveillance de la sant\u00e9 avec des syst\u00e8mes de donn\u00e9es centralis\u00e9s<\/li>\n<\/ul>\n\n<p class=\"wp-block-paragraph\">Si de telles mesures ne sont pas contr\u00f4l\u00e9es par les parlements nationaux, mais coordonn\u00e9es et impos\u00e9es \u00e0 l \u00ab \u00e9chelle mondiale,<br\/><strong>, on assiste \u00e0 l \u00bb \u00e9mergence d&rsquo;une dictature transnationale sans lien avec la d\u00e9mocratie.<\/strong><\/p>\n\n<p class=\"wp-block-paragraph\"><strong>Notre point de vue<\/strong><\/p>\n\n<p class=\"wp-block-paragraph\">Nous2030 dit :<br\/>Aucun gouvernement, qu&rsquo;il soit individuel ou collectif, n&rsquo;a le droit d&rsquo;imposer des mesures globales coercitives \u00e0 des millions de personnes, sans libert\u00e9 de d\u00e9cision individuelle, sans consultation, sans participation.<br\/>Il n&rsquo;y a pas d'\u00a0\u00bbexception globale\u00a0\u00bb qui supprime les droits fondamentaux.<br\/>Le droit international <strong>n&rsquo;est pas sup\u00e9rieur \u00e0 la dignit\u00e9 des individus<\/strong>.<\/p>\n\n<p class=\"wp-block-paragraph\"><strong>Aucun gouvernement au monde ne peut introduire de mesures globales coercitives.<\/strong><br\/>Ceux qui l&rsquo;autorisent ne cr\u00e9ent pas de protection - mais un syst\u00e8me de tutelle globale.<\/p>\n","protected":false},"excerpt":{"rendered":"<p>Explication et justification La l\u00e9gitimit\u00e9 de l&rsquo;action publique r\u00e9sulte du consentement des gouvern\u00e9s.Dans une d\u00e9mocratie, cela signifie que les gouvernements sont li\u00e9s par les constitutions, les lois nationales, la s\u00e9paration des pouvoirs - et surtout par les droits inali\u00e9nables des individus.Or, nous assistons depuis peu \u00e0 une \u00e9volution inqui\u00e9tante :Des gouvernements qui font fi de [&hellip;]<\/p>\n","protected":false},"author":112514394,"featured_media":611,"comment_status":"open","ping_status":"open","sticky":false,"template":"","format":"standard","meta":{"_crdt_document":"","advanced_seo_description":"","jetpack_seo_html_title":"","jetpack_seo_noindex":false,"_jetpack_newsletter_access":"","_jetpack_dont_email_post_to_subs":false,"_jetpack_newsletter_tier_id":0,"_jetpack_memberships_contains_paywalled_content":false,"_jetpack_memberships_contains_paid_content":false,"footnotes":"","jetpack_publicize_message":"","jetpack_publicize_feature_enabled":true,"jetpack_social_post_already_shared":true,"jetpack_social_options":{"image_generator_settings":{"template":"highway","default_image_id":0,"font":"","enabled":false},"version":2},"_wpas_customize_per_network":false,"jetpack_post_was_ever_published":false},"categories":[10096792],"tags":[],"class_list":["post-719","post","type-post","status-publish","format-standard","has-post-thumbnail","hentry","category-france"],"jetpack_publicize_connections":[],"jetpack_featured_media_url":"https:\/\/i0.wp.com\/wir2030.com\/wp-content\/uploads\/2025\/05\/image-20.png?fit=1024%2C768&ssl=1","jetpack_likes_enabled":true,"jetpack_sharing_enabled":true,"jetpack_shortlink":"https:\/\/wp.me\/pgv6KY-bB","jetpack-related-posts":[{"id":685,"url":"https:\/\/wir2030.com\/fr\/2025\/05\/25\/these-73-lhomme-nest-pas-un-cobaye\/","url_meta":{"origin":719,"position":0},"title":"Th\u00e8se 73 : l&rsquo;homme n&rsquo;est pas un cobaye.","author":"boschimo","date":"25 mai 2025","format":false,"excerpt":"Explication et justification Le corps humain n'est pas une propri\u00e9t\u00e9 de l'\u00c9tat, une plate-forme pour des programmes politiques ou une ressource pour des exp\u00e9riences mondiales. Il est l'expression de la dignit\u00e9, de la libert\u00e9 et de l'autod\u00e9termination - et donc inviolable. Toute intervention m\u00e9dicale, qu'elle soit pr\u00e9ventive, th\u00e9rapeutique ou exp\u00e9rimentale,\u2026","rel":"","context":"Dans &quot;france&quot;","block_context":{"text":"france","link":"https:\/\/wir2030.com\/fr\/category\/france\/"},"img":{"alt_text":"","src":"https:\/\/i0.wp.com\/wir2030.com\/wp-content\/uploads\/2025\/05\/male-ein-bild-zum-nurnberger-kodex-und-dem-arztlichen-gelobnis.png?fit=1024%2C768&ssl=1&resize=350%2C200","width":350,"height":200,"srcset":"https:\/\/i0.wp.com\/wir2030.com\/wp-content\/uploads\/2025\/05\/male-ein-bild-zum-nurnberger-kodex-und-dem-arztlichen-gelobnis.png?fit=1024%2C768&ssl=1&resize=350%2C200 1x, https:\/\/i0.wp.com\/wir2030.com\/wp-content\/uploads\/2025\/05\/male-ein-bild-zum-nurnberger-kodex-und-dem-arztlichen-gelobnis.png?fit=1024%2C768&ssl=1&resize=525%2C300 1.5x, https:\/\/i0.wp.com\/wir2030.com\/wp-content\/uploads\/2025\/05\/male-ein-bild-zum-nurnberger-kodex-und-dem-arztlichen-gelobnis.png?fit=1024%2C768&ssl=1&resize=700%2C400 2x"},"classes":[]},{"id":1270,"url":"https:\/\/wir2030.com\/fr\/2025\/05\/30\/these-32-la-dignite-de-l-etre-humain-sapplique-aussi-a-l-etat-durgence\/","url_meta":{"origin":719,"position":1},"title":"Th\u00e8se 32 : la dignit\u00e9 de l \u00ab \u00eatre humain s&rsquo;applique aussi \u00e0 l \u00bb \u00e9tat d&rsquo;urgence.","author":"boschimo","date":"30 mai 2025","format":false,"excerpt":"Explication et justification La dignit\u00e9 de l'\u00eatre humain est intangible.C'est ce que dit l'article 1, paragraphe 1, de la Loi fondamentale - et cette phrase n'est pas un d\u00e9corum, une citation pour discours comm\u00e9moratifs, un principe de beau temps.Elle est absolue.Elle ne s'applique pas sous r\u00e9serve, ni en fonction des\u2026","rel":"","context":"Dans &quot;france&quot;","block_context":{"text":"france","link":"https:\/\/wir2030.com\/fr\/category\/france\/"},"img":{"alt_text":"","src":"https:\/\/i0.wp.com\/wir2030.com\/wp-content\/uploads\/2025\/05\/male-gluckliche-europaische-menschen.png?fit=1024%2C768&ssl=1&resize=350%2C200","width":350,"height":200,"srcset":"https:\/\/i0.wp.com\/wir2030.com\/wp-content\/uploads\/2025\/05\/male-gluckliche-europaische-menschen.png?fit=1024%2C768&ssl=1&resize=350%2C200 1x, https:\/\/i0.wp.com\/wir2030.com\/wp-content\/uploads\/2025\/05\/male-gluckliche-europaische-menschen.png?fit=1024%2C768&ssl=1&resize=525%2C300 1.5x, https:\/\/i0.wp.com\/wir2030.com\/wp-content\/uploads\/2025\/05\/male-gluckliche-europaische-menschen.png?fit=1024%2C768&ssl=1&resize=700%2C400 2x"},"classes":[]},{"id":693,"url":"https:\/\/wir2030.com\/fr\/2025\/05\/24\/these-62-la-pharma-ne-doit-pas-dicter-la-politique-mondiale\/","url_meta":{"origin":719,"position":2},"title":"Th\u00e8se 62 : la pharma ne doit pas dicter la politique mondiale.","author":"boschimo","date":"24 mai 2025","format":false,"excerpt":"Explication et justification La recherche pharmaceutique et les soins m\u00e9dicaux peuvent sauver des vies. Pourtant, ils ne le font pas pour le bien de l'humanit\u00e9, mais dans le cadre d'un mod\u00e8le commercial - un secteur mondial tr\u00e8s rentable dont l'objectif premier n'est pas la sant\u00e9, mais la croissance et le\u2026","rel":"","context":"Dans &quot;france&quot;","block_context":{"text":"france","link":"https:\/\/wir2030.com\/fr\/category\/france\/"},"img":{"alt_text":"","src":"https:\/\/i0.wp.com\/wir2030.com\/wp-content\/uploads\/2025\/05\/zeichne-ein-parlament-in-dem-spritzen-medikamente-und-pillen-auf.png?fit=1024%2C768&ssl=1&resize=350%2C200","width":350,"height":200,"srcset":"https:\/\/i0.wp.com\/wir2030.com\/wp-content\/uploads\/2025\/05\/zeichne-ein-parlament-in-dem-spritzen-medikamente-und-pillen-auf.png?fit=1024%2C768&ssl=1&resize=350%2C200 1x, https:\/\/i0.wp.com\/wir2030.com\/wp-content\/uploads\/2025\/05\/zeichne-ein-parlament-in-dem-spritzen-medikamente-und-pillen-auf.png?fit=1024%2C768&ssl=1&resize=525%2C300 1.5x, https:\/\/i0.wp.com\/wir2030.com\/wp-content\/uploads\/2025\/05\/zeichne-ein-parlament-in-dem-spritzen-medikamente-und-pillen-auf.png?fit=1024%2C768&ssl=1&resize=700%2C400 2x"},"classes":[]},{"id":1166,"url":"https:\/\/wir2030.com\/fr\/2025\/05\/28\/these-71-un-bon-etat-protege-ses-critiques-pas-son-pouvoir\/","url_meta":{"origin":719,"position":3},"title":"Th\u00e8se 71 : Un bon \u00c9tat prot\u00e8ge ses critiques - pas son pouvoir.","author":"boschimo","date":"28 mai 2025","format":false,"excerpt":"Explication et justification La v\u00e9ritable maturit\u00e9 d'un \u00c9tat ne se mesure pas aux applaudissements de la majorit\u00e9,, mais \u00e0 la gestion des contradictions de la minorit\u00e9. L'approbation est confortable, pr\u00e9visible, contr\u00f4lable.Mais la critique est inconfortable, impr\u00e9visible - et c'est pr\u00e9cis\u00e9ment pour cela qu'elle est pr\u00e9cieuse. La critique n'est pas une\u2026","rel":"","context":"Dans &quot;france&quot;","block_context":{"text":"france","link":"https:\/\/wir2030.com\/fr\/category\/france\/"},"img":{"alt_text":"","src":"https:\/\/i0.wp.com\/wir2030.com\/wp-content\/uploads\/2025\/05\/menschen-verschiedener-meinung-europaer-vor-dem-bundestag-statt-weissem-haus.png?fit=1024%2C768&ssl=1&resize=350%2C200","width":350,"height":200,"srcset":"https:\/\/i0.wp.com\/wir2030.com\/wp-content\/uploads\/2025\/05\/menschen-verschiedener-meinung-europaer-vor-dem-bundestag-statt-weissem-haus.png?fit=1024%2C768&ssl=1&resize=350%2C200 1x, https:\/\/i0.wp.com\/wir2030.com\/wp-content\/uploads\/2025\/05\/menschen-verschiedener-meinung-europaer-vor-dem-bundestag-statt-weissem-haus.png?fit=1024%2C768&ssl=1&resize=525%2C300 1.5x, https:\/\/i0.wp.com\/wir2030.com\/wp-content\/uploads\/2025\/05\/menschen-verschiedener-meinung-europaer-vor-dem-bundestag-statt-weissem-haus.png?fit=1024%2C768&ssl=1&resize=700%2C400 2x"},"classes":[]},{"id":1284,"url":"https:\/\/wir2030.com\/fr\/2025\/05\/31\/these-14-si-vous-censurez-une-critique-cest-que-vous-avez-quelque-chose-a-cacher\/","url_meta":{"origin":719,"position":4},"title":"Th\u00e8se 14 : Si vous censurez une critique, c&rsquo;est que vous avez quelque chose \u00e0 cacher.","author":"boschimo","date":"31 mai 2025","format":false,"excerpt":"Explication et justification La critique est le pouls de toute soci\u00e9t\u00e9 libre.Elle est le signe vivant d'une d\u00e9mocratie, le syst\u00e8me d'alerte pr\u00e9coce du pouvoir, le correctif des erreurs institutionnelles.L\u00e0 o\u00f9 la critique est autoris\u00e9e, le pouvoir peut \u00eatre remis en question, contr\u00f4l\u00e9 et corrig\u00e9.L\u00e0 o\u00f9 elle est r\u00e9prim\u00e9e, l'arbitraire, la\u2026","rel":"","context":"Dans &quot;france&quot;","block_context":{"text":"france","link":"https:\/\/wir2030.com\/fr\/category\/france\/"},"img":{"alt_text":"","src":"https:\/\/i0.wp.com\/wir2030.com\/wp-content\/uploads\/2025\/05\/2025-05-26-10.49.58-AM.png?fit=626%2C524&ssl=1&resize=350%2C200","width":350,"height":200,"srcset":"https:\/\/i0.wp.com\/wir2030.com\/wp-content\/uploads\/2025\/05\/2025-05-26-10.49.58-AM.png?fit=626%2C524&ssl=1&resize=350%2C200 1x, https:\/\/i0.wp.com\/wir2030.com\/wp-content\/uploads\/2025\/05\/2025-05-26-10.49.58-AM.png?fit=626%2C524&ssl=1&resize=525%2C300 1.5x"},"classes":[]},{"id":1134,"url":"https:\/\/wir2030.com\/fr\/2025\/05\/27\/these-44-la-croyance-dans-les-institutions-ne-remplace-pas-la-responsabilite-individuelle\/","url_meta":{"origin":719,"position":5},"title":"Th\u00e8se 44 : La croyance dans les institutions ne remplace pas la responsabilit\u00e9 individuelle.","author":"boschimo","date":"27 mai 2025","format":false,"excerpt":"Explication et justification Les institutions sont faites pour les hommes - et non l'inverse.Pourtant, en temps de crise, nous constatons r\u00e9guli\u00e8rement le contraire :Au lieu de penser, d'examiner et d'agir de mani\u00e8re ind\u00e9pendante, beaucoup s'accrochent aux autorit\u00e9s, aux conseils d'experts et aux organisations supranationales comme \u00e0 une v\u00e9rit\u00e9 sup\u00e9rieure.Ils d\u00e9l\u00e8guent\u2026","rel":"","context":"Dans &quot;france&quot;","block_context":{"text":"france","link":"https:\/\/wir2030.com\/fr\/category\/france\/"},"img":{"alt_text":"","src":"https:\/\/i0.wp.com\/wir2030.com\/wp-content\/uploads\/2025\/05\/male-einen-menschen-der-einem-polizisten-das-grundgesetz-wie-eine.png?fit=1024%2C768&ssl=1&resize=350%2C200","width":350,"height":200,"srcset":"https:\/\/i0.wp.com\/wir2030.com\/wp-content\/uploads\/2025\/05\/male-einen-menschen-der-einem-polizisten-das-grundgesetz-wie-eine.png?fit=1024%2C768&ssl=1&resize=350%2C200 1x, https:\/\/i0.wp.com\/wir2030.com\/wp-content\/uploads\/2025\/05\/male-einen-menschen-der-einem-polizisten-das-grundgesetz-wie-eine.png?fit=1024%2C768&ssl=1&resize=525%2C300 1.5x, https:\/\/i0.wp.com\/wir2030.com\/wp-content\/uploads\/2025\/05\/male-einen-menschen-der-einem-polizisten-das-grundgesetz-wie-eine.png?fit=1024%2C768&ssl=1&resize=700%2C400 2x"},"classes":[]}],"_links":{"self":[{"href":"https:\/\/wir2030.com\/fr\/wp-json\/wp\/v2\/posts\/719","targetHints":{"allow":["GET"]}}],"collection":[{"href":"https:\/\/wir2030.com\/fr\/wp-json\/wp\/v2\/posts"}],"about":[{"href":"https:\/\/wir2030.com\/fr\/wp-json\/wp\/v2\/types\/post"}],"author":[{"embeddable":true,"href":"https:\/\/wir2030.com\/fr\/wp-json\/wp\/v2\/users\/112514394"}],"replies":[{"embeddable":true,"href":"https:\/\/wir2030.com\/fr\/wp-json\/wp\/v2\/comments?post=719"}],"version-history":[{"count":1,"href":"https:\/\/wir2030.com\/fr\/wp-json\/wp\/v2\/posts\/719\/revisions"}],"predecessor-version":[{"id":723,"href":"https:\/\/wir2030.com\/fr\/wp-json\/wp\/v2\/posts\/719\/revisions\/723"}],"wp:featuredmedia":[{"embeddable":true,"href":"https:\/\/wir2030.com\/fr\/wp-json\/wp\/v2\/media\/611"}],"wp:attachment":[{"href":"https:\/\/wir2030.com\/fr\/wp-json\/wp\/v2\/media?parent=719"}],"wp:term":[{"taxonomy":"category","embeddable":true,"href":"https:\/\/wir2030.com\/fr\/wp-json\/wp\/v2\/categories?post=719"},{"taxonomy":"post_tag","embeddable":true,"href":"https:\/\/wir2030.com\/fr\/wp-json\/wp\/v2\/tags?post=719"}],"curies":[{"name":"wp","href":"https:\/\/api.w.org\/{rel}","templated":true}]}}