{"id":702,"date":"2025-05-23T08:00:00","date_gmt":"2025-05-23T05:00:00","guid":{"rendered":"https:\/\/wir2030.com\/?p=702"},"modified":"2025-05-26T13:16:57","modified_gmt":"2025-05-26T10:16:57","slug":"these-76-la-morale-ne-remplace-pas-les-libertes","status":"publish","type":"post","link":"https:\/\/wir2030.com\/fr\/2025\/05\/23\/these-76-la-morale-ne-remplace-pas-les-libertes\/","title":{"rendered":"Th\u00e8se 76 : La morale ne remplace pas les libert\u00e9s."},"content":{"rendered":"\n<h4 class=\"wp-block-heading\"><strong>Explication et justification<\/strong><\/h4>\n\n<p class=\"wp-block-paragraph\">Les droits \u00e0 la libert\u00e9 ne sont pas seulement de beaux id\u00e9aux. Ils sont <strong>des boucliers constitutionnels<\/strong>, \u00e9rig\u00e9s contre l&rsquo;arbitraire de la majorit\u00e9, contre l&#8217;empi\u00e8tement de l&rsquo;\u00c9tat et contre la tyrannie de l&rsquo;opinion publique.<br\/>Ils ont \u00e9t\u00e9 conquis au fil des si\u00e8cles - non pas pour que l&rsquo;homme fasse \u00ab\u00a0ce qui est juste\u00a0\u00bb, mais pour qu&rsquo;il <strong>puisse tout simplement d\u00e9cider librement de ce qu&rsquo;il estime \u00eatre juste.<\/strong><\/p>\n\n<p class=\"wp-block-paragraph\">Dans une soci\u00e9t\u00e9 libre, chacun a le droit de <strong>penser, de parler et de vivre diff\u00e9remment<\/strong>, m\u00eame si cela d\u00e9pla\u00eet aux autres. C <strong>&lsquo;est<\/strong> pr\u00e9cis\u00e9ment <strong>cette inconfortabilit\u00e9 qui est la pierre de touche de la libert\u00e9.<\/strong> Car la libert\u00e9 ne signifie pas l&rsquo;uniformit\u00e9, mais la diversit\u00e9. Pas l&rsquo;ob\u00e9issance, mais la responsabilit\u00e9 personnelle. Non pas la conformit\u00e9 morale, mais l&rsquo;\u00e9galit\u00e9 juridique.<\/p>\n\n<p class=\"wp-block-paragraph\">Mais les soci\u00e9t\u00e9s modernes tombent de plus en plus dans une dangereuse r\u00e9cidive :<br\/><strong>Elles remplacent le droit par la morale.<\/strong> Et non pas par une \u00e9thique individuelle, mais par un <strong>ordre moral impos\u00e9 collectivement par l&rsquo;\u00c9tat et les m\u00e9dias<\/strong>, qui dicte ce qui est \u00ab\u00a0solidaire\u00a0\u00bb, \u00ab\u00a0responsable\u00a0\u00bb, \u00ab\u00a0raisonnable\u00a0\u00bb, \u00ab\u00a0bon\u00a0\u00bb ou \u00ab\u00a0juste\u00a0\u00bb.<\/p>\n\n<p class=\"wp-block-paragraph\">Ceux qui ne s&rsquo;y soumettent pas ne sont plus poursuivis juridiquement - mais <strong>d\u00e9truits socialement.<\/strong><\/p>\n\n<hr class=\"wp-block-separator has-alpha-channel-opacity\"\/>\n\n<h4 class=\"wp-block-heading\"><strong>Comment la morale devient un outil de censure<\/strong><\/h4>\n\n<p class=\"wp-block-paragraph\">Lorsque les libert\u00e9s sont li\u00e9es \u00e0 la morale, un m\u00e9canisme dangereux se met en place :<\/p>\n\n<ul class=\"wp-block-list\">\n<li><strong>Celui qui critique est consid\u00e9r\u00e9 comme \u00ab non solidaire \u00bb - ind\u00e9pendamment du contenu ou de l&rsquo;argument.<\/strong><\/li>\n\n\n\n<li><strong>Ceux qui ne s&rsquo;inclinent pas sont stigmatis\u00e9s comme \u00ab inhumains \u00bb ou \u00ab radicaux \u00bb.<\/strong><\/li>\n\n\n\n<li><strong>Ceux qui insistent sur la Constitution sont \u00e9tiquet\u00e9s comme \u00ab objecteurs de conscience \u00bb, \u00ab perturbateurs \u00bb ou \u00ab extr\u00e9mistes de droite \u00bb.<\/strong><\/li>\n\n\n\n<li><strong>Celui qui revendique la libert\u00e9 est charg\u00e9 de culpabilit\u00e9 - non pas pour avoir enfreint la loi, mais pour \u00ab manque d&#8217;empathie \u00bb.<\/strong><\/li>\n<\/ul>\n\n<p class=\"wp-block-paragraph\">Au lieu des tribunaux, ce sont les leaders d&rsquo;opinion qui d\u00e9cident.<br\/>Au lieu des bases juridiques, ce sont les sentiments et l&rsquo;indignation qui dominent.<br\/>Au lieu d&rsquo;une argumentation diff\u00e9renci\u00e9e, c&rsquo;est la pression morale qui pr\u00e9vaut, \u00e9motionnalis\u00e9e et amplifi\u00e9e par les m\u00e9dias.<\/p>\n\n<p class=\"wp-block-paragraph\">Ce n&rsquo;est pas ainsi qu&rsquo;une soci\u00e9t\u00e9 devient plus \u00e9clair\u00e9e - mais plus autoritaire.<br\/><strong>Non pas en d\u00e9pit de ses pr\u00e9tentions morales, mais \u00e0 cause d&rsquo;elles.<\/strong><\/p>\n\n<hr class=\"wp-block-separator has-alpha-channel-opacity\"\/>\n\n<h4 class=\"wp-block-heading\"><strong>Pourquoi c&rsquo;est dangereux<\/strong><\/h4>\n\n<p class=\"wp-block-paragraph\">L&rsquo;histoire nous apprend que <strong>chaque fois que la morale a pris le pas sur le droit, l&rsquo;exclusion, l&rsquo;oppression et la violence ont surgi, m\u00eame au nom du bien.<\/strong><\/p>\n\n<ul class=\"wp-block-list\">\n<li>L&rsquo;Inquisition suivait le \u00ab droit divin \u00bb et non la loi.<\/li>\n\n\n\n<li>Le national-socialisme s&rsquo;est l\u00e9gitim\u00e9 par une \u00ab sant\u00e9 publique \u00bb, et non par des principes constitutionnels.<\/li>\n\n\n\n<li>La RDA invoquait la \u00ab morale socialiste \u00bb et non la libert\u00e9 d&rsquo;expression.<\/li>\n<\/ul>\n\n<p class=\"wp-block-paragraph\">Aujourd&rsquo;hui encore, nous assistons au <strong>retour de telles structures - sous d&rsquo;autres auspices<\/strong>:<\/p>\n\n<ul class=\"wp-block-list\">\n<li>Ceux qui s&rsquo;opposent \u00e0 la guerre, aux mesures coercitives ou au pouvoir des entreprises <strong>ne perdent souvent pas leur libert\u00e9 devant les tribunaux - mais leur existence sociale.<\/strong><\/li>\n\n\n\n<li>Bloquer les plateformes, licencier les banques, licencier les employeurs - non pas pour des d\u00e9lits, mais pour des \u00ab attitudes d\u00e9viantes \u00bb.<\/li>\n\n\n\n<li>Des d\u00e9bats entiers sont \u00e9touff\u00e9s, <strong>non pas parce qu&rsquo;ils sont ill\u00e9gaux, mais parce qu&rsquo;ils semblent \u00ab moralement inacceptables \u00bb.<\/strong><\/li>\n<\/ul>\n\n<p class=\"wp-block-paragraph\">Ainsi, <strong>non seulement le droit est relativis\u00e9<\/strong>, mais <strong>la morale est<\/strong> \u00e9galement <strong>pervertie.<\/strong> Car lorsque la morale devient un instrument de pouvoir, elle perd sa dimension humaine - et devient une arme.<\/p>\n\n<hr class=\"wp-block-separator has-alpha-channel-opacity\"\/>\n\n<h4 class=\"wp-block-heading\"><strong>Notre point de vue<\/strong><\/h4>\n\n<p class=\"wp-block-paragraph\"><strong>Wir2030<\/strong> repr\u00e9sente une soci\u00e9t\u00e9 lib\u00e9rale dans laquelle <strong>le droit prime sur la morale - non pas parce que la morale n&rsquo;est pas importante, mais parce qu&rsquo;elle est subjective.<\/strong><\/p>\n\n<ul class=\"wp-block-list\">\n<li><strong>La libert\u00e9 n&rsquo;est pas une r\u00e9compense pour la bonne conduite<\/strong> - mais la condition sine qua non pour que l&rsquo;homme puisse agir moralement.<\/li>\n\n\n\n<li><strong>Les droits s&rsquo;appliquent ind\u00e9pendamment de l&rsquo;opinion, de l&rsquo;attitude ou de la sympathie.<\/strong><\/li>\n\n\n\n<li><strong>La morale doit inspirer le droit - mais jamais le remplacer.<\/strong><\/li>\n\n\n\n<li>Car <strong>si la morale \u00e9volue avec l&rsquo;air du temps, le droit, lui, prot\u00e8ge de celui-ci.<\/strong><\/li>\n<\/ul>\n\n<blockquote class=\"wp-block-quote is-layout-flow wp-block-quote-is-layout-flow\">\n<p class=\"wp-block-paragraph\">Celui qui place la morale au-dessus de la libert\u00e9 sacrifie l&rsquo;individu \u00e0 la collectivit\u00e9.<br\/>Celui qui remplace le droit par des convictions ne cr\u00e9e pas de progr\u00e8s - mais un nouveau dogme.<br\/>Et celui qui croit pouvoir faire taire les autres au nom du bien n&rsquo;a <strong>pas compris la libert\u00e9 - et a oubli\u00e9 l&rsquo;histoire.<\/strong><\/p>\n<\/blockquote>\n\n<p class=\"wp-block-paragraph\"><strong>La morale ne remplace pas les libert\u00e9s.<\/strong><br\/>Et ceux qui confondent les deux d\u00e9truisent les deux.<\/p>\n","protected":false},"excerpt":{"rendered":"<p>Explication et justification Les droits \u00e0 la libert\u00e9 ne sont pas seulement de beaux id\u00e9aux. Ils sont des boucliers constitutionnels, \u00e9rig\u00e9s contre l&rsquo;arbitraire de la majorit\u00e9, contre l&#8217;empi\u00e8tement de l&rsquo;\u00c9tat et contre la tyrannie de l&rsquo;opinion publique.Ils ont \u00e9t\u00e9 conquis au fil des si\u00e8cles - non pas pour que l&rsquo;homme fasse \u00ab\u00a0ce qui est juste\u00a0\u00bb, [&hellip;]<\/p>\n","protected":false},"author":112514394,"featured_media":661,"comment_status":"open","ping_status":"open","sticky":false,"template":"","format":"standard","meta":{"_crdt_document":"","advanced_seo_description":"","jetpack_seo_html_title":"","jetpack_seo_noindex":false,"_jetpack_newsletter_access":"","_jetpack_dont_email_post_to_subs":false,"_jetpack_newsletter_tier_id":0,"_jetpack_memberships_contains_paywalled_content":false,"_jetpack_memberships_contains_paid_content":false,"footnotes":"","jetpack_publicize_message":"","jetpack_publicize_feature_enabled":true,"jetpack_social_post_already_shared":true,"jetpack_social_options":{"image_generator_settings":{"template":"highway","default_image_id":0,"font":"","enabled":false},"version":2},"_wpas_customize_per_network":false,"jetpack_post_was_ever_published":false},"categories":[10096792],"tags":[],"class_list":["post-702","post","type-post","status-publish","format-standard","has-post-thumbnail","hentry","category-france"],"jetpack_publicize_connections":[],"jetpack_featured_media_url":"https:\/\/i0.wp.com\/wir2030.com\/wp-content\/uploads\/2025\/05\/male-einen-goldenen-kafig-anstatt-dem-schwarzen-kafig-und-darin.png?fit=1024%2C768&ssl=1","jetpack_likes_enabled":true,"jetpack_sharing_enabled":true,"jetpack_shortlink":"https:\/\/wp.me\/pgv6KY-bk","jetpack-related-posts":[{"id":1371,"url":"https:\/\/wir2030.com\/fr\/2025\/06\/06\/these-27-la-liberte-nest-pas-un-privilege-mais-un-droit-de-naissance\/","url_meta":{"origin":702,"position":0},"title":"Th\u00e8se 27 : la libert\u00e9 n&rsquo;est pas un privil\u00e8ge, mais un droit de naissance.","author":"boschimo","date":"6 juin 2025","format":false,"excerpt":"Explication et justification La libert\u00e9 n'est pas un cadeau accord\u00e9 par l'\u00c9tat. Elle n'est pas un bonus, une r\u00e9compense pour un comportement adapt\u00e9, une d\u00e9rogation en temps de crise. La libert\u00e9 est ce qui revient \u00e0 l'homme d\u00e8s sa naissance - non pas par contrat, mais par dignit\u00e9. Elle n'a\u2026","rel":"","context":"Dans &quot;france&quot;","block_context":{"text":"france","link":"https:\/\/wir2030.com\/fr\/category\/france\/"},"img":{"alt_text":"","src":"https:\/\/i0.wp.com\/wir2030.com\/wp-content\/uploads\/2025\/06\/europaische-menschen-feiern-ihre-freiheit-von-der-tyrannei.png?fit=1024%2C768&ssl=1&resize=350%2C200","width":350,"height":200,"srcset":"https:\/\/i0.wp.com\/wir2030.com\/wp-content\/uploads\/2025\/06\/europaische-menschen-feiern-ihre-freiheit-von-der-tyrannei.png?fit=1024%2C768&ssl=1&resize=350%2C200 1x, https:\/\/i0.wp.com\/wir2030.com\/wp-content\/uploads\/2025\/06\/europaische-menschen-feiern-ihre-freiheit-von-der-tyrannei.png?fit=1024%2C768&ssl=1&resize=525%2C300 1.5x, https:\/\/i0.wp.com\/wir2030.com\/wp-content\/uploads\/2025\/06\/europaische-menschen-feiern-ihre-freiheit-von-der-tyrannei.png?fit=1024%2C768&ssl=1&resize=700%2C400 2x"},"classes":[]},{"id":771,"url":"https:\/\/wir2030.com\/fr\/2025\/05\/18\/these-35-ceux-qui-defendent-la-democratie-ne-sont-pas-des-extremistes\/","url_meta":{"origin":702,"position":1},"title":"Th\u00e8se 35 : Ceux qui d\u00e9fendent la d\u00e9mocratie ne sont pas des extr\u00e9mistes.","author":"boschimo","date":"18 mai 2025","format":false,"excerpt":"Explication et justification La d\u00e9mocratie vit de l'engagement de ses citoyens - pas de leur soumission.Ceux qui la d\u00e9fendent, qui d\u00e9noncent les abus, qui revendiquent des droits fondamentaux et qui s'opposent aux abus de pouvoir n 'agissent pas de mani\u00e8re radicale, mais de mani\u00e8re d\u00e9mocratique. Cette th\u00e8se pose une limite\u2026","rel":"","context":"Dans &quot;france&quot;","block_context":{"text":"france","link":"https:\/\/wir2030.com\/fr\/category\/france\/"},"img":{"alt_text":"","src":"https:\/\/i0.wp.com\/wir2030.com\/wp-content\/uploads\/2025\/05\/image-13.png?fit=1024%2C768&ssl=1&resize=350%2C200","width":350,"height":200,"srcset":"https:\/\/i0.wp.com\/wir2030.com\/wp-content\/uploads\/2025\/05\/image-13.png?fit=1024%2C768&ssl=1&resize=350%2C200 1x, https:\/\/i0.wp.com\/wir2030.com\/wp-content\/uploads\/2025\/05\/image-13.png?fit=1024%2C768&ssl=1&resize=525%2C300 1.5x, https:\/\/i0.wp.com\/wir2030.com\/wp-content\/uploads\/2025\/05\/image-13.png?fit=1024%2C768&ssl=1&resize=700%2C400 2x"},"classes":[]},{"id":866,"url":"https:\/\/wir2030.com\/fr\/2025\/05\/17\/these-10-la-liberte-dexpression-nest-pas-relative-elle-est-absolue\/","url_meta":{"origin":702,"position":2},"title":"Th\u00e8se 10 : La libert\u00e9 d&rsquo;expression n&rsquo;est pas relative - elle est absolue.","author":"boschimo","date":"17 mai 2025","format":false,"excerpt":"Explication et justification La libert\u00e9 d'expression n'est pas un privil\u00e8ge, mais un droit humain.Elle n'est pas n\u00e9gociable, ne d\u00e9pend pas des majorit\u00e9s, n'est pas limit\u00e9e par les id\u00e9ologies ou l'esprit du temps.Elle s'applique \u00e0 tous les individus, sur tous les sujets, \u00e0 toutes les \u00e9poques. Et elle est particuli\u00e8rement pr\u00e9cieuse\u2026","rel":"","context":"Dans &quot;france&quot;","block_context":{"text":"france","link":"https:\/\/wir2030.com\/fr\/category\/france\/"},"img":{"alt_text":"","src":"https:\/\/i0.wp.com\/wir2030.com\/wp-content\/uploads\/2025\/05\/10-die-meinungsfreiheit-ist-nicht-relativ-sie-ist.png?fit=1024%2C768&ssl=1&resize=350%2C200","width":350,"height":200,"srcset":"https:\/\/i0.wp.com\/wir2030.com\/wp-content\/uploads\/2025\/05\/10-die-meinungsfreiheit-ist-nicht-relativ-sie-ist.png?fit=1024%2C768&ssl=1&resize=350%2C200 1x, https:\/\/i0.wp.com\/wir2030.com\/wp-content\/uploads\/2025\/05\/10-die-meinungsfreiheit-ist-nicht-relativ-sie-ist.png?fit=1024%2C768&ssl=1&resize=525%2C300 1.5x, https:\/\/i0.wp.com\/wir2030.com\/wp-content\/uploads\/2025\/05\/10-die-meinungsfreiheit-ist-nicht-relativ-sie-ist.png?fit=1024%2C768&ssl=1&resize=700%2C400 2x"},"classes":[]},{"id":685,"url":"https:\/\/wir2030.com\/fr\/2025\/05\/25\/these-73-lhomme-nest-pas-un-cobaye\/","url_meta":{"origin":702,"position":3},"title":"Th\u00e8se 73 : l&rsquo;homme n&rsquo;est pas un cobaye.","author":"boschimo","date":"25 mai 2025","format":false,"excerpt":"Explication et justification Le corps humain n'est pas une propri\u00e9t\u00e9 de l'\u00c9tat, une plate-forme pour des programmes politiques ou une ressource pour des exp\u00e9riences mondiales. Il est l'expression de la dignit\u00e9, de la libert\u00e9 et de l'autod\u00e9termination - et donc inviolable. Toute intervention m\u00e9dicale, qu'elle soit pr\u00e9ventive, th\u00e9rapeutique ou exp\u00e9rimentale,\u2026","rel":"","context":"Dans &quot;france&quot;","block_context":{"text":"france","link":"https:\/\/wir2030.com\/fr\/category\/france\/"},"img":{"alt_text":"","src":"https:\/\/i0.wp.com\/wir2030.com\/wp-content\/uploads\/2025\/05\/male-ein-bild-zum-nurnberger-kodex-und-dem-arztlichen-gelobnis.png?fit=1024%2C768&ssl=1&resize=350%2C200","width":350,"height":200,"srcset":"https:\/\/i0.wp.com\/wir2030.com\/wp-content\/uploads\/2025\/05\/male-ein-bild-zum-nurnberger-kodex-und-dem-arztlichen-gelobnis.png?fit=1024%2C768&ssl=1&resize=350%2C200 1x, https:\/\/i0.wp.com\/wir2030.com\/wp-content\/uploads\/2025\/05\/male-ein-bild-zum-nurnberger-kodex-und-dem-arztlichen-gelobnis.png?fit=1024%2C768&ssl=1&resize=525%2C300 1.5x, https:\/\/i0.wp.com\/wir2030.com\/wp-content\/uploads\/2025\/05\/male-ein-bild-zum-nurnberger-kodex-und-dem-arztlichen-gelobnis.png?fit=1024%2C768&ssl=1&resize=700%2C400 2x"},"classes":[]},{"id":1284,"url":"https:\/\/wir2030.com\/fr\/2025\/05\/31\/these-14-si-vous-censurez-une-critique-cest-que-vous-avez-quelque-chose-a-cacher\/","url_meta":{"origin":702,"position":4},"title":"Th\u00e8se 14 : Si vous censurez une critique, c&rsquo;est que vous avez quelque chose \u00e0 cacher.","author":"boschimo","date":"31 mai 2025","format":false,"excerpt":"Explication et justification La critique est le pouls de toute soci\u00e9t\u00e9 libre.Elle est le signe vivant d'une d\u00e9mocratie, le syst\u00e8me d'alerte pr\u00e9coce du pouvoir, le correctif des erreurs institutionnelles.L\u00e0 o\u00f9 la critique est autoris\u00e9e, le pouvoir peut \u00eatre remis en question, contr\u00f4l\u00e9 et corrig\u00e9.L\u00e0 o\u00f9 elle est r\u00e9prim\u00e9e, l'arbitraire, la\u2026","rel":"","context":"Dans &quot;france&quot;","block_context":{"text":"france","link":"https:\/\/wir2030.com\/fr\/category\/france\/"},"img":{"alt_text":"","src":"https:\/\/i0.wp.com\/wir2030.com\/wp-content\/uploads\/2025\/05\/2025-05-26-10.49.58-AM.png?fit=626%2C524&ssl=1&resize=350%2C200","width":350,"height":200,"srcset":"https:\/\/i0.wp.com\/wir2030.com\/wp-content\/uploads\/2025\/05\/2025-05-26-10.49.58-AM.png?fit=626%2C524&ssl=1&resize=350%2C200 1x, https:\/\/i0.wp.com\/wir2030.com\/wp-content\/uploads\/2025\/05\/2025-05-26-10.49.58-AM.png?fit=626%2C524&ssl=1&resize=525%2C300 1.5x"},"classes":[]},{"id":1134,"url":"https:\/\/wir2030.com\/fr\/2025\/05\/27\/these-44-la-croyance-dans-les-institutions-ne-remplace-pas-la-responsabilite-individuelle\/","url_meta":{"origin":702,"position":5},"title":"Th\u00e8se 44 : La croyance dans les institutions ne remplace pas la responsabilit\u00e9 individuelle.","author":"boschimo","date":"27 mai 2025","format":false,"excerpt":"Explication et justification Les institutions sont faites pour les hommes - et non l'inverse.Pourtant, en temps de crise, nous constatons r\u00e9guli\u00e8rement le contraire :Au lieu de penser, d'examiner et d'agir de mani\u00e8re ind\u00e9pendante, beaucoup s'accrochent aux autorit\u00e9s, aux conseils d'experts et aux organisations supranationales comme \u00e0 une v\u00e9rit\u00e9 sup\u00e9rieure.Ils d\u00e9l\u00e8guent\u2026","rel":"","context":"Dans &quot;france&quot;","block_context":{"text":"france","link":"https:\/\/wir2030.com\/fr\/category\/france\/"},"img":{"alt_text":"","src":"https:\/\/i0.wp.com\/wir2030.com\/wp-content\/uploads\/2025\/05\/male-einen-menschen-der-einem-polizisten-das-grundgesetz-wie-eine.png?fit=1024%2C768&ssl=1&resize=350%2C200","width":350,"height":200,"srcset":"https:\/\/i0.wp.com\/wir2030.com\/wp-content\/uploads\/2025\/05\/male-einen-menschen-der-einem-polizisten-das-grundgesetz-wie-eine.png?fit=1024%2C768&ssl=1&resize=350%2C200 1x, https:\/\/i0.wp.com\/wir2030.com\/wp-content\/uploads\/2025\/05\/male-einen-menschen-der-einem-polizisten-das-grundgesetz-wie-eine.png?fit=1024%2C768&ssl=1&resize=525%2C300 1.5x, https:\/\/i0.wp.com\/wir2030.com\/wp-content\/uploads\/2025\/05\/male-einen-menschen-der-einem-polizisten-das-grundgesetz-wie-eine.png?fit=1024%2C768&ssl=1&resize=700%2C400 2x"},"classes":[]}],"_links":{"self":[{"href":"https:\/\/wir2030.com\/fr\/wp-json\/wp\/v2\/posts\/702","targetHints":{"allow":["GET"]}}],"collection":[{"href":"https:\/\/wir2030.com\/fr\/wp-json\/wp\/v2\/posts"}],"about":[{"href":"https:\/\/wir2030.com\/fr\/wp-json\/wp\/v2\/types\/post"}],"author":[{"embeddable":true,"href":"https:\/\/wir2030.com\/fr\/wp-json\/wp\/v2\/users\/112514394"}],"replies":[{"embeddable":true,"href":"https:\/\/wir2030.com\/fr\/wp-json\/wp\/v2\/comments?post=702"}],"version-history":[{"count":1,"href":"https:\/\/wir2030.com\/fr\/wp-json\/wp\/v2\/posts\/702\/revisions"}],"predecessor-version":[{"id":706,"href":"https:\/\/wir2030.com\/fr\/wp-json\/wp\/v2\/posts\/702\/revisions\/706"}],"wp:featuredmedia":[{"embeddable":true,"href":"https:\/\/wir2030.com\/fr\/wp-json\/wp\/v2\/media\/661"}],"wp:attachment":[{"href":"https:\/\/wir2030.com\/fr\/wp-json\/wp\/v2\/media?parent=702"}],"wp:term":[{"taxonomy":"category","embeddable":true,"href":"https:\/\/wir2030.com\/fr\/wp-json\/wp\/v2\/categories?post=702"},{"taxonomy":"post_tag","embeddable":true,"href":"https:\/\/wir2030.com\/fr\/wp-json\/wp\/v2\/tags?post=702"}],"curies":[{"name":"wp","href":"https:\/\/api.w.org\/{rel}","templated":true}]}}