{"id":1452,"date":"2025-06-10T17:40:00","date_gmt":"2025-06-10T14:40:00","guid":{"rendered":"https:\/\/wir2030.com\/?p=1452"},"modified":"2025-06-10T15:45:16","modified_gmt":"2025-06-10T12:45:16","slug":"these-11-la-science-se-nourrit-de-la-contradiction-pas-du-consensus","status":"publish","type":"post","link":"https:\/\/wir2030.com\/fr\/2025\/06\/10\/these-11-la-science-se-nourrit-de-la-contradiction-pas-du-consensus\/","title":{"rendered":"Th\u00e8se 11 : La science se nourrit de la contradiction - pas du consensus."},"content":{"rendered":"\n<p class=\"wp-block-paragraph\"><strong>Introduction : la science n&rsquo;est pas un dogme - mais un dialogue avec la r\u00e9alit\u00e9<\/strong><\/p>\n\n<p class=\"wp-block-paragraph\">La science commence l\u00e0 o\u00f9 la curiosit\u00e9 rencontre la r\u00e9alit\u00e9 - et non l\u00e0 o\u00f9 l&rsquo;autorit\u00e9 d\u00e9cide de ce qui doit \u00eatre vrai.<br\/>Elle vit de l&rsquo;<strong>observation<\/strong>, de la <strong>critique<\/strong>, de <strong>la r\u00e9visabilit\u00e9<\/strong> - et surtout du <strong>doute courageux<\/strong>.<\/p>\n\n<p class=\"wp-block-paragraph\">Ce n&rsquo;est pas le consensus, ni la majorit\u00e9, ni l&rsquo;esprit du temps qui valident une connaissance scientifique - mais la capacit\u00e9 \u00e0 se <strong>corriger<\/strong> \u00e0 la lumi\u00e8re des nouvelles connaissances.<br\/>L&rsquo;essence m\u00eame de la science est de <strong>\u00ab remettre constamment en question ce que l&rsquo;on croyait certain \u00bb.<\/strong><\/p>\n\n<p class=\"wp-block-paragraph\">(Cette citation est souvent utilis\u00e9e dans le m\u00eame sens, notamment par Richard Feynman, Karl Popper ou Max Planck, sans que la paternit\u00e9 en soit clairement \u00e9tablie).<\/p>\n\n<p class=\"wp-block-paragraph\">Mais \u00e0 chaque fois que l&rsquo;histoire a tent\u00e9 d&rsquo;imposer une <strong>\u00ab v\u00e9rit\u00e9 indiscutable \u00bb<\/strong>, la science a commenc\u00e9 \u00e0 mourir - et l&rsquo;id\u00e9ologie a pris sa place.<\/p>\n\n<p class=\"wp-block-paragraph\"><strong>Ce qu&rsquo;est r\u00e9ellement la science - et ce qu&rsquo;elle n&rsquo;est pas<\/strong><\/p>\n\n<p class=\"wp-block-paragraph\">La vraie science signifie<\/p>\n\n<ul class=\"wp-block-list\">\n<li>\u00e9mettre des hypoth\u00e8ses - et les <strong>faire r\u00e9futer<\/strong>.<\/li>\n\n\n\n<li>Rechercher des preuves - et <strong>autoriser les contre-preuves<\/strong>.<\/li>\n\n\n\n<li>D\u00e9velopper des mod\u00e8les - et <strong>les remettre constamment en question<\/strong>.<\/li>\n\n\n\n<li>R\u00e9v\u00e9ler les th\u00e9ories - et les rendre vuln\u00e9rables aux donn\u00e9es.<\/li>\n\n\n\n<li>Se laisser corriger par l&rsquo;observation - <strong>et non confirmer par le pouvoir politique.<\/strong><\/li>\n<\/ul>\n\n<p class=\"wp-block-paragraph\">La science est un processus, <strong>pas un \u00e9tat<\/strong>.<br\/>Une m\u00e9thode, <strong>pas une opinion<\/strong>.<br\/>Une voie d&rsquo;approche - <strong>jamais une arriv\u00e9e dogmatique.<\/strong><\/p>\n\n<p class=\"wp-block-paragraph\"><strong>L&rsquo;histoire de la science est une histoire d&rsquo;erreurs - et de contradictions<\/strong><\/p>\n\n<p class=\"wp-block-paragraph\">Ceux qui s&rsquo;\u00e9crient aujourd&rsquo;hui : \u00ab\u00a0La science est d&rsquo;accord !\u00a0\u00bb n&rsquo;ont soit pas compris la science - soit veulent s&rsquo;en servir comme d&rsquo;une arme.<\/p>\n\n<p class=\"wp-block-paragraph\">Car en r\u00e9alit\u00e9, le progr\u00e8s a <strong>toujours<\/strong> \u00e9t\u00e9 <strong>une rupture avec le consensus<\/strong>:<\/p>\n\n<p class=\"wp-block-paragraph\"><strong>Galileo Galilei (16e si\u00e8cle)<\/strong><\/p>\n\n<p class=\"wp-block-paragraph\">Il a contredit la vision g\u00e9ocentrique du monde - et a \u00e9t\u00e9 menac\u00e9, condamn\u00e9, r\u00e9duit au silence pour cela.<br\/>Non pas parce que ses calculs \u00e9taient faux - mais parce qu&rsquo;ils mettaient en p\u00e9ril la pr\u00e9tention au pouvoir de l&rsquo;\u00c9glise et de la soci\u00e9t\u00e9.<br\/>Nous savons aujourd&rsquo;hui que la Terre n&rsquo;est pas une plan\u00e8te : <strong>Ce n&rsquo;est pas la Terre qui est au centre, mais la libert\u00e9 d&rsquo;observation.<\/strong><\/p>\n\n<p class=\"wp-block-paragraph\"><strong>Ignaz Semmelweis (19\u00e8me si\u00e8cle)<\/strong><\/p>\n\n<p class=\"wp-block-paragraph\">Il a demand\u00e9 aux m\u00e9decins de se laver les mains - et a \u00e9t\u00e9 ridiculis\u00e9, diffam\u00e9 et chass\u00e9 de l&rsquo;h\u00f4pital.<br\/>Il \u00e9tait consid\u00e9r\u00e9 comme \u00ab anti-science \u00bb parce qu&rsquo;il contredisait l \u00ab \u00e9lite m\u00e9dicale.<br\/>Ce n&rsquo;est que des d\u00e9cennies plus tard que l&rsquo;on s&rsquo;est rendu compte qu \u00bb<strong>il avait raison - et que des centaines de milliers de personnes auraient pu \u00eatre sauv\u00e9es.<\/strong><\/p>\n\n<p class=\"wp-block-paragraph\"><strong>Alfred Wegener (20e si\u00e8cle)<\/strong><\/p>\n\n<p class=\"wp-block-paragraph\">On s&rsquo;est moqu\u00e9 de lui parce qu&rsquo;il affirmait que les continents pouvaient \u00ab migrer \u00bb.<br\/>La g\u00e9ologie a longtemps rejet\u00e9 cette id\u00e9e. Aujourd&rsquo;hui, la tectonique des plaques est <strong>\u00e0 la base de toute recherche sur les s\u00e9ismes<\/strong>. <\/p>\n\n<p class=\"wp-block-paragraph\"><strong>Lise Meitner, Barry Marshall, Lynn Margulis - la liste pourrait s&rsquo;allonger :<\/strong><\/p>\n\n<p class=\"wp-block-paragraph\">Que ce soit en physique, en m\u00e9decine ou en biologie, ce <strong>sont toujours des individus qui ont nag\u00e9 \u00e0 contre-courant<\/strong> - et qui ont donc eu raison.<\/p>\n\n<p class=\"wp-block-paragraph\"><strong>Que se passe-t-il lorsque le \u00ab consensus \u00bb est impos\u00e9 politiquement ou id\u00e9ologiquement ?<\/strong><\/p>\n\n<p class=\"wp-block-paragraph\"><strong>Exemple 1 : les programmes d&rsquo;euthanasie sous le nazisme<\/strong><\/p>\n\n<p class=\"wp-block-paragraph\">Dans les ann\u00e9es 1930, les m\u00e9decins et les scientifiques allemands consid\u00e9raient comme \u00ab scientifiquement fond\u00e9 \u00bb le fait que les personnes \u00ab h\u00e9r\u00e9ditairement malades \u00bb \u00e9taient un \u00ab fardeau pour la soci\u00e9t\u00e9 \u00bb.<br\/>La majorit\u00e9 se taisait - ou approuvait.<br\/>Le \u00ab consensus scientifique \u00bb devint le paravent de meurtres syst\u00e9matiques.<br\/><strong>La contestation fut criminalis\u00e9e.<\/strong> La m\u00e9decine est devenue une id\u00e9ologie.<\/p>\n\n<p class=\"wp-block-paragraph\"><strong>Exemple 2 : la politique agricole sovi\u00e9tique sous Lyssenko<\/strong><\/p>\n\n<p class=\"wp-block-paragraph\">Trofim Lysenko rejetait la g\u00e9n\u00e9tique classique et promettait des rendements \u00e9normes gr\u00e2ce \u00e0 une \u00ab\u00a0adaptation h\u00e9r\u00e9ditaire \u00e0 l&rsquo;environnement\u00a0\u00bb.<br\/>Staline l&rsquo;a cru - et a fait pers\u00e9cuter, emprisonner ou tuer les scientifiques dissidents.<br\/>Des millions de personnes sont mortes de faim parce qu&rsquo;<strong>il \u00e9tait interdit de remettre en question une th\u00e9orie id\u00e9ologiquement souhaitable<\/strong>.<\/p>\n\n<p class=\"wp-block-paragraph\"><strong>Exemple 3 : Covid-19, campagnes de vaccination et politique d&rsquo;action<\/strong><\/p>\n\n<p class=\"wp-block-paragraph\">Pendant la p\u00e9riode Corona, une apparente \u00ab scientificit\u00e9 \u00bb a \u00e9t\u00e9 utilis\u00e9e pour justifier des restrictions sans pr\u00e9c\u00e9dent des droits fondamentaux.<br\/>Les voix critiques - m\u00eame celles de scientifiques renomm\u00e9s - ont \u00e9t\u00e9 diffam\u00e9es, licenci\u00e9es ou r\u00e9duites au silence.<br\/>Un \u00ab consensus \u00bb a \u00e9t\u00e9 simul\u00e9 - alors que les donn\u00e9es \u00e9taient <strong>hautement dynamiques, contradictoires et politiquement charg\u00e9es<\/strong>.<\/p>\n\n<p class=\"wp-block-paragraph\">Critiques centrales :<\/p>\n\n<ul class=\"wp-block-list\">\n<li>Les mod\u00e8les et les pr\u00e9visions ont \u00e9t\u00e9 pr\u00e9sent\u00e9s avec la pr\u00e9tention d&rsquo;\u00eatre exacts - mais souvent jamais v\u00e9rifi\u00e9s.<\/li>\n\n\n\n<li>Les effets secondaires des vaccins ont longtemps \u00e9t\u00e9 relativis\u00e9s ou pass\u00e9s sous silence.<\/li>\n\n\n\n<li>Les discussions sur les th\u00e9rapies, les effets secondaires ou l&rsquo;immunit\u00e9 naturelle n&rsquo;\u00e9taient pas men\u00e9es de mani\u00e8re scientifique - mais r\u00e9prim\u00e9es moralement.<\/li>\n<\/ul>\n\n<p class=\"wp-block-paragraph\"><strong>Ce n \u00ab \u00e9tait pas de la science - c \u00bb \u00e9tait de la propagande avec un vernis pseudo-scientifique.<\/strong><\/p>\n\n<p class=\"wp-block-paragraph\"><strong>Pourquoi le \u00ab consensus \u00bb n&rsquo;est pas une cat\u00e9gorie scientifique<\/strong><\/p>\n\n<ul class=\"wp-block-list\">\n<li>Le consensus na\u00eet des processus politiques - <strong>et non des lois de la nature.<\/strong><\/li>\n\n\n\n<li>Le consensus peut \u00eatre le fruit du pouvoir, de contraintes de carri\u00e8re, de la pression des pairs ou d&rsquo;int\u00e9r\u00eats \u00e9conomiques - <strong>et non de la v\u00e9rit\u00e9.<\/strong><\/li>\n\n\n\n<li>Le consensus entre scientifiques n&rsquo;est <strong>pas une preuve<\/strong> - mais une opinion.<\/li>\n\n\n\n<li>Et les opinions peuvent \u00eatre modifi\u00e9es - ou elles rel\u00e8vent de l&rsquo;id\u00e9ologie.<\/li>\n<\/ul>\n\n<p class=\"wp-block-paragraph\">La vraie science ne demande pas : <em>que croient la plupart des gens ?<\/em><br\/>mais plut\u00f4t : qu&rsquo;<em>est-ce qui est<\/em> vrai ? <em>Qu&rsquo;est-ce qui ressort des donn\u00e9es - et quel est le degr\u00e9 de certitude du r\u00e9sultat ?<\/em><\/p>\n\n<p class=\"wp-block-paragraph\"><strong>Comment les m\u00e9dias et la politique transforment la science en strat\u00e9gie de domination<\/strong><\/p>\n\n<p class=\"wp-block-paragraph\">Cela devient particuli\u00e8rement dangereux lorsque <strong>les m\u00e9dias, la politique et les entreprises<\/strong> d\u00e9cident ensemble de ce qui doit \u00eatre consid\u00e9r\u00e9 comme \u00ab scientifique \u00bb.<\/p>\n\n<p class=\"wp-block-paragraph\">M\u00e9canismes :<\/p>\n\n<ul class=\"wp-block-list\">\n<li><strong>Les critiques sont diffam\u00e9s en tant que \u00ab n\u00e9gationnistes \u00bb.<\/strong><\/li>\n\n\n\n<li><strong>La recherche n&rsquo;est financ\u00e9e que si elle soutient le r\u00e9cit politique.<\/strong><\/li>\n\n\n\n<li><strong>Les donn\u00e9es divergentes sont d\u00e9valoris\u00e9es comme \u00ab non \u00e9valu\u00e9es par les pairs \u00bb - m\u00eame si elles sont empiriquement propres.<\/strong><\/li>\n\n\n\n<li><strong>Les plateformes suppriment les \u00e9tudes, articles ou vid\u00e9os qui ne correspondent pas au consensus officiel.<\/strong><\/li>\n<\/ul>\n\n<p class=\"wp-block-paragraph\">Il en r\u00e9sulte <strong>un simulacre d&rsquo;unanimit\u00e9<\/strong> qui emp\u00eache tout examen critique - et <strong>tue<\/strong> ainsi <strong>la science.<\/strong><\/p>\n\n<p class=\"wp-block-paragraph\"><strong>La science a besoin de d\u00e9bat, pas d&rsquo;immobilisme<\/strong><\/p>\n\n<p class=\"wp-block-paragraph\">Ce dont toute culture scientifique saine a besoin :<\/p>\n\n<ul class=\"wp-block-list\">\n<li><strong>Des espaces de d\u00e9bat ouverts<\/strong>, y compris pour les approches controvers\u00e9es<\/li>\n\n\n\n<li><strong>Des donn\u00e9es brutes transparentes<\/strong>, v\u00e9rifiables par tous<\/li>\n\n\n\n<li><strong>Diversit\u00e9 des m\u00e9thodes<\/strong>, pas de mod\u00e8les uniques<\/li>\n\n\n\n<li><strong>Culture de la discussion<\/strong>, plut\u00f4t que Cancel Culture<\/li>\n\n\n\n<li><strong>La culture de l&rsquo;erreur<\/strong>, plut\u00f4t que l&rsquo;infaillibilit\u00e9<\/li>\n\n\n\n<li><strong>Libert\u00e9 d&rsquo;influence<\/strong> - politique, \u00e9conomique ou id\u00e9ologique<\/li>\n<\/ul>\n\n<p class=\"wp-block-paragraph\">La science ne peut \u00eatre cr\u00e9dible que si elle reste ouverte \u00e0 l&rsquo;erreur.<br\/>La connaissance ne peut cro\u00eetre que si<strong>la<\/strong> critique est autoris\u00e9e.<br\/><strong>La v\u00e9rit\u00e9 ne peut se manifester que si elle n&rsquo;est pas forc\u00e9e.<\/strong><\/p>\n\n<p class=\"wp-block-paragraph\"><strong>A quoi peut ressembler une v\u00e9ritable culture scientifique - et ce que demande Wir2030<\/strong><\/p>\n\n<p class=\"wp-block-paragraph\"><strong>1. garantir la libert\u00e9 de la recherche<\/strong><\/p>\n\n<p class=\"wp-block-paragraph\">L&rsquo;\u00c9tat et l&rsquo;industrie ne doivent <strong>pas dicter<\/strong> l&rsquo;orientation de la recherche <strong>.<\/strong><br\/>Aucun minist\u00e8re, aucun groupe pharmaceutique, aucune ONG ne doit d\u00e9finir ce qui est \u00ab\u00a0acceptable\u00a0\u00bb.<br\/>La recherche est libre - ou manipul\u00e9e.<\/p>\n\n<p class=\"wp-block-paragraph\"><strong>2. prot\u00e9ger les opinions minoritaires<\/strong><\/p>\n\n<p class=\"wp-block-paragraph\">L&rsquo;histoire le montre : L&rsquo;innovation na\u00eet souvent dans les marges, pas au centre.<br\/>La science se nourrit de marginaux, de penseurs hors normes, de non-conformistes.<br\/>Ils ne doivent pas \u00eatre musel\u00e9s, mais <strong>entendus<\/strong>.<\/p>\n\n<p class=\"wp-block-paragraph\"><strong>3. s\u00e9parer la science de l&rsquo;id\u00e9ologie<\/strong><\/p>\n\n<p class=\"wp-block-paragraph\">Celui qui utilise \u00ab la science \u00bb comme un assassin rh\u00e9torique en fait un instrument de pouvoir.<br\/>La phrase \u00ab Suivez la science \u00bb n&rsquo;a de sens que <strong>si la contradiction est \u00e9galement autoris\u00e9e.<\/strong><\/p>\n\n<p class=\"wp-block-paragraph\"><strong>4. renforcer l&rsquo;enseignement scientifique<\/strong><\/p>\n\n<p class=\"wp-block-paragraph\">Les citoyens doivent apprendre \u00e0 remettre en question les donn\u00e9es, les mod\u00e8les, les probabilit\u00e9s.<br\/>Non pas comme une m\u00e9fiance - mais comme une comp\u00e9tence.<br\/>Car : <strong>la science ne commence pas en laboratoire, mais dans la t\u00eate.<\/strong><\/p>\n\n<p class=\"wp-block-paragraph\"><strong>Notre point de vue<\/strong><\/p>\n\n<p class=\"wp-block-paragraph\"><strong>Nous2030 dit<\/strong><\/p>\n\n<p class=\"wp-block-paragraph\">La science n&rsquo;est pas un dogme, un instrument de pouvoir ou un outil de relations publiques.<br\/>Elle ne vit pas du consensus, mais de la contradiction.<br\/>Elle s&rsquo;arr\u00eate l\u00e0 o\u00f9 la critique est r\u00e9prim\u00e9e - et commence l\u00e0 o\u00f9 les gens ont le droit de poser des questions.<\/p>\n\n<p class=\"wp-block-paragraph\"><strong>L&rsquo;essence m\u00eame de la science est de remettre constamment en question les certitudes.<\/strong><br\/>Non pas parce qu&rsquo;il faut douter de tout, mais parce que seul ce qui <strong>r\u00e9siste \u00e0 la critique<\/strong> m\u00e9rite d&rsquo;\u00eatre conserv\u00e9.<\/p>\n\n<p class=\"wp-block-paragraph\">C&rsquo;est pourquoi nous demandons<\/p>\n\n<ul class=\"wp-block-list\">\n<li>R\u00e9tablir une culture scientifique ouverte et pluraliste<\/li>\n\n\n\n<li>La s\u00e9paration institutionnelle entre la science, la politique et les int\u00e9r\u00eats des entreprises<\/li>\n\n\n\n<li>La reconnaissance des erreurs et des fautes comme moteur de progr\u00e8s<\/li>\n\n\n\n<li>La protection du d\u00e9bat scientifique contre l&rsquo;occupation id\u00e9ologique<\/li>\n<\/ul>\n\n<p class=\"wp-block-paragraph\">Car :<br\/><strong>La v\u00e9rit\u00e9 ne peut na\u00eetre que l\u00e0 o\u00f9<\/strong> la<strong>contradiction est permise.<\/strong><br\/>Et ce n&rsquo;est que l\u00e0 o\u00f9 la v\u00e9rit\u00e9 compte - que la science peut assumer sa responsabilit\u00e9.<\/p>\n","protected":false},"excerpt":{"rendered":"<p>Introduction : la science n&rsquo;est pas un dogme - mais un dialogue avec la r\u00e9alit\u00e9 La science commence l\u00e0 o\u00f9 la curiosit\u00e9 rencontre la r\u00e9alit\u00e9 - et non l\u00e0 o\u00f9 l&rsquo;autorit\u00e9 d\u00e9cide de ce qui doit \u00eatre vrai.Elle vit de l&rsquo;observation, de la critique, de la r\u00e9visabilit\u00e9 - et surtout du doute courageux. Ce n&rsquo;est [&hellip;]<\/p>\n","protected":false},"author":112514394,"featured_media":1432,"comment_status":"open","ping_status":"open","sticky":false,"template":"","format":"standard","meta":{"_crdt_document":"","advanced_seo_description":"","jetpack_seo_html_title":"","jetpack_seo_noindex":false,"_jetpack_newsletter_access":"","_jetpack_dont_email_post_to_subs":false,"_jetpack_newsletter_tier_id":0,"_jetpack_memberships_contains_paywalled_content":false,"_jetpack_memberships_contains_paid_content":false,"footnotes":"","jetpack_publicize_message":"","jetpack_publicize_feature_enabled":true,"jetpack_social_post_already_shared":true,"jetpack_social_options":{"image_generator_settings":{"template":"highway","default_image_id":0,"font":"","enabled":false},"version":2},"_wpas_customize_per_network":false,"jetpack_post_was_ever_published":false},"categories":[10096792],"tags":[],"class_list":["post-1452","post","type-post","status-publish","format-standard","has-post-thumbnail","hentry","category-france"],"jetpack_publicize_connections":[],"jetpack_featured_media_url":"https:\/\/i0.wp.com\/wir2030.com\/wp-content\/uploads\/2025\/06\/image-1.png?fit=1024%2C768&ssl=1","jetpack_likes_enabled":true,"jetpack_sharing_enabled":true,"jetpack_shortlink":"https:\/\/wp.me\/pgv6KY-nq","jetpack-related-posts":[{"id":1371,"url":"https:\/\/wir2030.com\/fr\/2025\/06\/06\/these-27-la-liberte-nest-pas-un-privilege-mais-un-droit-de-naissance\/","url_meta":{"origin":1452,"position":0},"title":"Th\u00e8se 27 : la libert\u00e9 n&rsquo;est pas un privil\u00e8ge, mais un droit de naissance.","author":"boschimo","date":"6 juin 2025","format":false,"excerpt":"Explication et justification La libert\u00e9 n'est pas un cadeau accord\u00e9 par l'\u00c9tat. Elle n'est pas un bonus, une r\u00e9compense pour un comportement adapt\u00e9, une d\u00e9rogation en temps de crise. La libert\u00e9 est ce qui revient \u00e0 l'homme d\u00e8s sa naissance - non pas par contrat, mais par dignit\u00e9. Elle n'a\u2026","rel":"","context":"Dans &quot;france&quot;","block_context":{"text":"france","link":"https:\/\/wir2030.com\/fr\/category\/france\/"},"img":{"alt_text":"","src":"https:\/\/i0.wp.com\/wir2030.com\/wp-content\/uploads\/2025\/06\/europaische-menschen-feiern-ihre-freiheit-von-der-tyrannei.png?fit=1024%2C768&ssl=1&resize=350%2C200","width":350,"height":200,"srcset":"https:\/\/i0.wp.com\/wir2030.com\/wp-content\/uploads\/2025\/06\/europaische-menschen-feiern-ihre-freiheit-von-der-tyrannei.png?fit=1024%2C768&ssl=1&resize=350%2C200 1x, https:\/\/i0.wp.com\/wir2030.com\/wp-content\/uploads\/2025\/06\/europaische-menschen-feiern-ihre-freiheit-von-der-tyrannei.png?fit=1024%2C768&ssl=1&resize=525%2C300 1.5x, https:\/\/i0.wp.com\/wir2030.com\/wp-content\/uploads\/2025\/06\/europaische-menschen-feiern-ihre-freiheit-von-der-tyrannei.png?fit=1024%2C768&ssl=1&resize=700%2C400 2x"},"classes":[]},{"id":1166,"url":"https:\/\/wir2030.com\/fr\/2025\/05\/28\/these-71-un-bon-etat-protege-ses-critiques-pas-son-pouvoir\/","url_meta":{"origin":1452,"position":1},"title":"Th\u00e8se 71 : Un bon \u00c9tat prot\u00e8ge ses critiques - pas son pouvoir.","author":"boschimo","date":"28 mai 2025","format":false,"excerpt":"Explication et justification La v\u00e9ritable maturit\u00e9 d'un \u00c9tat ne se mesure pas aux applaudissements de la majorit\u00e9,, mais \u00e0 la gestion des contradictions de la minorit\u00e9. L'approbation est confortable, pr\u00e9visible, contr\u00f4lable.Mais la critique est inconfortable, impr\u00e9visible - et c'est pr\u00e9cis\u00e9ment pour cela qu'elle est pr\u00e9cieuse. La critique n'est pas une\u2026","rel":"","context":"Dans &quot;france&quot;","block_context":{"text":"france","link":"https:\/\/wir2030.com\/fr\/category\/france\/"},"img":{"alt_text":"","src":"https:\/\/i0.wp.com\/wir2030.com\/wp-content\/uploads\/2025\/05\/menschen-verschiedener-meinung-europaer-vor-dem-bundestag-statt-weissem-haus.png?fit=1024%2C768&ssl=1&resize=350%2C200","width":350,"height":200,"srcset":"https:\/\/i0.wp.com\/wir2030.com\/wp-content\/uploads\/2025\/05\/menschen-verschiedener-meinung-europaer-vor-dem-bundestag-statt-weissem-haus.png?fit=1024%2C768&ssl=1&resize=350%2C200 1x, https:\/\/i0.wp.com\/wir2030.com\/wp-content\/uploads\/2025\/05\/menschen-verschiedener-meinung-europaer-vor-dem-bundestag-statt-weissem-haus.png?fit=1024%2C768&ssl=1&resize=525%2C300 1.5x, https:\/\/i0.wp.com\/wir2030.com\/wp-content\/uploads\/2025\/05\/menschen-verschiedener-meinung-europaer-vor-dem-bundestag-statt-weissem-haus.png?fit=1024%2C768&ssl=1&resize=700%2C400 2x"},"classes":[]},{"id":1128,"url":"https:\/\/wir2030.com\/fr\/2025\/05\/26\/these-41tout-le-monde-a-le-droit-de-se-tromper-y-compris-les-medecins-les-journalistes-et-les-hommes-politiques\/","url_meta":{"origin":1452,"position":2},"title":"Th\u00e8se 41:Tout le monde a le droit de se tromper - y compris les m\u00e9decins, les journalistes et les hommes politiques.","author":"boschimo","date":"26 mai 2025","format":false,"excerpt":"Explication et justification Se tromper n'est pas une faiblesse - c'est une condition pr\u00e9alable au d\u00e9veloppement.Mais nous vivons dans une culture de l'infaillibilit\u00e9, o\u00f9 reconna\u00eetre une erreur n'est pas consid\u00e9r\u00e9 comme une expression d'int\u00e9grit\u00e9, mais comme une fin de carri\u00e8re, une perte de r\u00e9putation ou un aveu de culpabilit\u00e9.Cette peur\u2026","rel":"","context":"Dans &quot;france&quot;","block_context":{"text":"france","link":"https:\/\/wir2030.com\/fr\/category\/france\/"},"img":{"alt_text":"","src":"https:\/\/i0.wp.com\/wir2030.com\/wp-content\/uploads\/2025\/05\/image-26.png?fit=1024%2C768&ssl=1&resize=350%2C200","width":350,"height":200,"srcset":"https:\/\/i0.wp.com\/wir2030.com\/wp-content\/uploads\/2025\/05\/image-26.png?fit=1024%2C768&ssl=1&resize=350%2C200 1x, https:\/\/i0.wp.com\/wir2030.com\/wp-content\/uploads\/2025\/05\/image-26.png?fit=1024%2C768&ssl=1&resize=525%2C300 1.5x, https:\/\/i0.wp.com\/wir2030.com\/wp-content\/uploads\/2025\/05\/image-26.png?fit=1024%2C768&ssl=1&resize=700%2C400 2x"},"classes":[]},{"id":1376,"url":"https:\/\/wir2030.com\/fr\/2025\/06\/04\/these-87-le-controle-ne-genere-pas-la-confiance\/","url_meta":{"origin":1452,"position":3},"title":"Th\u00e8se 87 : le contr\u00f4le ne g\u00e9n\u00e8re pas la confiance","author":"boschimo","date":"4 juin 2025","format":false,"excerpt":"Explication et justification La confiance est un bien vivant. Elle ne na\u00eet pas des r\u00e9glementations, des cam\u00e9ras ou de la contrainte.La confiance est une offre, pas une injonction. Elle s \u00ab \u00e9panouit dans l'espace de libert\u00e9 - et s \u00bb \u00e9touffe sous le poids de la surveillance. Mais le monde\u2026","rel":"","context":"Dans &quot;france&quot;","block_context":{"text":"france","link":"https:\/\/wir2030.com\/fr\/category\/france\/"},"img":{"alt_text":"","src":"https:\/\/i0.wp.com\/wir2030.com\/wp-content\/uploads\/2025\/05\/image-34.png?fit=1024%2C768&ssl=1&resize=350%2C200","width":350,"height":200,"srcset":"https:\/\/i0.wp.com\/wir2030.com\/wp-content\/uploads\/2025\/05\/image-34.png?fit=1024%2C768&ssl=1&resize=350%2C200 1x, https:\/\/i0.wp.com\/wir2030.com\/wp-content\/uploads\/2025\/05\/image-34.png?fit=1024%2C768&ssl=1&resize=525%2C300 1.5x, https:\/\/i0.wp.com\/wir2030.com\/wp-content\/uploads\/2025\/05\/image-34.png?fit=1024%2C768&ssl=1&resize=700%2C400 2x"},"classes":[]},{"id":1383,"url":"https:\/\/wir2030.com\/fr\/2025\/06\/02\/these-67-le-totalitarisme-ne-commence-pas-avec-des-chaines-mais-avec-la-perte-de-la-responsabilite\/","url_meta":{"origin":1452,"position":4},"title":"Th\u00e8se 67 : Le totalitarisme ne commence pas avec des cha\u00eenes - mais avec la perte de la responsabilit\u00e9.","author":"boschimo","date":"2 juin 2025","format":false,"excerpt":"Explication et justification Les syst\u00e8mes totalitaires arrivent rarement avec des uniformes, des sir\u00e8nes ou de la violence.Ils se pr\u00e9sentent souvent comme de gentils assistants - autorit\u00e9s sanitaires, conseillers en s\u00e9curit\u00e9, sauveurs du climat, protecteurs des enfants ou agence d'innovation num\u00e9rique.Ils font appel au bien, parlent de responsabilit\u00e9 - mais veulent\u2026","rel":"","context":"Dans &quot;france&quot;","block_context":{"text":"france","link":"https:\/\/wir2030.com\/fr\/category\/france\/"},"img":{"alt_text":"","src":"https:\/\/i0.wp.com\/wir2030.com\/wp-content\/uploads\/2025\/05\/image-33.png?fit=1024%2C768&ssl=1&resize=350%2C200","width":350,"height":200,"srcset":"https:\/\/i0.wp.com\/wir2030.com\/wp-content\/uploads\/2025\/05\/image-33.png?fit=1024%2C768&ssl=1&resize=350%2C200 1x, https:\/\/i0.wp.com\/wir2030.com\/wp-content\/uploads\/2025\/05\/image-33.png?fit=1024%2C768&ssl=1&resize=525%2C300 1.5x, https:\/\/i0.wp.com\/wir2030.com\/wp-content\/uploads\/2025\/05\/image-33.png?fit=1024%2C768&ssl=1&resize=700%2C400 2x"},"classes":[]},{"id":1134,"url":"https:\/\/wir2030.com\/fr\/2025\/05\/27\/these-44-la-croyance-dans-les-institutions-ne-remplace-pas-la-responsabilite-individuelle\/","url_meta":{"origin":1452,"position":5},"title":"Th\u00e8se 44 : La croyance dans les institutions ne remplace pas la responsabilit\u00e9 individuelle.","author":"boschimo","date":"27 mai 2025","format":false,"excerpt":"Explication et justification Les institutions sont faites pour les hommes - et non l'inverse.Pourtant, en temps de crise, nous constatons r\u00e9guli\u00e8rement le contraire :Au lieu de penser, d'examiner et d'agir de mani\u00e8re ind\u00e9pendante, beaucoup s'accrochent aux autorit\u00e9s, aux conseils d'experts et aux organisations supranationales comme \u00e0 une v\u00e9rit\u00e9 sup\u00e9rieure.Ils d\u00e9l\u00e8guent\u2026","rel":"","context":"Dans &quot;france&quot;","block_context":{"text":"france","link":"https:\/\/wir2030.com\/fr\/category\/france\/"},"img":{"alt_text":"","src":"https:\/\/i0.wp.com\/wir2030.com\/wp-content\/uploads\/2025\/05\/male-einen-menschen-der-einem-polizisten-das-grundgesetz-wie-eine.png?fit=1024%2C768&ssl=1&resize=350%2C200","width":350,"height":200,"srcset":"https:\/\/i0.wp.com\/wir2030.com\/wp-content\/uploads\/2025\/05\/male-einen-menschen-der-einem-polizisten-das-grundgesetz-wie-eine.png?fit=1024%2C768&ssl=1&resize=350%2C200 1x, https:\/\/i0.wp.com\/wir2030.com\/wp-content\/uploads\/2025\/05\/male-einen-menschen-der-einem-polizisten-das-grundgesetz-wie-eine.png?fit=1024%2C768&ssl=1&resize=525%2C300 1.5x, https:\/\/i0.wp.com\/wir2030.com\/wp-content\/uploads\/2025\/05\/male-einen-menschen-der-einem-polizisten-das-grundgesetz-wie-eine.png?fit=1024%2C768&ssl=1&resize=700%2C400 2x"},"classes":[]}],"_links":{"self":[{"href":"https:\/\/wir2030.com\/fr\/wp-json\/wp\/v2\/posts\/1452","targetHints":{"allow":["GET"]}}],"collection":[{"href":"https:\/\/wir2030.com\/fr\/wp-json\/wp\/v2\/posts"}],"about":[{"href":"https:\/\/wir2030.com\/fr\/wp-json\/wp\/v2\/types\/post"}],"author":[{"embeddable":true,"href":"https:\/\/wir2030.com\/fr\/wp-json\/wp\/v2\/users\/112514394"}],"replies":[{"embeddable":true,"href":"https:\/\/wir2030.com\/fr\/wp-json\/wp\/v2\/comments?post=1452"}],"version-history":[{"count":1,"href":"https:\/\/wir2030.com\/fr\/wp-json\/wp\/v2\/posts\/1452\/revisions"}],"predecessor-version":[{"id":1453,"href":"https:\/\/wir2030.com\/fr\/wp-json\/wp\/v2\/posts\/1452\/revisions\/1453"}],"wp:featuredmedia":[{"embeddable":true,"href":"https:\/\/wir2030.com\/fr\/wp-json\/wp\/v2\/media\/1432"}],"wp:attachment":[{"href":"https:\/\/wir2030.com\/fr\/wp-json\/wp\/v2\/media?parent=1452"}],"wp:term":[{"taxonomy":"category","embeddable":true,"href":"https:\/\/wir2030.com\/fr\/wp-json\/wp\/v2\/categories?post=1452"},{"taxonomy":"post_tag","embeddable":true,"href":"https:\/\/wir2030.com\/fr\/wp-json\/wp\/v2\/tags?post=1452"}],"curies":[{"name":"wp","href":"https:\/\/api.w.org\/{rel}","templated":true}]}}