{"id":846,"date":"2025-05-17T13:30:54","date_gmt":"2025-05-17T10:30:54","guid":{"rendered":"https:\/\/wir2030.com\/2025\/05\/17\/tesis-8-la-vigilancia-digital-borra-la-libertad-no-el-virus\/"},"modified":"2025-05-23T16:11:44","modified_gmt":"2025-05-23T13:11:44","slug":"tesis-8-la-vigilancia-digital-borra-la-libertad-no-el-virus","status":"publish","type":"post","link":"https:\/\/wir2030.com\/es\/2025\/05\/17\/tesis-8-la-vigilancia-digital-borra-la-libertad-no-el-virus\/","title":{"rendered":"Tesis 8: La vigilancia digital borra la libertad, no el virus."},"content":{"rendered":"\n<h3 class=\"wp-block-heading\">Explicaci\u00f3n y justificaci\u00f3n<\/h3>\n\n<p class=\"wp-block-paragraph\">La digitalizaci\u00f3n puede ser una herramienta de liberaci\u00f3n, o de control.<br\/>Puede facilitar la comunicaci\u00f3n, el acceso al conocimiento y la atenci\u00f3n m\u00e9dica, o mutar en el mayor aparato de vigilancia de la historia de la humanidad.<br\/><strong>La diferencia est\u00e1 en el objetivo, y en la intenci\u00f3n que hay detr\u00e1s.<\/strong><\/p>\n\n<p class=\"wp-block-paragraph\">Esta tesis advierte de un grave error: <strong>la ilusi\u00f3n de que puedes renunciar a la libertad para ganar seguridad.<\/strong> En realidad, pierdes ambas.<\/p>\n\n<hr class=\"wp-block-separator has-alpha-channel-opacity\" \/>\n\n<h3 class=\"wp-block-heading\">Lo que empez\u00f3 con el \u201cvirus\u201d &#8230;<\/h3>\n\n<p class=\"wp-block-paragraph\">Con el pretexto del control de las infecciones, se ha introducido en todo el mundo una expansi\u00f3n sin precedentes de los sistemas de control digital:<\/p>\n\n<ul class=\"wp-block-list\">\n<li><strong>C\u00f3digos QR para el control del movimiento<\/strong><\/li>\n\n\n\n<li><strong>Aplicaciones de seguimiento para localizar contactos<\/strong><\/li>\n\n\n\n<li><strong>Los certificados digitales de vacunaci\u00f3n como requisito para acceder a los derechos fundamentales<\/strong><\/li>\n\n\n\n<li><strong>Identificaci\u00f3n sanitaria y almacenamiento centralizado de datos (por ejemplo, expediente electr\u00f3nico del paciente)<\/strong><\/li>\n\n\n\n<li><strong>Puntuaci\u00f3n social por plataformas y proveedores de servicios de pago<\/strong><\/li>\n<\/ul>\n\n<p class=\"wp-block-paragraph\">Estas medidas se anunciaron como \u201ctemporales\u201d, pero <strong>no se retiraron<\/strong>, sino que se <strong>institucionalizaron<\/strong>.<\/p>\n\n<p class=\"wp-block-paragraph\">La pandemia no fue el final de esta vigilancia, sino <strong>su pistoletazo de salida.<\/strong><\/p>\n\n<hr class=\"wp-block-separator has-alpha-channel-opacity\" \/>\n\n<h3 class=\"wp-block-heading\">Por qu\u00e9 es peligrosa la vigilancia digital<\/h3>\n\n<ul class=\"wp-block-list\">\n<li>Ocurre <strong>de forma invisible<\/strong> y <strong>autom\u00e1tica<\/strong>, sin control democr\u00e1tico.<\/li>\n\n\n\n<li>Cambia el comportamiento de las personas, <strong>por miedo a ser marcadas.<\/strong><\/li>\n\n\n\n<li>Puede combinarse con la <strong>inteligencia artificial<\/strong> para reconocer, restringir o castigar las voces cr\u00edticas.<\/li>\n\n\n\n<li>Hace a las personas <strong>transparentes, predecibles y manipulables<\/strong>, ya no libres.<\/li>\n<\/ul>\n\n<p class=\"wp-block-paragraph\">La libertad se basa en la confianza; <strong>la vigilancia destruye esta confianza.<\/strong><\/p>\n\n<hr class=\"wp-block-separator has-alpha-channel-opacity\" \/>\n\n<h3 class=\"wp-block-heading\">La falsa l\u00f3gica del miedo<\/h3>\n\n<p class=\"wp-block-paragraph\">En lugar de reforzar la asistencia sanitaria real, la educaci\u00f3n y la resiliencia social, la tecnolog\u00eda se vendi\u00f3 como una panacea:<\/p>\n\n<blockquote class=\"wp-block-quote is-layout-flow wp-block-quote-is-layout-flow\">\n<p class=\"wp-block-paragraph\">\u201cSi recogemos suficientes datos, podremos controlar cualquier peligro\u201d.<\/p>\n<\/blockquote>\n\n<p class=\"wp-block-paragraph\">Pero esto es una falacia.<br\/><strong>No se combate un virus con sistemas de control, sino con responsabilidad, inmunidad, confianza y un sistema sanitario que funcione.<\/strong><\/p>\n\n<p class=\"wp-block-paragraph\">La vigilancia digital no combate un virus: <strong>combate el libre pensamiento, la libre circulaci\u00f3n, la libre vida.<\/strong><\/p>\n\n<hr class=\"wp-block-separator has-alpha-channel-opacity\" \/>\n\n<h3 class=\"wp-block-heading\">Nuestra posici\u00f3n<\/h3>\n\n<p class=\"wp-block-paragraph\">We2030 dice: <strong>No a la vigilancia digital total.<\/strong><br\/>No al c\u00f3digo QR como billete de entrada a la sociedad.<br\/>No a las identificaciones sanitarias centralizadas, al control del chat, a los perfiles de movimiento y a la biometr\u00eda obligatoria.<\/p>\n\n<p class=\"wp-block-paragraph\">Porque:<br\/><strong>La vigilancia digital no borra el virus: borra la libertad.<\/strong><\/p>\n\n<p class=\"wp-block-paragraph\">Y sin libertad, no hay salud, ni democracia, ni dignidad humana.<\/p>\n","protected":false},"excerpt":{"rendered":"<p>Explicaci\u00f3n y justificaci\u00f3n La digitalizaci\u00f3n puede ser una herramienta de liberaci\u00f3n, o de control.Puede facilitar la comunicaci\u00f3n, el acceso al conocimiento y la atenci\u00f3n m\u00e9dica, o mutar en el mayor aparato de vigilancia de la historia de la humanidad.La diferencia est\u00e1 en el objetivo, y en la intenci\u00f3n que hay detr\u00e1s. Esta tesis advierte de [&hellip;]<\/p>\n","protected":false},"author":112514394,"featured_media":434,"comment_status":"open","ping_status":"open","sticky":false,"template":"","format":"standard","meta":{"_crdt_document":"","advanced_seo_description":"","jetpack_seo_html_title":"","jetpack_seo_noindex":false,"_jetpack_newsletter_access":"","_jetpack_dont_email_post_to_subs":false,"_jetpack_newsletter_tier_id":0,"_jetpack_memberships_contains_paywalled_content":false,"_jetpack_memberships_contains_paid_content":false,"footnotes":"","jetpack_publicize_message":"","jetpack_publicize_feature_enabled":true,"jetpack_social_post_already_shared":true,"jetpack_social_options":{"image_generator_settings":{"template":"highway","default_image_id":0,"font":"","enabled":false},"version":2},"_wpas_customize_per_network":false,"jetpack_post_was_ever_published":false},"categories":[10096791],"tags":[],"class_list":["post-846","post","type-post","status-publish","format-standard","has-post-thumbnail","hentry","category-espanol"],"jetpack_publicize_connections":[],"jetpack_featured_media_url":"https:\/\/i0.wp.com\/wir2030.com\/wp-content\/uploads\/2025\/05\/image-9.png?fit=1024%2C768&ssl=1","jetpack_likes_enabled":true,"jetpack_sharing_enabled":true,"jetpack_shortlink":"https:\/\/wp.me\/pgv6KY-dE","jetpack-related-posts":[{"id":834,"url":"https:\/\/wir2030.com\/es\/2025\/05\/17\/tesis-6-la-salud-no-se-puede-forzar-es-una-responsabilidad-individual\/","url_meta":{"origin":846,"position":0},"title":"Tesis 6: La salud no se puede forzar, es una responsabilidad individual.","author":"boschimo","date":"17 de mayo de 2025","format":false,"excerpt":"Explicaci\u00f3n y justificaci\u00f3n La salud no es una tarea estatal en el sentido de control, sino una decisi\u00f3n y una responsabilidad personales. Est\u00e1 indisolublemente ligada a la libertad, la autodeterminaci\u00f3n y la confianza. Cada persona es \u00fanica: en su cuerpo, sus experiencias, sus riesgos, su biograf\u00eda. Por tanto, la salud\u2026","rel":"","context":"En \u00abEspanol\u00bb","block_context":{"text":"Espanol","link":"https:\/\/wir2030.com\/es\/category\/espanol\/"},"img":{"alt_text":"","src":"https:\/\/i0.wp.com\/wir2030.com\/wp-content\/uploads\/2025\/05\/create-a-highly-detailed-image-showcasing-the-theme-of-personal.png?fit=1024%2C768&ssl=1&resize=350%2C200","width":350,"height":200,"srcset":"https:\/\/i0.wp.com\/wir2030.com\/wp-content\/uploads\/2025\/05\/create-a-highly-detailed-image-showcasing-the-theme-of-personal.png?fit=1024%2C768&ssl=1&resize=350%2C200 1x, https:\/\/i0.wp.com\/wir2030.com\/wp-content\/uploads\/2025\/05\/create-a-highly-detailed-image-showcasing-the-theme-of-personal.png?fit=1024%2C768&ssl=1&resize=525%2C300 1.5x, https:\/\/i0.wp.com\/wir2030.com\/wp-content\/uploads\/2025\/05\/create-a-highly-detailed-image-showcasing-the-theme-of-personal.png?fit=1024%2C768&ssl=1&resize=700%2C400 2x"},"classes":[]},{"id":1375,"url":"https:\/\/wir2030.com\/es\/2025\/06\/06\/tesis-27-la-libertad-no-es-un-privilegio-sino-un-derecho-de-nacimiento\/","url_meta":{"origin":846,"position":1},"title":"Tesis 27: La libertad no es un privilegio, sino un derecho de nacimiento.","author":"boschimo","date":"6 de junio de 2025","format":false,"excerpt":"Explicaci\u00f3n y justificaci\u00f3n La libertad no es un regalo concedido por el Estado. No es un bono, ni una recompensa por un comportamiento conformista, ni una exenci\u00f3n en tiempos de crisis. La libertad es aquello a lo que una persona tiene derecho desde su nacimiento, no por contrato, sino por\u2026","rel":"","context":"En \u00abEspanol\u00bb","block_context":{"text":"Espanol","link":"https:\/\/wir2030.com\/es\/category\/espanol\/"},"img":{"alt_text":"","src":"https:\/\/i0.wp.com\/wir2030.com\/wp-content\/uploads\/2025\/06\/europaische-menschen-feiern-ihre-freiheit-von-der-tyrannei.png?fit=1024%2C768&ssl=1&resize=350%2C200","width":350,"height":200,"srcset":"https:\/\/i0.wp.com\/wir2030.com\/wp-content\/uploads\/2025\/06\/europaische-menschen-feiern-ihre-freiheit-von-der-tyrannei.png?fit=1024%2C768&ssl=1&resize=350%2C200 1x, https:\/\/i0.wp.com\/wir2030.com\/wp-content\/uploads\/2025\/06\/europaische-menschen-feiern-ihre-freiheit-von-der-tyrannei.png?fit=1024%2C768&ssl=1&resize=525%2C300 1.5x, https:\/\/i0.wp.com\/wir2030.com\/wp-content\/uploads\/2025\/06\/europaische-menschen-feiern-ihre-freiheit-von-der-tyrannei.png?fit=1024%2C768&ssl=1&resize=700%2C400 2x"},"classes":[]},{"id":811,"url":"https:\/\/wir2030.com\/es\/2025\/05\/17\/tesis-1-el-hombre-nace-libre-y-no-pertenece-ni-al-estado-ni-a-las-empresas\/","url_meta":{"origin":846,"position":2},"title":"Tesis 1: El hombre nace libre y no pertenece ni al Estado ni a las empresas.","author":"boschimo","date":"17 de mayo de 2025","format":false,"excerpt":"Explicaci\u00f3n y justificaci\u00f3n Todo ser humano nace como ser libre e independiente, con dignidad inalienable, voluntad propia y derecho natural a la autodeterminaci\u00f3n. Este concepto fundamental de humanidad constituye el punto de partida de todas las consideraciones liberal-democr\u00e1ticas y est\u00e1 profundamente arraigado en los principios de la Ilustraci\u00f3n, los derechos\u2026","rel":"","context":"En \u00abNicht kategorisiert\u00bb","block_context":{"text":"Nicht kategorisiert","link":"https:\/\/wir2030.com\/category\/nicht-kategorisiert\/"},"img":{"alt_text":"","src":"https:\/\/i0.wp.com\/wir2030.com\/wp-content\/uploads\/2025\/05\/chatgpt-image-17.-mai-2025-13_00_24.png?fit=1024%2C1024&ssl=1&resize=350%2C200","width":350,"height":200,"srcset":"https:\/\/i0.wp.com\/wir2030.com\/wp-content\/uploads\/2025\/05\/chatgpt-image-17.-mai-2025-13_00_24.png?fit=1024%2C1024&ssl=1&resize=350%2C200 1x, https:\/\/i0.wp.com\/wir2030.com\/wp-content\/uploads\/2025\/05\/chatgpt-image-17.-mai-2025-13_00_24.png?fit=1024%2C1024&ssl=1&resize=525%2C300 1.5x, https:\/\/i0.wp.com\/wir2030.com\/wp-content\/uploads\/2025\/05\/chatgpt-image-17.-mai-2025-13_00_24.png?fit=1024%2C1024&ssl=1&resize=700%2C400 2x"},"classes":[]},{"id":851,"url":"https:\/\/wir2030.com\/es\/2025\/05\/17\/tesis-7-el-cuerpo-humano-es-inviolable-incluso-en-tiempos-de-crisis\/","url_meta":{"origin":846,"position":3},"title":"Tesis 7: El cuerpo humano es inviolable, incluso en tiempos de crisis.","author":"boschimo","date":"17 de mayo de 2025","format":false,"excerpt":"Explicaci\u00f3n y justificaci\u00f3n El cuerpo humano es la expresi\u00f3n m\u00e1s directa de la libertad y la dignidad individuales.Pertenece \u00fanicamente al individuo, no al Estado, ni a la ciencia, ni a la sociedad, ni a un sistema sanitario global. Esta indisponibilidad no es un privilegio, es un derecho fundamental. Y se\u2026","rel":"","context":"En \u00abEspanol\u00bb","block_context":{"text":"Espanol","link":"https:\/\/wir2030.com\/es\/category\/espanol\/"},"img":{"alt_text":"","src":"https:\/\/i0.wp.com\/wir2030.com\/wp-content\/uploads\/2025\/05\/eine-aufrechte-nackte-menschliche-silhouette-in-licht-gehullt-gegen.png?fit=1024%2C768&ssl=1&resize=350%2C200","width":350,"height":200,"srcset":"https:\/\/i0.wp.com\/wir2030.com\/wp-content\/uploads\/2025\/05\/eine-aufrechte-nackte-menschliche-silhouette-in-licht-gehullt-gegen.png?fit=1024%2C768&ssl=1&resize=350%2C200 1x, https:\/\/i0.wp.com\/wir2030.com\/wp-content\/uploads\/2025\/05\/eine-aufrechte-nackte-menschliche-silhouette-in-licht-gehullt-gegen.png?fit=1024%2C768&ssl=1&resize=525%2C300 1.5x, https:\/\/i0.wp.com\/wir2030.com\/wp-content\/uploads\/2025\/05\/eine-aufrechte-nackte-menschliche-silhouette-in-licht-gehullt-gegen.png?fit=1024%2C768&ssl=1&resize=700%2C400 2x"},"classes":[]},{"id":776,"url":"https:\/\/wir2030.com\/es\/2025\/05\/19\/tesis-51-el-poder-necesita-limitacion-no-libertad\/","url_meta":{"origin":846,"position":4},"title":"Tesis 51: El poder necesita limitaci\u00f3n, no libertad.","author":"boschimo","date":"19 de mayo de 2025","format":false,"excerpt":"Explicaci\u00f3n y justificaci\u00f3n La libertad no es el riesgo, sino el poder.Pero en tiempos de crisis, miedo o incertidumbre, ocurre precisamente lo contrario:De repente, la libertad debe ser restringida, controlada, condicionada, mientras que el poder siempre est\u00e1 reclamando nuevas libertades. Esta tesis invierte la relaci\u00f3n: No es la libertad lo\u2026","rel":"","context":"En \u00abEspanol\u00bb","block_context":{"text":"Espanol","link":"https:\/\/wir2030.com\/es\/category\/espanol\/"},"img":{"alt_text":"","src":"https:\/\/i0.wp.com\/wir2030.com\/wp-content\/uploads\/2025\/05\/image-14.png?fit=1024%2C768&ssl=1&resize=350%2C200","width":350,"height":200,"srcset":"https:\/\/i0.wp.com\/wir2030.com\/wp-content\/uploads\/2025\/05\/image-14.png?fit=1024%2C768&ssl=1&resize=350%2C200 1x, https:\/\/i0.wp.com\/wir2030.com\/wp-content\/uploads\/2025\/05\/image-14.png?fit=1024%2C768&ssl=1&resize=525%2C300 1.5x, https:\/\/i0.wp.com\/wir2030.com\/wp-content\/uploads\/2025\/05\/image-14.png?fit=1024%2C768&ssl=1&resize=700%2C400 2x"},"classes":[]},{"id":1379,"url":"https:\/\/wir2030.com\/es\/2025\/06\/04\/tesis-87-el-control-no-genera-confianza\/","url_meta":{"origin":846,"position":5},"title":"Tesis 87: El control no genera confianza.","author":"boschimo","date":"4 de junio de 2025","format":false,"excerpt":"Explicaci\u00f3n y justificaci\u00f3n La confianza es un bien vivo. No la crean las normas, las c\u00e1maras ni la coacci\u00f3n.La confianza es una oferta, no una orden. Prospera en el espacio de libertad y se ahoga bajo el peso de la vigilancia. Pero el mundo moderno parece haber olvidado este principio.En\u2026","rel":"","context":"En \u00abEspanol\u00bb","block_context":{"text":"Espanol","link":"https:\/\/wir2030.com\/es\/category\/espanol\/"},"img":{"alt_text":"","src":"https:\/\/i0.wp.com\/wir2030.com\/wp-content\/uploads\/2025\/05\/image-34.png?fit=1024%2C768&ssl=1&resize=350%2C200","width":350,"height":200,"srcset":"https:\/\/i0.wp.com\/wir2030.com\/wp-content\/uploads\/2025\/05\/image-34.png?fit=1024%2C768&ssl=1&resize=350%2C200 1x, https:\/\/i0.wp.com\/wir2030.com\/wp-content\/uploads\/2025\/05\/image-34.png?fit=1024%2C768&ssl=1&resize=525%2C300 1.5x, https:\/\/i0.wp.com\/wir2030.com\/wp-content\/uploads\/2025\/05\/image-34.png?fit=1024%2C768&ssl=1&resize=700%2C400 2x"},"classes":[]}],"_links":{"self":[{"href":"https:\/\/wir2030.com\/es\/wp-json\/wp\/v2\/posts\/846","targetHints":{"allow":["GET"]}}],"collection":[{"href":"https:\/\/wir2030.com\/es\/wp-json\/wp\/v2\/posts"}],"about":[{"href":"https:\/\/wir2030.com\/es\/wp-json\/wp\/v2\/types\/post"}],"author":[{"embeddable":true,"href":"https:\/\/wir2030.com\/es\/wp-json\/wp\/v2\/users\/112514394"}],"replies":[{"embeddable":true,"href":"https:\/\/wir2030.com\/es\/wp-json\/wp\/v2\/comments?post=846"}],"version-history":[{"count":1,"href":"https:\/\/wir2030.com\/es\/wp-json\/wp\/v2\/posts\/846\/revisions"}],"predecessor-version":[{"id":848,"href":"https:\/\/wir2030.com\/es\/wp-json\/wp\/v2\/posts\/846\/revisions\/848"}],"wp:featuredmedia":[{"embeddable":true,"href":"https:\/\/wir2030.com\/es\/wp-json\/wp\/v2\/media\/434"}],"wp:attachment":[{"href":"https:\/\/wir2030.com\/es\/wp-json\/wp\/v2\/media?parent=846"}],"wp:term":[{"taxonomy":"category","embeddable":true,"href":"https:\/\/wir2030.com\/es\/wp-json\/wp\/v2\/categories?post=846"},{"taxonomy":"post_tag","embeddable":true,"href":"https:\/\/wir2030.com\/es\/wp-json\/wp\/v2\/tags?post=846"}],"curies":[{"name":"wp","href":"https:\/\/api.w.org\/{rel}","templated":true}]}}