{"id":834,"date":"2025-05-17T13:25:28","date_gmt":"2025-05-17T10:25:28","guid":{"rendered":"https:\/\/wir2030.com\/2025\/05\/17\/tesis-6-la-salud-no-se-puede-forzar-es-una-responsabilidad-individual\/"},"modified":"2025-05-23T16:11:44","modified_gmt":"2025-05-23T13:11:44","slug":"tesis-6-la-salud-no-se-puede-forzar-es-una-responsabilidad-individual","status":"publish","type":"post","link":"https:\/\/wir2030.com\/es\/2025\/05\/17\/tesis-6-la-salud-no-se-puede-forzar-es-una-responsabilidad-individual\/","title":{"rendered":"Tesis 6: La salud no se puede forzar, es una responsabilidad individual."},"content":{"rendered":"\n<h3 class=\"wp-block-heading\">Explicaci\u00f3n y justificaci\u00f3n<\/h3>\n\n<p class=\"wp-block-paragraph\">La salud no es una tarea estatal en el sentido de control, sino una <strong>decisi\u00f3n y una responsabilidad personales<\/strong>. Est\u00e1 indisolublemente ligada a la libertad, la autodeterminaci\u00f3n y la confianza. Cada persona es \u00fanica: en su cuerpo, sus experiencias, sus riesgos, su biograf\u00eda.  <br\/><strong>Por tanto, la salud no puede planificarse centralmente ni crearse por la fuerza.<\/strong><\/p>\n\n<p class=\"wp-block-paragraph\">Y, sin embargo, actualmente estamos experimentando c\u00f3mo, con el pretexto de la protecci\u00f3n de la salud, se ejerce cada vez m\u00e1s vigilancia, paternalismo e incapacitaci\u00f3n, sobre todo mediante la introducci\u00f3n del <strong>historial electr\u00f3nico del paciente (EPR<\/strong>).<\/p>\n\n<hr class=\"wp-block-separator has-alpha-channel-opacity\" \/>\n\n<h3 class=\"wp-block-heading\">El verdadero significado de la salud<\/h3>\n\n<p class=\"wp-block-paragraph\">La salud no se crea por orden, sino por:<\/p>\n\n<ul class=\"wp-block-list\">\n<li>dieta sana y ejercicio,<\/li>\n\n\n\n<li>estabilidad mental y relaciones sociales,<\/li>\n\n\n\n<li>decisiones de libre terapia y responsabilidad personal.<\/li>\n<\/ul>\n\n<p class=\"wp-block-paragraph\"><strong>Ninguna ley, ning\u00fan sistema ni ning\u00fan expediente pueden sustituirlo.<\/strong><\/p>\n\n<p class=\"wp-block-paragraph\">El Estado puede hacer recomendaciones, facilitar el acceso a la informaci\u00f3n, apoyar a las profesiones m\u00e9dicas, <strong>pero no debe instrumentalizar el cuerpo, los pensamientos o las decisiones del individuo<\/strong>.<\/p>\n\n<hr class=\"wp-block-separator has-alpha-channel-opacity\" \/>\n\n<h3 class=\"wp-block-heading\">\u00bfQu\u00e9 ocurre cuando el Estado quiere imponer la sanidad?<\/h3>\n\n<ul class=\"wp-block-list\">\n<li>Las obligaciones de vacunaci\u00f3n, los tratamientos obligatorios, los requisitos de m\u00e1scaras o pruebas desempoderan al individuo.<\/li>\n\n\n\n<li>Ignoran la individualidad m\u00e9dica y destruyen la confianza en las relaciones m\u00e9dico-paciente.<\/li>\n\n\n\n<li>Se estigmatiza o margina a las personas que deciden lo contrario por buenas razones.<\/li>\n<\/ul>\n\n<p class=\"wp-block-paragraph\"><strong>La coacci\u00f3n no genera confianza, sino resistencia, miedo y da\u00f1os psicol\u00f3gicos a largo plazo.<\/strong><\/p>\n\n<hr class=\"wp-block-separator has-alpha-channel-opacity\" \/>\n\n<h3 class=\"wp-block-heading\">El peligro digital: el expediente electr\u00f3nico del paciente (ePA)<\/h3>\n\n<p class=\"wp-block-paragraph\">La introducci\u00f3n de la ePA se vende como un progreso, pero es un ataque masivo a la intimidad, la libertad terap\u00e9utica y la confidencialidad m\u00e9dica.<\/p>\n\n<h4 class=\"wp-block-heading\">\u00bfPor qu\u00e9 es peligrosa la ePA?<\/h4>\n\n<ul class=\"wp-block-list\">\n<li><strong>La centralizaci\u00f3n de los datos sanitarios sensibles<\/strong> hace que los ciudadanos sean transparentes: para las compa\u00f1\u00edas de seguros m\u00e9dicos, las autoridades, la industria farmac\u00e9utica y las empresas tecnol\u00f3gicas.<\/li>\n\n\n\n<li><strong>Los derechos de acceso de terceros<\/strong> (incluso sin consentimiento informado) socavan el secreto m\u00e9dico.<\/li>\n\n\n\n<li><strong>Se suprime de hecho la voluntariedad<\/strong>: toda persona que no se oponga activamente queda autom\u00e1ticamente registrada.<\/li>\n\n\n\n<li>Los datos pueden utilizarse contra las personas: para la categorizaci\u00f3n arancelaria, la medicaci\u00f3n obligatoria, el control social o, en el peor de los casos, para <strong>eliminar las voces cr\u00edticas<\/strong>.<\/li>\n\n\n\n<li>En la <strong>dictadura de la salud digital<\/strong>, la salud se est\u00e1 convirtiendo en una mercanc\u00eda de datos, y las personas en un recurso explotable.<\/li>\n<\/ul>\n\n<hr class=\"wp-block-separator has-alpha-channel-opacity\" \/>\n\n<h3 class=\"wp-block-heading\">Nuestra comprensi\u00f3n de la salud<\/h3>\n\n<p class=\"wp-block-paragraph\">We2030 significa:<\/p>\n\n<ul class=\"wp-block-list\">\n<li>Educaci\u00f3n en lugar de paternalismo<\/li>\n\n\n\n<li>Responsabilidad personal en lugar de vigilancia<\/li>\n\n\n\n<li>Libertad terap\u00e9utica en lugar de normalizaci\u00f3n<\/li>\n\n\n\n<li>Protecci\u00f3n de datos en lugar de cobertura total<\/li>\n<\/ul>\n\n<p class=\"wp-block-paragraph\"><strong>La salud pertenece a las personas, no al Estado.<\/strong><\/p>\n\n<hr class=\"wp-block-separator has-alpha-channel-opacity\" \/>\n\n<h3 class=\"wp-block-heading\">Nuestra posici\u00f3n<\/h3>\n\n<p class=\"wp-block-paragraph\">La salud es un \u00e1mbito de la vida sensible y profundamente personal. Cualquiera que ejerza coacci\u00f3n en este \u00e1mbito -ya sea f\u00edsica, psicol\u00f3gica o digital- est\u00e1 cruzando una l\u00ednea roja. <\/p>\n\n<p class=\"wp-block-paragraph\"><strong>Por eso decimos no a las historias cl\u00ednicas electr\u00f3nicas sin consentimiento expl\u00edcito.<\/strong><br\/><strong>No a la estandarizaci\u00f3n m\u00e9dica.<\/strong><br\/><strong>No a la dictadura de la sanidad digital.<\/strong><\/p>\n\n<p class=\"wp-block-paragraph\">Porque:<br\/><strong>La salud no se puede forzar, es una responsabilidad individual.<\/strong><\/p>\n","protected":false},"excerpt":{"rendered":"<p>Explicaci\u00f3n y justificaci\u00f3n La salud no es una tarea estatal en el sentido de control, sino una decisi\u00f3n y una responsabilidad personales. Est\u00e1 indisolublemente ligada a la libertad, la autodeterminaci\u00f3n y la confianza. Cada persona es \u00fanica: en su cuerpo, sus experiencias, sus riesgos, su biograf\u00eda. Por tanto, la salud no puede planificarse centralmente ni [&hellip;]<\/p>\n","protected":false},"author":112514394,"featured_media":419,"comment_status":"open","ping_status":"open","sticky":false,"template":"","format":"standard","meta":{"_crdt_document":"","advanced_seo_description":"","jetpack_seo_html_title":"","jetpack_seo_noindex":false,"_jetpack_newsletter_access":"","_jetpack_dont_email_post_to_subs":false,"_jetpack_newsletter_tier_id":0,"_jetpack_memberships_contains_paywalled_content":false,"_jetpack_memberships_contains_paid_content":false,"footnotes":"","jetpack_publicize_message":"","jetpack_publicize_feature_enabled":true,"jetpack_social_post_already_shared":true,"jetpack_social_options":{"image_generator_settings":{"template":"highway","default_image_id":0,"font":"","enabled":false},"version":2},"_wpas_customize_per_network":false,"jetpack_post_was_ever_published":false},"categories":[10096791],"tags":[],"class_list":["post-834","post","type-post","status-publish","format-standard","has-post-thumbnail","hentry","category-espanol"],"jetpack_publicize_connections":[],"jetpack_featured_media_url":"https:\/\/i0.wp.com\/wir2030.com\/wp-content\/uploads\/2025\/05\/create-a-highly-detailed-image-showcasing-the-theme-of-personal.png?fit=1024%2C768&ssl=1","jetpack_likes_enabled":true,"jetpack_sharing_enabled":true,"jetpack_shortlink":"https:\/\/wp.me\/pgv6KY-ds","jetpack-related-posts":[{"id":697,"url":"https:\/\/wir2030.com\/es\/2025\/05\/24\/tesis-62-la-industria-farmaceutica-no-debe-dictar-la-politica-mundial\/","url_meta":{"origin":834,"position":0},"title":"Tesis 62: La industria farmac\u00e9utica no debe dictar la pol\u00edtica mundial.","author":"boschimo","date":"24 de mayo de 2025","format":false,"excerpt":"Explicaci\u00f3n y justificaci\u00f3n La investigaci\u00f3n farmac\u00e9utica y la atenci\u00f3n m\u00e9dica pueden salvar vidas. Sin embargo, no lo hacen por el bien de la humanidad, sino como parte de un modelo de negocio: un sector muy rentable y activo en todo el mundo cuyo objetivo principal no es la salud, sino\u2026","rel":"","context":"En \u00abEspanol\u00bb","block_context":{"text":"Espanol","link":"https:\/\/wir2030.com\/es\/category\/espanol\/"},"img":{"alt_text":"","src":"https:\/\/i0.wp.com\/wir2030.com\/wp-content\/uploads\/2025\/05\/zeichne-ein-parlament-in-dem-spritzen-medikamente-und-pillen-auf.png?fit=1024%2C768&ssl=1&resize=350%2C200","width":350,"height":200,"srcset":"https:\/\/i0.wp.com\/wir2030.com\/wp-content\/uploads\/2025\/05\/zeichne-ein-parlament-in-dem-spritzen-medikamente-und-pillen-auf.png?fit=1024%2C768&ssl=1&resize=350%2C200 1x, https:\/\/i0.wp.com\/wir2030.com\/wp-content\/uploads\/2025\/05\/zeichne-ein-parlament-in-dem-spritzen-medikamente-und-pillen-auf.png?fit=1024%2C768&ssl=1&resize=525%2C300 1.5x, https:\/\/i0.wp.com\/wir2030.com\/wp-content\/uploads\/2025\/05\/zeichne-ein-parlament-in-dem-spritzen-medikamente-und-pillen-auf.png?fit=1024%2C768&ssl=1&resize=700%2C400 2x"},"classes":[]},{"id":757,"url":"https:\/\/wir2030.com\/es\/2025\/05\/20\/tesis-89-si-el-estado-lo-controla-todo-no-hay-lugar-para-la-responsabilidad\/","url_meta":{"origin":834,"position":1},"title":"Tesis 89: Si el Estado lo controla todo, no hay lugar para la responsabilidad.","author":"boschimo","date":"20 de mayo de 2025","format":false,"excerpt":"Explicaci\u00f3n y justificaci\u00f3nLa responsabilidad comienza donde se concede la libertad.S\u00f3lo aquellos a los que se permite decidir pueden tambi\u00e9n ser responsables.Pero si el Estado regula, controla, sanciona y prescribe cada detalle,priva a las personas de la oportunidad de ser responsables en absoluto. C\u00f3mo ocurre La salud se gestiona en lugar\u2026","rel":"","context":"En \u00abEspanol\u00bb","block_context":{"text":"Espanol","link":"https:\/\/wir2030.com\/es\/category\/espanol\/"},"img":{"alt_text":"","src":"https:\/\/i0.wp.com\/wir2030.com\/wp-content\/uploads\/2025\/05\/ein-mensch-verirrt-im-paragraphen-dschungel.png?fit=1024%2C768&ssl=1&resize=350%2C200","width":350,"height":200,"srcset":"https:\/\/i0.wp.com\/wir2030.com\/wp-content\/uploads\/2025\/05\/ein-mensch-verirrt-im-paragraphen-dschungel.png?fit=1024%2C768&ssl=1&resize=350%2C200 1x, https:\/\/i0.wp.com\/wir2030.com\/wp-content\/uploads\/2025\/05\/ein-mensch-verirrt-im-paragraphen-dschungel.png?fit=1024%2C768&ssl=1&resize=525%2C300 1.5x, https:\/\/i0.wp.com\/wir2030.com\/wp-content\/uploads\/2025\/05\/ein-mensch-verirrt-im-paragraphen-dschungel.png?fit=1024%2C768&ssl=1&resize=700%2C400 2x"},"classes":[]},{"id":1275,"url":"https:\/\/wir2030.com\/es\/2025\/05\/30\/tesis-32-la-dignidad-humana-tambien-se-aplica-en-estado-de-excepcion\/","url_meta":{"origin":834,"position":2},"title":"Tesis 32: La dignidad humana tambi\u00e9n se aplica en estado de excepci\u00f3n.","author":"boschimo","date":"30 de mayo de 2025","format":false,"excerpt":"Explicaci\u00f3n y justificaci\u00f3n La dignidad humana es inviolable.As\u00ed se afirma en el Art\u00edculo 1 (1) de la Ley Fundamental -y esta frase no es un adorno, ni una cita para discursos conmemorativos, ni un principio cualquiera-.Es absoluta.No se aplica condicionalmente, ni dependiendo de situaciones pol\u00edticas, ni s\u00f3lo en tiempos de\u2026","rel":"","context":"En \u00abEspanol\u00bb","block_context":{"text":"Espanol","link":"https:\/\/wir2030.com\/es\/category\/espanol\/"},"img":{"alt_text":"","src":"https:\/\/i0.wp.com\/wir2030.com\/wp-content\/uploads\/2025\/05\/male-gluckliche-europaische-menschen.png?fit=1024%2C768&ssl=1&resize=350%2C200","width":350,"height":200,"srcset":"https:\/\/i0.wp.com\/wir2030.com\/wp-content\/uploads\/2025\/05\/male-gluckliche-europaische-menschen.png?fit=1024%2C768&ssl=1&resize=350%2C200 1x, https:\/\/i0.wp.com\/wir2030.com\/wp-content\/uploads\/2025\/05\/male-gluckliche-europaische-menschen.png?fit=1024%2C768&ssl=1&resize=525%2C300 1.5x, https:\/\/i0.wp.com\/wir2030.com\/wp-content\/uploads\/2025\/05\/male-gluckliche-europaische-menschen.png?fit=1024%2C768&ssl=1&resize=700%2C400 2x"},"classes":[]},{"id":1379,"url":"https:\/\/wir2030.com\/es\/2025\/06\/04\/tesis-87-el-control-no-genera-confianza\/","url_meta":{"origin":834,"position":3},"title":"Tesis 87: El control no genera confianza.","author":"boschimo","date":"4 de junio de 2025","format":false,"excerpt":"Explicaci\u00f3n y justificaci\u00f3n La confianza es un bien vivo. No la crean las normas, las c\u00e1maras ni la coacci\u00f3n.La confianza es una oferta, no una orden. Prospera en el espacio de libertad y se ahoga bajo el peso de la vigilancia. Pero el mundo moderno parece haber olvidado este principio.En\u2026","rel":"","context":"En \u00abEspanol\u00bb","block_context":{"text":"Espanol","link":"https:\/\/wir2030.com\/es\/category\/espanol\/"},"img":{"alt_text":"","src":"https:\/\/i0.wp.com\/wir2030.com\/wp-content\/uploads\/2025\/05\/image-34.png?fit=1024%2C768&ssl=1&resize=350%2C200","width":350,"height":200,"srcset":"https:\/\/i0.wp.com\/wir2030.com\/wp-content\/uploads\/2025\/05\/image-34.png?fit=1024%2C768&ssl=1&resize=350%2C200 1x, https:\/\/i0.wp.com\/wir2030.com\/wp-content\/uploads\/2025\/05\/image-34.png?fit=1024%2C768&ssl=1&resize=525%2C300 1.5x, https:\/\/i0.wp.com\/wir2030.com\/wp-content\/uploads\/2025\/05\/image-34.png?fit=1024%2C768&ssl=1&resize=700%2C400 2x"},"classes":[]},{"id":1142,"url":"https:\/\/wir2030.com\/es\/2025\/05\/27\/tesis-44-creer-en-las-instituciones-no-sustituye-a-la-responsabilidad-personal\/","url_meta":{"origin":834,"position":4},"title":"Tesis 44: Creer en las instituciones no sustituye a la responsabilidad personal.","author":"boschimo","date":"27 de mayo de 2025","format":false,"excerpt":"Explicaci\u00f3n y justificaci\u00f3n Las instituciones se crean para las personas, no al rev\u00e9s.Pero en tiempos de crisis, solemos experimentar lo contrario:En lugar de pensar, examinar y actuar de forma independiente, muchas personas se aferran a las autoridades, los consejos de expertos y las organizaciones supranacionales como si fueran una verdad\u2026","rel":"","context":"En \u00abEspanol\u00bb","block_context":{"text":"Espanol","link":"https:\/\/wir2030.com\/es\/category\/espanol\/"},"img":{"alt_text":"","src":"https:\/\/i0.wp.com\/wir2030.com\/wp-content\/uploads\/2025\/05\/male-einen-menschen-der-einem-polizisten-das-grundgesetz-wie-eine.png?fit=1024%2C768&ssl=1&resize=350%2C200","width":350,"height":200,"srcset":"https:\/\/i0.wp.com\/wir2030.com\/wp-content\/uploads\/2025\/05\/male-einen-menschen-der-einem-polizisten-das-grundgesetz-wie-eine.png?fit=1024%2C768&ssl=1&resize=350%2C200 1x, https:\/\/i0.wp.com\/wir2030.com\/wp-content\/uploads\/2025\/05\/male-einen-menschen-der-einem-polizisten-das-grundgesetz-wie-eine.png?fit=1024%2C768&ssl=1&resize=525%2C300 1.5x, https:\/\/i0.wp.com\/wir2030.com\/wp-content\/uploads\/2025\/05\/male-einen-menschen-der-einem-polizisten-das-grundgesetz-wie-eine.png?fit=1024%2C768&ssl=1&resize=700%2C400 2x"},"classes":[]},{"id":846,"url":"https:\/\/wir2030.com\/es\/2025\/05\/17\/tesis-8-la-vigilancia-digital-borra-la-libertad-no-el-virus\/","url_meta":{"origin":834,"position":5},"title":"Tesis 8: La vigilancia digital borra la libertad, no el virus.","author":"boschimo","date":"17 de mayo de 2025","format":false,"excerpt":"Explicaci\u00f3n y justificaci\u00f3n La digitalizaci\u00f3n puede ser una herramienta de liberaci\u00f3n, o de control.Puede facilitar la comunicaci\u00f3n, el acceso al conocimiento y la atenci\u00f3n m\u00e9dica, o mutar en el mayor aparato de vigilancia de la historia de la humanidad.La diferencia est\u00e1 en el objetivo, y en la intenci\u00f3n que hay\u2026","rel":"","context":"En \u00abEspanol\u00bb","block_context":{"text":"Espanol","link":"https:\/\/wir2030.com\/es\/category\/espanol\/"},"img":{"alt_text":"","src":"https:\/\/i0.wp.com\/wir2030.com\/wp-content\/uploads\/2025\/05\/image-9.png?fit=1024%2C768&ssl=1&resize=350%2C200","width":350,"height":200,"srcset":"https:\/\/i0.wp.com\/wir2030.com\/wp-content\/uploads\/2025\/05\/image-9.png?fit=1024%2C768&ssl=1&resize=350%2C200 1x, https:\/\/i0.wp.com\/wir2030.com\/wp-content\/uploads\/2025\/05\/image-9.png?fit=1024%2C768&ssl=1&resize=525%2C300 1.5x, https:\/\/i0.wp.com\/wir2030.com\/wp-content\/uploads\/2025\/05\/image-9.png?fit=1024%2C768&ssl=1&resize=700%2C400 2x"},"classes":[]}],"_links":{"self":[{"href":"https:\/\/wir2030.com\/es\/wp-json\/wp\/v2\/posts\/834","targetHints":{"allow":["GET"]}}],"collection":[{"href":"https:\/\/wir2030.com\/es\/wp-json\/wp\/v2\/posts"}],"about":[{"href":"https:\/\/wir2030.com\/es\/wp-json\/wp\/v2\/types\/post"}],"author":[{"embeddable":true,"href":"https:\/\/wir2030.com\/es\/wp-json\/wp\/v2\/users\/112514394"}],"replies":[{"embeddable":true,"href":"https:\/\/wir2030.com\/es\/wp-json\/wp\/v2\/comments?post=834"}],"version-history":[{"count":1,"href":"https:\/\/wir2030.com\/es\/wp-json\/wp\/v2\/posts\/834\/revisions"}],"predecessor-version":[{"id":836,"href":"https:\/\/wir2030.com\/es\/wp-json\/wp\/v2\/posts\/834\/revisions\/836"}],"wp:featuredmedia":[{"embeddable":true,"href":"https:\/\/wir2030.com\/es\/wp-json\/wp\/v2\/media\/419"}],"wp:attachment":[{"href":"https:\/\/wir2030.com\/es\/wp-json\/wp\/v2\/media?parent=834"}],"wp:term":[{"taxonomy":"category","embeddable":true,"href":"https:\/\/wir2030.com\/es\/wp-json\/wp\/v2\/categories?post=834"},{"taxonomy":"post_tag","embeddable":true,"href":"https:\/\/wir2030.com\/es\/wp-json\/wp\/v2\/tags?post=834"}],"curies":[{"name":"wp","href":"https:\/\/api.w.org\/{rel}","templated":true}]}}