{"id":822,"date":"2025-05-17T13:17:58","date_gmt":"2025-05-17T10:17:58","guid":{"rendered":"https:\/\/wir2030.com\/2025\/05\/17\/tesis-4-la-coaccion-no-es-proteccion-sino-violencia\/"},"modified":"2025-05-23T16:11:45","modified_gmt":"2025-05-23T13:11:45","slug":"tesis-4-la-coaccion-no-es-proteccion-sino-violencia","status":"publish","type":"post","link":"https:\/\/wir2030.com\/es\/2025\/05\/17\/tesis-4-la-coaccion-no-es-proteccion-sino-violencia\/","title":{"rendered":"Tesis 4: La coacci\u00f3n no es protecci\u00f3n, sino violencia."},"content":{"rendered":"\n<h3 class=\"wp-block-heading\">Explicaci\u00f3n y justificaci\u00f3n<\/h3>\n\n<p class=\"wp-block-paragraph\">En las sociedades modernas, la acci\u00f3n estatal o institucional se legitima a menudo con el t\u00e9rmino \u201cprotecci\u00f3n\u201d. Se habla de \u201cproteger la salud\u201d, \u201cproteger la democracia\u201d, \u201cproteger el orden p\u00fablico\u201d. Pero, \u00bfy si esta \u201cprotecci\u00f3n\u201d no se basa en la educaci\u00f3n, la participaci\u00f3n y la libertad, sino en la coacci\u00f3n?<\/p>\n\n<p class=\"wp-block-paragraph\"><strong>Obligaci\u00f3n<\/strong> significa que la gente no tiene elecci\u00f3n. Se le obliga a hacer algo contra su voluntad, ya sea mediante leyes, castigos, ostracismo social o violencia f\u00edsica. Pierde el control sobre su cuerpo, su opini\u00f3n, sus decisiones.<br\/><strong>Eso es por definici\u00f3n: violencia.<\/strong><\/p>\n\n<h3 class=\"wp-block-heading\">La peligrosa reinterpretaci\u00f3n<\/h3>\n\n<p class=\"wp-block-paragraph\">Es un truco ling\u00fc\u00edstico peligroso reinterpretar la coacci\u00f3n como cuidado. Esto legitima la violencia, ya no como excepci\u00f3n, sino como supuesto deber. Los que \u201cprotegen compulsivamente\u201d no protegen: gobiernan. Y cualquiera que se resista a esta \u201cprotecci\u00f3n\u201d es criminalizado, patologizado o devaluado moralmente.<\/p>\n\n<p class=\"wp-block-paragraph\">Ejemplos del pasado reciente:<\/p>\n\n<ul class=\"wp-block-list\">\n<li>Vacunaci\u00f3n obligatoria con el pretexto del bien com\u00fan, aunque la libertad m\u00e9dica es un derecho fundamental.<\/li>\n\n\n\n<li>Prohibici\u00f3n de opiniones con el pretexto de \u201cprotecci\u00f3n contra la desinformaci\u00f3n\u201d.<\/li>\n\n\n\n<li>Prohibiciones de circulaci\u00f3n u ocupaci\u00f3n por motivos de \u201cprotecci\u00f3n frente a infecciones\u201d.<\/li>\n\n\n\n<li>Medidas obligatorias en escuelas, cl\u00ednicas y lugares de trabajo sin evaluaci\u00f3n individual de riesgos.<\/li>\n<\/ul>\n\n<p class=\"wp-block-paragraph\">Estas medidas no se vendieron como violencia, sino como \u201cnecesarias\u201d, y sin embargo han privado de derechos, dividido y traumatizado a la gente.<\/p>\n\n<h3 class=\"wp-block-heading\">Principios jur\u00eddicos y \u00e9ticos<\/h3>\n\n<ul class=\"wp-block-list\">\n<li>La <strong>Declaraci\u00f3n Universal de Derechos Humanos<\/strong> garantiza el derecho a la integridad f\u00edsica, la libertad de expresi\u00f3n y la libertad de elecci\u00f3n.<\/li>\n\n\n\n<li>La <strong>Ley Fundamental alemana<\/strong> declara la dignidad humana como norma suprema: la coacci\u00f3n contradice esta dignidad si no se utiliza en el contexto de una aut\u00e9ntica leg\u00edtima defensa.<\/li>\n\n\n\n<li>En <strong>\u00e9tica m\u00e9dica<\/strong>, se aplica el principio del <em>consentimiento informado<\/em>: no se puede obligar a nadie a someterse a una intervenci\u00f3n.<\/li>\n<\/ul>\n\n<p class=\"wp-block-paragraph\">Por tanto, la coacci\u00f3n no s\u00f3lo contradice los principios \u00e9ticos, sino que destruye la confianza, la responsabilidad personal y la coherencia social.<\/p>\n\n<h3 class=\"wp-block-heading\">Qu\u00e9 significa protecci\u00f3n real<\/h3>\n\n<p class=\"wp-block-paragraph\">La verdadera protecci\u00f3n se basa en:<\/p>\n\n<ul class=\"wp-block-list\">\n<li>Aclaraciones en lugar de amenazas<\/li>\n\n\n\n<li>Voluntariedad en lugar de obligaci\u00f3n<\/li>\n\n\n\n<li>Respeto en lugar de paternalismo<\/li>\n\n\n\n<li>Di\u00e1logo en lugar de control<\/li>\n<\/ul>\n\n<p class=\"wp-block-paragraph\"><strong>S\u00f3lo quien puede decidir libremente puede vivir con verdadera seguridad.<\/strong><\/p>\n\n<h3 class=\"wp-block-heading\">Nuestra posici\u00f3n<\/h3>\n\n<p class=\"wp-block-paragraph\">Nosotros2030 defiende una sociedad en la que las personas sean tratadas como seres responsables, no como objetos de control estatal o de omnipotencia terap\u00e9utica.<br\/>La coacci\u00f3n destruye la confianza.<br\/>La coacci\u00f3n destruye la comunidad.<br\/>La coacci\u00f3n destruye la libertad.<\/p>\n\n<p class=\"wp-block-paragraph\"><strong>La coacci\u00f3n no es atenci\u00f3n: la coacci\u00f3n es violencia.<\/strong><\/p>\n","protected":false},"excerpt":{"rendered":"<p>Explicaci\u00f3n y justificaci\u00f3n En las sociedades modernas, la acci\u00f3n estatal o institucional se legitima a menudo con el t\u00e9rmino \u201cprotecci\u00f3n\u201d. Se habla de \u201cproteger la salud\u201d, \u201cproteger la democracia\u201d, \u201cproteger el orden p\u00fablico\u201d. Pero, \u00bfy si esta \u201cprotecci\u00f3n\u201d no se basa en la educaci\u00f3n, la participaci\u00f3n y la libertad, sino en la coacci\u00f3n? Obligaci\u00f3n significa [&hellip;]<\/p>\n","protected":false},"author":112514394,"featured_media":404,"comment_status":"open","ping_status":"open","sticky":false,"template":"","format":"standard","meta":{"_crdt_document":"","advanced_seo_description":"","jetpack_seo_html_title":"","jetpack_seo_noindex":false,"_jetpack_newsletter_access":"","_jetpack_dont_email_post_to_subs":false,"_jetpack_newsletter_tier_id":0,"_jetpack_memberships_contains_paywalled_content":false,"_jetpack_memberships_contains_paid_content":false,"footnotes":"","jetpack_publicize_message":"","jetpack_publicize_feature_enabled":true,"jetpack_social_post_already_shared":true,"jetpack_social_options":{"image_generator_settings":{"template":"highway","default_image_id":0,"font":"","enabled":false},"version":2},"_wpas_customize_per_network":false,"jetpack_post_was_ever_published":false},"categories":[10096791],"tags":[],"class_list":["post-822","post","type-post","status-publish","format-standard","has-post-thumbnail","hentry","category-espanol"],"jetpack_publicize_connections":[],"jetpack_featured_media_url":"https:\/\/i0.wp.com\/wir2030.com\/wp-content\/uploads\/2025\/05\/image-5.png?fit=1024%2C768&ssl=1","jetpack_likes_enabled":true,"jetpack_sharing_enabled":true,"jetpack_shortlink":"https:\/\/wp.me\/pgv6KY-dg","jetpack-related-posts":[{"id":873,"url":"https:\/\/wir2030.com\/es\/2025\/05\/18\/tesis-95-la-violencia-no-debe-emanar-nunca-mas-del-estado-solo-del-pueblo\/","url_meta":{"origin":822,"position":0},"title":"Tesis 95: La violencia no debe emanar nunca m\u00e1s del Estado, s\u00f3lo del pueblo.","author":"boschimo","date":"18 de mayo de 2025","format":false,"excerpt":"Explicaci\u00f3n y justificaci\u00f3n La historia de la humanidad es tambi\u00e9n la historia de la violencia, y de su monopolizaci\u00f3n.Durante siglos, los Estados se han apropiado del monopolio exclusivo del uso de la fuerza alegando que quer\u00edan garantizar el orden, la seguridad y la estabilidad.Pero, en realidad, se ha abusado una\u2026","rel":"","context":"En \u00abEspanol\u00bb","block_context":{"text":"Espanol","link":"https:\/\/wir2030.com\/es\/category\/espanol\/"},"img":{"alt_text":"","src":"https:\/\/i0.wp.com\/wir2030.com\/wp-content\/uploads\/2025\/05\/image-12.png?fit=1024%2C768&ssl=1&resize=350%2C200","width":350,"height":200,"srcset":"https:\/\/i0.wp.com\/wir2030.com\/wp-content\/uploads\/2025\/05\/image-12.png?fit=1024%2C768&ssl=1&resize=350%2C200 1x, https:\/\/i0.wp.com\/wir2030.com\/wp-content\/uploads\/2025\/05\/image-12.png?fit=1024%2C768&ssl=1&resize=525%2C300 1.5x, https:\/\/i0.wp.com\/wir2030.com\/wp-content\/uploads\/2025\/05\/image-12.png?fit=1024%2C768&ssl=1&resize=700%2C400 2x"},"classes":[]},{"id":1281,"url":"https:\/\/wir2030.com\/es\/2025\/05\/31\/tesis-14-quien-censura-la-critica-tiene-algo-que-ocultar\/","url_meta":{"origin":822,"position":1},"title":"Tesis 14: Quien censura la cr\u00edtica tiene algo que ocultar.","author":"boschimo","date":"31 de mayo de 2025","format":false,"excerpt":"Explicaci\u00f3n y justificaci\u00f3n La cr\u00edtica es el pulso de toda sociedad libre.Es el signo vivo de una democracia, el sistema de alerta temprana del poder, el corrector de los errores institucionales.Donde se permite la cr\u00edtica, el poder puede ser cuestionado, escrutado y corregido.Donde se suprime, crecen la arbitrariedad, la corrupci\u00f3n\u2026","rel":"","context":"En \u00abEspanol\u00bb","block_context":{"text":"Espanol","link":"https:\/\/wir2030.com\/es\/category\/espanol\/"},"img":{"alt_text":"","src":"https:\/\/i0.wp.com\/wir2030.com\/wp-content\/uploads\/2025\/05\/2025-05-26-10.49.58-AM.png?fit=626%2C524&ssl=1&resize=350%2C200","width":350,"height":200,"srcset":"https:\/\/i0.wp.com\/wir2030.com\/wp-content\/uploads\/2025\/05\/2025-05-26-10.49.58-AM.png?fit=626%2C524&ssl=1&resize=350%2C200 1x, https:\/\/i0.wp.com\/wir2030.com\/wp-content\/uploads\/2025\/05\/2025-05-26-10.49.58-AM.png?fit=626%2C524&ssl=1&resize=525%2C300 1.5x"},"classes":[]},{"id":1170,"url":"https:\/\/wir2030.com\/es\/2025\/05\/28\/tesis-71-un-buen-estado-protege-a-sus-criticos-no-a-su-poder\/","url_meta":{"origin":822,"position":2},"title":"Tesis 71: Un buen Estado protege a sus cr\u00edticos, no a su poder.","author":"boschimo","date":"28 de mayo de 2025","format":false,"excerpt":"Explicaci\u00f3n y justificaci\u00f3n La verdadera madurez de un estado no se demuestra por el aplauso de la mayor\u00eda,sino por c\u00f3mo trata la disidencia de la minor\u00eda. El consentimiento es c\u00f3modo, predecible, controlable.Pero la cr\u00edtica es inc\u00f3moda, impredecible y, por tanto, valiosa. La cr\u00edtica no es un ataque, sino un sistema\u2026","rel":"","context":"En \u00abEspanol\u00bb","block_context":{"text":"Espanol","link":"https:\/\/wir2030.com\/es\/category\/espanol\/"},"img":{"alt_text":"","src":"https:\/\/i0.wp.com\/wir2030.com\/wp-content\/uploads\/2025\/05\/menschen-verschiedener-meinung-europaer-vor-dem-bundestag-statt-weissem-haus.png?fit=1024%2C768&ssl=1&resize=350%2C200","width":350,"height":200,"srcset":"https:\/\/i0.wp.com\/wir2030.com\/wp-content\/uploads\/2025\/05\/menschen-verschiedener-meinung-europaer-vor-dem-bundestag-statt-weissem-haus.png?fit=1024%2C768&ssl=1&resize=350%2C200 1x, https:\/\/i0.wp.com\/wir2030.com\/wp-content\/uploads\/2025\/05\/menschen-verschiedener-meinung-europaer-vor-dem-bundestag-statt-weissem-haus.png?fit=1024%2C768&ssl=1&resize=525%2C300 1.5x, https:\/\/i0.wp.com\/wir2030.com\/wp-content\/uploads\/2025\/05\/menschen-verschiedener-meinung-europaer-vor-dem-bundestag-statt-weissem-haus.png?fit=1024%2C768&ssl=1&resize=700%2C400 2x"},"classes":[]},{"id":834,"url":"https:\/\/wir2030.com\/es\/2025\/05\/17\/tesis-6-la-salud-no-se-puede-forzar-es-una-responsabilidad-individual\/","url_meta":{"origin":822,"position":3},"title":"Tesis 6: La salud no se puede forzar, es una responsabilidad individual.","author":"boschimo","date":"17 de mayo de 2025","format":false,"excerpt":"Explicaci\u00f3n y justificaci\u00f3n La salud no es una tarea estatal en el sentido de control, sino una decisi\u00f3n y una responsabilidad personales. Est\u00e1 indisolublemente ligada a la libertad, la autodeterminaci\u00f3n y la confianza. Cada persona es \u00fanica: en su cuerpo, sus experiencias, sus riesgos, su biograf\u00eda. Por tanto, la salud\u2026","rel":"","context":"En \u00abEspanol\u00bb","block_context":{"text":"Espanol","link":"https:\/\/wir2030.com\/es\/category\/espanol\/"},"img":{"alt_text":"","src":"https:\/\/i0.wp.com\/wir2030.com\/wp-content\/uploads\/2025\/05\/create-a-highly-detailed-image-showcasing-the-theme-of-personal.png?fit=1024%2C768&ssl=1&resize=350%2C200","width":350,"height":200,"srcset":"https:\/\/i0.wp.com\/wir2030.com\/wp-content\/uploads\/2025\/05\/create-a-highly-detailed-image-showcasing-the-theme-of-personal.png?fit=1024%2C768&ssl=1&resize=350%2C200 1x, https:\/\/i0.wp.com\/wir2030.com\/wp-content\/uploads\/2025\/05\/create-a-highly-detailed-image-showcasing-the-theme-of-personal.png?fit=1024%2C768&ssl=1&resize=525%2C300 1.5x, https:\/\/i0.wp.com\/wir2030.com\/wp-content\/uploads\/2025\/05\/create-a-highly-detailed-image-showcasing-the-theme-of-personal.png?fit=1024%2C768&ssl=1&resize=700%2C400 2x"},"classes":[]},{"id":1387,"url":"https:\/\/wir2030.com\/es\/2025\/06\/02\/tesis-67-el-totalitarismo-no-comienza-con-las-cadenas-sino-con-la-perdida-de-responsabilidad\/","url_meta":{"origin":822,"position":4},"title":"Tesis 67: El totalitarismo no comienza con las cadenas, sino con la p\u00e9rdida de responsabilidad.","author":"boschimo","date":"2 de junio de 2025","format":false,"excerpt":"Explicaci\u00f3n y justificaci\u00f3n Los sistemas totalitarios rara vez vienen con uniformes, sirenas o violencia.A menudo aparecen como amables ayudantes: como autoridades sanitarias, asesores de seguridad, salvadores del clima, protectores de la infancia o agencias de innovaci\u00f3n digital.Apelan al bien, hablan de responsabilidad, pero significan obediencia. El totalitarismo moderno comienza donde\u2026","rel":"","context":"En \u00abEspanol\u00bb","block_context":{"text":"Espanol","link":"https:\/\/wir2030.com\/es\/category\/espanol\/"},"img":{"alt_text":"","src":"https:\/\/i0.wp.com\/wir2030.com\/wp-content\/uploads\/2025\/05\/image-33.png?fit=1024%2C768&ssl=1&resize=350%2C200","width":350,"height":200,"srcset":"https:\/\/i0.wp.com\/wir2030.com\/wp-content\/uploads\/2025\/05\/image-33.png?fit=1024%2C768&ssl=1&resize=350%2C200 1x, https:\/\/i0.wp.com\/wir2030.com\/wp-content\/uploads\/2025\/05\/image-33.png?fit=1024%2C768&ssl=1&resize=525%2C300 1.5x, https:\/\/i0.wp.com\/wir2030.com\/wp-content\/uploads\/2025\/05\/image-33.png?fit=1024%2C768&ssl=1&resize=700%2C400 2x"},"classes":[]},{"id":1142,"url":"https:\/\/wir2030.com\/es\/2025\/05\/27\/tesis-44-creer-en-las-instituciones-no-sustituye-a-la-responsabilidad-personal\/","url_meta":{"origin":822,"position":5},"title":"Tesis 44: Creer en las instituciones no sustituye a la responsabilidad personal.","author":"boschimo","date":"27 de mayo de 2025","format":false,"excerpt":"Explicaci\u00f3n y justificaci\u00f3n Las instituciones se crean para las personas, no al rev\u00e9s.Pero en tiempos de crisis, solemos experimentar lo contrario:En lugar de pensar, examinar y actuar de forma independiente, muchas personas se aferran a las autoridades, los consejos de expertos y las organizaciones supranacionales como si fueran una verdad\u2026","rel":"","context":"En \u00abEspanol\u00bb","block_context":{"text":"Espanol","link":"https:\/\/wir2030.com\/es\/category\/espanol\/"},"img":{"alt_text":"","src":"https:\/\/i0.wp.com\/wir2030.com\/wp-content\/uploads\/2025\/05\/male-einen-menschen-der-einem-polizisten-das-grundgesetz-wie-eine.png?fit=1024%2C768&ssl=1&resize=350%2C200","width":350,"height":200,"srcset":"https:\/\/i0.wp.com\/wir2030.com\/wp-content\/uploads\/2025\/05\/male-einen-menschen-der-einem-polizisten-das-grundgesetz-wie-eine.png?fit=1024%2C768&ssl=1&resize=350%2C200 1x, https:\/\/i0.wp.com\/wir2030.com\/wp-content\/uploads\/2025\/05\/male-einen-menschen-der-einem-polizisten-das-grundgesetz-wie-eine.png?fit=1024%2C768&ssl=1&resize=525%2C300 1.5x, https:\/\/i0.wp.com\/wir2030.com\/wp-content\/uploads\/2025\/05\/male-einen-menschen-der-einem-polizisten-das-grundgesetz-wie-eine.png?fit=1024%2C768&ssl=1&resize=700%2C400 2x"},"classes":[]}],"_links":{"self":[{"href":"https:\/\/wir2030.com\/es\/wp-json\/wp\/v2\/posts\/822","targetHints":{"allow":["GET"]}}],"collection":[{"href":"https:\/\/wir2030.com\/es\/wp-json\/wp\/v2\/posts"}],"about":[{"href":"https:\/\/wir2030.com\/es\/wp-json\/wp\/v2\/types\/post"}],"author":[{"embeddable":true,"href":"https:\/\/wir2030.com\/es\/wp-json\/wp\/v2\/users\/112514394"}],"replies":[{"embeddable":true,"href":"https:\/\/wir2030.com\/es\/wp-json\/wp\/v2\/comments?post=822"}],"version-history":[{"count":1,"href":"https:\/\/wir2030.com\/es\/wp-json\/wp\/v2\/posts\/822\/revisions"}],"predecessor-version":[{"id":824,"href":"https:\/\/wir2030.com\/es\/wp-json\/wp\/v2\/posts\/822\/revisions\/824"}],"wp:featuredmedia":[{"embeddable":true,"href":"https:\/\/wir2030.com\/es\/wp-json\/wp\/v2\/media\/404"}],"wp:attachment":[{"href":"https:\/\/wir2030.com\/es\/wp-json\/wp\/v2\/media?parent=822"}],"wp:term":[{"taxonomy":"category","embeddable":true,"href":"https:\/\/wir2030.com\/es\/wp-json\/wp\/v2\/categories?post=822"},{"taxonomy":"post_tag","embeddable":true,"href":"https:\/\/wir2030.com\/es\/wp-json\/wp\/v2\/tags?post=822"}],"curies":[{"name":"wp","href":"https:\/\/api.w.org\/{rel}","templated":true}]}}