{"id":818,"date":"2025-05-17T13:21:20","date_gmt":"2025-05-17T10:21:20","guid":{"rendered":"https:\/\/wir2030.com\/2025\/05\/17\/tesis-5-el-miedo-no-es-un-instrumento-legitimo-de-gobierno\/"},"modified":"2025-05-23T16:11:45","modified_gmt":"2025-05-23T13:11:45","slug":"tesis-5-el-miedo-no-es-un-instrumento-legitimo-de-gobierno","status":"publish","type":"post","link":"https:\/\/wir2030.com\/es\/2025\/05\/17\/tesis-5-el-miedo-no-es-un-instrumento-legitimo-de-gobierno\/","title":{"rendered":"Tesis 5: El miedo no es un instrumento leg\u00edtimo de gobierno."},"content":{"rendered":"\n<h3 class=\"wp-block-heading\">Explicaci\u00f3n y justificaci\u00f3n<\/h3>\n\n<p class=\"wp-block-paragraph\">Los gobiernos que controlan a su poblaci\u00f3n mediante el miedo han perdido su br\u00fajula moral.<br\/>Porque el miedo paraliza, divide y subyuga. No conduce a la madurez, sino a la obediencia; no a la responsabilidad, sino a la sumisi\u00f3n. Una sociedad que act\u00faa por miedo no est\u00e1 actuando libremente.<\/p>\n\n<p class=\"wp-block-paragraph\"><strong>El liderazgo democr\u00e1tico se basa en la confianza, no en el miedo.<\/strong><\/p>\n\n<h3 class=\"wp-block-heading\">El miedo como instrumento de poder: un viejo patr\u00f3n<\/h3>\n\n<p class=\"wp-block-paragraph\">A lo largo de la historia, el miedo se ha utilizado como herramienta pol\u00edtica:<\/p>\n\n<ul class=\"wp-block-list\">\n<li>La Inquisici\u00f3n aliment\u00f3 el miedo a la herej\u00eda para asegurarse el poder espiritual.<\/li>\n\n\n\n<li>Bajo el nacionalsocialismo, el miedo a los \u201cenemigos internos\u201d se instrumentaliz\u00f3 para suspender derechos b\u00e1sicos.<\/li>\n\n\n\n<li>En los Estados autoritarios, el miedo al \u201cenemigo exterior\u201d se utiliza para justificar la opresi\u00f3n.<\/li>\n\n\n\n<li>Hoy en d\u00eda, es el miedo a la enfermedad, al terror, al clima, al malestar social, siempre combinado con la afirmaci\u00f3n: <em>\u201cS\u00f3lo est\u00e1s a salvo si nos obedeces\u201d.<\/em><\/li>\n<\/ul>\n\n<h3 class=\"wp-block-heading\">Formas modernas de pol\u00edtica del miedo<\/h3>\n\n<ul class=\"wp-block-list\">\n<li><strong>La comunicaci\u00f3n del p\u00e1nico en los medios de comunicaci\u00f3n y el gobierno<\/strong>: im\u00e1genes de choque, cifras de muertos, escenarios apocal\u00edpticos.<\/li>\n\n\n\n<li><strong>Generaci\u00f3n de ostracismo social<\/strong>: quien discrepe se arriesga a la marginaci\u00f3n, la p\u00e9rdida de empleo o la difamaci\u00f3n en los medios de comunicaci\u00f3n.<\/li>\n\n\n\n<li><strong>Chantaje a trav\u00e9s del miedo<\/strong>: \u201cSi no te vacunas, perder\u00e1s tu trabajo\u201d. - \u201cSi no cumples, pondr\u00e1s en peligro a otros\u201d.<\/li>\n<\/ul>\n\n<p class=\"wp-block-paragraph\">Estas formas de pol\u00edtica son profundamente antidemocr\u00e1ticas. Impiden el debate, bloquean el juicio individual y crean un clima de impotencia.<\/p>\n\n<h3 class=\"wp-block-heading\">Por qu\u00e9 el miedo es tan eficaz - y tan peligroso<\/h3>\n\n<p class=\"wp-block-paragraph\">El miedo es un reflejo arcaico. Estrecha la visi\u00f3n, paraliza la mente y nos hace buscar la autoridad, aunque \u00e9sta sea destructiva. Los que tienen miedo quieren seguridad, y est\u00e1n dispuestos a sacrificar la libertad por ella.<\/p>\n\n<p class=\"wp-block-paragraph\">Pero la seguridad basada en el miedo no es verdadera seguridad. Es una ilusi\u00f3n, y una cesi\u00f3n de soberan\u00eda.<\/p>\n\n<h3 class=\"wp-block-heading\">Lo que necesita una sociedad libre<\/h3>\n\n<ul class=\"wp-block-list\">\n<li><strong>Valor en lugar de alarmismo<\/strong><\/li>\n\n\n\n<li><strong>Aclaraciones en lugar de telones de fondo amenazadores<\/strong><\/li>\n\n\n\n<li><strong>Empat\u00eda en lugar de divisi\u00f3n<\/strong><\/li>\n\n\n\n<li><strong>Responsabilidad en lugar de heteronom\u00eda<\/strong><\/li>\n<\/ul>\n\n<p class=\"wp-block-paragraph\">La acci\u00f3n del gobierno debe basarse en la raz\u00f3n, la transparencia y la confianza. No el shock, la culpa y la verg\u00fcenza.<\/p>\n\n<h3 class=\"wp-block-heading\">Nuestra posici\u00f3n<\/h3>\n\n<p class=\"wp-block-paragraph\">We2030 defiende una nueva cultura pol\u00edtica basada en la confianza y no en el miedo. Lo reconocemos: El miedo como medio de control es siempre un signo de debilidad, nunca de autoridad leg\u00edtima.<\/p>\n\n<p class=\"wp-block-paragraph\"><strong>El miedo no es un instrumento leg\u00edtimo de gobierno: es la herramienta de la tiran\u00eda.<\/strong><\/p>\n","protected":false},"excerpt":{"rendered":"<p>Explicaci\u00f3n y justificaci\u00f3n Los gobiernos que controlan a su poblaci\u00f3n mediante el miedo han perdido su br\u00fajula moral.Porque el miedo paraliza, divide y subyuga. No conduce a la madurez, sino a la obediencia; no a la responsabilidad, sino a la sumisi\u00f3n. Una sociedad que act\u00faa por miedo no est\u00e1 actuando libremente. El liderazgo democr\u00e1tico se [&hellip;]<\/p>\n","protected":false},"author":112514394,"featured_media":409,"comment_status":"open","ping_status":"open","sticky":false,"template":"","format":"standard","meta":{"_crdt_document":"","advanced_seo_description":"","jetpack_seo_html_title":"","jetpack_seo_noindex":false,"_jetpack_newsletter_access":"","_jetpack_dont_email_post_to_subs":false,"_jetpack_newsletter_tier_id":0,"_jetpack_memberships_contains_paywalled_content":false,"_jetpack_memberships_contains_paid_content":false,"footnotes":"","jetpack_publicize_message":"","jetpack_publicize_feature_enabled":true,"jetpack_social_post_already_shared":true,"jetpack_social_options":{"image_generator_settings":{"template":"highway","default_image_id":0,"font":"","enabled":false},"version":2},"_wpas_customize_per_network":false,"jetpack_post_was_ever_published":false},"categories":[10096791],"tags":[],"class_list":["post-818","post","type-post","status-publish","format-standard","has-post-thumbnail","hentry","category-espanol"],"jetpack_publicize_connections":[],"jetpack_featured_media_url":"https:\/\/i0.wp.com\/wir2030.com\/wp-content\/uploads\/2025\/05\/image-6.png?fit=1024%2C768&ssl=1","jetpack_likes_enabled":true,"jetpack_sharing_enabled":true,"jetpack_shortlink":"https:\/\/wp.me\/pgv6KY-dc","jetpack-related-posts":[{"id":1132,"url":"https:\/\/wir2030.com\/es\/2025\/05\/26\/tesis-41-todo-el-mundo-tiene-derecho-a-equivocarse-incluidos-medicos-periodistas-y-politicos\/","url_meta":{"origin":818,"position":0},"title":"Tesis 41: Todo el mundo tiene derecho a equivocarse, incluidos m\u00e9dicos, periodistas y pol\u00edticos.","author":"boschimo","date":"26 de mayo de 2025","format":false,"excerpt":"Explicaci\u00f3n y justificaci\u00f3n Equivocarse no es una debilidad, sino un requisito previo para el desarrollo.Pero vivimos en una cultura de la infalibilidad, en la que admitir un error no es una expresi\u00f3n de integridad, sino m\u00e1s bien el fin de una carrera, la p\u00e9rdida de reputaci\u00f3n o la admisi\u00f3n de\u2026","rel":"","context":"En \u00abEspanol\u00bb","block_context":{"text":"Espanol","link":"https:\/\/wir2030.com\/es\/category\/espanol\/"},"img":{"alt_text":"","src":"https:\/\/i0.wp.com\/wir2030.com\/wp-content\/uploads\/2025\/05\/image-26.png?fit=1024%2C768&ssl=1&resize=350%2C200","width":350,"height":200,"srcset":"https:\/\/i0.wp.com\/wir2030.com\/wp-content\/uploads\/2025\/05\/image-26.png?fit=1024%2C768&ssl=1&resize=350%2C200 1x, https:\/\/i0.wp.com\/wir2030.com\/wp-content\/uploads\/2025\/05\/image-26.png?fit=1024%2C768&ssl=1&resize=525%2C300 1.5x, https:\/\/i0.wp.com\/wir2030.com\/wp-content\/uploads\/2025\/05\/image-26.png?fit=1024%2C768&ssl=1&resize=700%2C400 2x"},"classes":[]},{"id":1170,"url":"https:\/\/wir2030.com\/es\/2025\/05\/28\/tesis-71-un-buen-estado-protege-a-sus-criticos-no-a-su-poder\/","url_meta":{"origin":818,"position":1},"title":"Tesis 71: Un buen Estado protege a sus cr\u00edticos, no a su poder.","author":"boschimo","date":"28 de mayo de 2025","format":false,"excerpt":"Explicaci\u00f3n y justificaci\u00f3n La verdadera madurez de un estado no se demuestra por el aplauso de la mayor\u00eda,sino por c\u00f3mo trata la disidencia de la minor\u00eda. El consentimiento es c\u00f3modo, predecible, controlable.Pero la cr\u00edtica es inc\u00f3moda, impredecible y, por tanto, valiosa. La cr\u00edtica no es un ataque, sino un sistema\u2026","rel":"","context":"En \u00abEspanol\u00bb","block_context":{"text":"Espanol","link":"https:\/\/wir2030.com\/es\/category\/espanol\/"},"img":{"alt_text":"","src":"https:\/\/i0.wp.com\/wir2030.com\/wp-content\/uploads\/2025\/05\/menschen-verschiedener-meinung-europaer-vor-dem-bundestag-statt-weissem-haus.png?fit=1024%2C768&ssl=1&resize=350%2C200","width":350,"height":200,"srcset":"https:\/\/i0.wp.com\/wir2030.com\/wp-content\/uploads\/2025\/05\/menschen-verschiedener-meinung-europaer-vor-dem-bundestag-statt-weissem-haus.png?fit=1024%2C768&ssl=1&resize=350%2C200 1x, https:\/\/i0.wp.com\/wir2030.com\/wp-content\/uploads\/2025\/05\/menschen-verschiedener-meinung-europaer-vor-dem-bundestag-statt-weissem-haus.png?fit=1024%2C768&ssl=1&resize=525%2C300 1.5x, https:\/\/i0.wp.com\/wir2030.com\/wp-content\/uploads\/2025\/05\/menschen-verschiedener-meinung-europaer-vor-dem-bundestag-statt-weissem-haus.png?fit=1024%2C768&ssl=1&resize=700%2C400 2x"},"classes":[]},{"id":1379,"url":"https:\/\/wir2030.com\/es\/2025\/06\/04\/tesis-87-el-control-no-genera-confianza\/","url_meta":{"origin":818,"position":2},"title":"Tesis 87: El control no genera confianza.","author":"boschimo","date":"4 de junio de 2025","format":false,"excerpt":"Explicaci\u00f3n y justificaci\u00f3n La confianza es un bien vivo. No la crean las normas, las c\u00e1maras ni la coacci\u00f3n.La confianza es una oferta, no una orden. Prospera en el espacio de libertad y se ahoga bajo el peso de la vigilancia. Pero el mundo moderno parece haber olvidado este principio.En\u2026","rel":"","context":"En \u00abEspanol\u00bb","block_context":{"text":"Espanol","link":"https:\/\/wir2030.com\/es\/category\/espanol\/"},"img":{"alt_text":"","src":"https:\/\/i0.wp.com\/wir2030.com\/wp-content\/uploads\/2025\/05\/image-34.png?fit=1024%2C768&ssl=1&resize=350%2C200","width":350,"height":200,"srcset":"https:\/\/i0.wp.com\/wir2030.com\/wp-content\/uploads\/2025\/05\/image-34.png?fit=1024%2C768&ssl=1&resize=350%2C200 1x, https:\/\/i0.wp.com\/wir2030.com\/wp-content\/uploads\/2025\/05\/image-34.png?fit=1024%2C768&ssl=1&resize=525%2C300 1.5x, https:\/\/i0.wp.com\/wir2030.com\/wp-content\/uploads\/2025\/05\/image-34.png?fit=1024%2C768&ssl=1&resize=700%2C400 2x"},"classes":[]},{"id":1277,"url":"https:\/\/wir2030.com\/es\/2025\/05\/29\/tesis-24-quienes-adoctrinan-a-los-jovenes-destruyen-la-confianza-en-el-futuro\/","url_meta":{"origin":818,"position":3},"title":"Tesis 24: Quienes adoctrinan a los j\u00f3venes destruyen la confianza en el futuro.","author":"boschimo","date":"29 de mayo de 2025","format":false,"excerpt":"Explicaci\u00f3n y justificaci\u00f3nLa juventud necesita libertad, no instrucci\u00f3n, ni miedo, ni reeducaci\u00f3n pol\u00edtica.Los j\u00f3venes son el aliento fresco de una sociedad. Son cr\u00edticos, creativos, contradictorios... y est\u00e1n llenos de preguntas.Cualquiera que sustituya este impulso natural de conocimiento por el adoctrinamiento est\u00e1 asfixiando el futuro en sus ra\u00edces. Esta tesis defiende\u2026","rel":"","context":"En \u00abEspanol\u00bb","block_context":{"text":"Espanol","link":"https:\/\/wir2030.com\/es\/category\/espanol\/"},"img":{"alt_text":"","src":"https:\/\/i0.wp.com\/wir2030.com\/wp-content\/uploads\/2025\/05\/male-kinder-die-cowboy-und-indianer-spielen-ohne-waffen.png?fit=1024%2C768&ssl=1&resize=350%2C200","width":350,"height":200,"srcset":"https:\/\/i0.wp.com\/wir2030.com\/wp-content\/uploads\/2025\/05\/male-kinder-die-cowboy-und-indianer-spielen-ohne-waffen.png?fit=1024%2C768&ssl=1&resize=350%2C200 1x, https:\/\/i0.wp.com\/wir2030.com\/wp-content\/uploads\/2025\/05\/male-kinder-die-cowboy-und-indianer-spielen-ohne-waffen.png?fit=1024%2C768&ssl=1&resize=525%2C300 1.5x, https:\/\/i0.wp.com\/wir2030.com\/wp-content\/uploads\/2025\/05\/male-kinder-die-cowboy-und-indianer-spielen-ohne-waffen.png?fit=1024%2C768&ssl=1&resize=700%2C400 2x"},"classes":[]},{"id":846,"url":"https:\/\/wir2030.com\/es\/2025\/05\/17\/tesis-8-la-vigilancia-digital-borra-la-libertad-no-el-virus\/","url_meta":{"origin":818,"position":4},"title":"Tesis 8: La vigilancia digital borra la libertad, no el virus.","author":"boschimo","date":"17 de mayo de 2025","format":false,"excerpt":"Explicaci\u00f3n y justificaci\u00f3n La digitalizaci\u00f3n puede ser una herramienta de liberaci\u00f3n, o de control.Puede facilitar la comunicaci\u00f3n, el acceso al conocimiento y la atenci\u00f3n m\u00e9dica, o mutar en el mayor aparato de vigilancia de la historia de la humanidad.La diferencia est\u00e1 en el objetivo, y en la intenci\u00f3n que hay\u2026","rel":"","context":"En \u00abEspanol\u00bb","block_context":{"text":"Espanol","link":"https:\/\/wir2030.com\/es\/category\/espanol\/"},"img":{"alt_text":"","src":"https:\/\/i0.wp.com\/wir2030.com\/wp-content\/uploads\/2025\/05\/image-9.png?fit=1024%2C768&ssl=1&resize=350%2C200","width":350,"height":200,"srcset":"https:\/\/i0.wp.com\/wir2030.com\/wp-content\/uploads\/2025\/05\/image-9.png?fit=1024%2C768&ssl=1&resize=350%2C200 1x, https:\/\/i0.wp.com\/wir2030.com\/wp-content\/uploads\/2025\/05\/image-9.png?fit=1024%2C768&ssl=1&resize=525%2C300 1.5x, https:\/\/i0.wp.com\/wir2030.com\/wp-content\/uploads\/2025\/05\/image-9.png?fit=1024%2C768&ssl=1&resize=700%2C400 2x"},"classes":[]},{"id":1281,"url":"https:\/\/wir2030.com\/es\/2025\/05\/31\/tesis-14-quien-censura-la-critica-tiene-algo-que-ocultar\/","url_meta":{"origin":818,"position":5},"title":"Tesis 14: Quien censura la cr\u00edtica tiene algo que ocultar.","author":"boschimo","date":"31 de mayo de 2025","format":false,"excerpt":"Explicaci\u00f3n y justificaci\u00f3n La cr\u00edtica es el pulso de toda sociedad libre.Es el signo vivo de una democracia, el sistema de alerta temprana del poder, el corrector de los errores institucionales.Donde se permite la cr\u00edtica, el poder puede ser cuestionado, escrutado y corregido.Donde se suprime, crecen la arbitrariedad, la corrupci\u00f3n\u2026","rel":"","context":"En \u00abEspanol\u00bb","block_context":{"text":"Espanol","link":"https:\/\/wir2030.com\/es\/category\/espanol\/"},"img":{"alt_text":"","src":"https:\/\/i0.wp.com\/wir2030.com\/wp-content\/uploads\/2025\/05\/2025-05-26-10.49.58-AM.png?fit=626%2C524&ssl=1&resize=350%2C200","width":350,"height":200,"srcset":"https:\/\/i0.wp.com\/wir2030.com\/wp-content\/uploads\/2025\/05\/2025-05-26-10.49.58-AM.png?fit=626%2C524&ssl=1&resize=350%2C200 1x, https:\/\/i0.wp.com\/wir2030.com\/wp-content\/uploads\/2025\/05\/2025-05-26-10.49.58-AM.png?fit=626%2C524&ssl=1&resize=525%2C300 1.5x"},"classes":[]}],"_links":{"self":[{"href":"https:\/\/wir2030.com\/es\/wp-json\/wp\/v2\/posts\/818","targetHints":{"allow":["GET"]}}],"collection":[{"href":"https:\/\/wir2030.com\/es\/wp-json\/wp\/v2\/posts"}],"about":[{"href":"https:\/\/wir2030.com\/es\/wp-json\/wp\/v2\/types\/post"}],"author":[{"embeddable":true,"href":"https:\/\/wir2030.com\/es\/wp-json\/wp\/v2\/users\/112514394"}],"replies":[{"embeddable":true,"href":"https:\/\/wir2030.com\/es\/wp-json\/wp\/v2\/comments?post=818"}],"version-history":[{"count":1,"href":"https:\/\/wir2030.com\/es\/wp-json\/wp\/v2\/posts\/818\/revisions"}],"predecessor-version":[{"id":821,"href":"https:\/\/wir2030.com\/es\/wp-json\/wp\/v2\/posts\/818\/revisions\/821"}],"wp:featuredmedia":[{"embeddable":true,"href":"https:\/\/wir2030.com\/es\/wp-json\/wp\/v2\/media\/409"}],"wp:attachment":[{"href":"https:\/\/wir2030.com\/es\/wp-json\/wp\/v2\/media?parent=818"}],"wp:term":[{"taxonomy":"category","embeddable":true,"href":"https:\/\/wir2030.com\/es\/wp-json\/wp\/v2\/categories?post=818"},{"taxonomy":"post_tag","embeddable":true,"href":"https:\/\/wir2030.com\/es\/wp-json\/wp\/v2\/tags?post=818"}],"curies":[{"name":"wp","href":"https:\/\/api.w.org\/{rel}","templated":true}]}}