{"id":807,"date":"2025-05-17T12:54:11","date_gmt":"2025-05-17T09:54:11","guid":{"rendered":"https:\/\/wir2030.com\/2025\/05\/17\/tesis-3-la-dictadura-comienza-cuando-los-medios-de-comunicacion-estan-sincronizados\/"},"modified":"2025-05-22T09:54:37","modified_gmt":"2025-05-22T06:54:37","slug":"tesis-3-la-dictadura-comienza-cuando-los-medios-de-comunicacion-estan-sincronizados","status":"publish","type":"post","link":"https:\/\/wir2030.com\/es\/2025\/05\/17\/tesis-3-la-dictadura-comienza-cuando-los-medios-de-comunicacion-estan-sincronizados\/","title":{"rendered":"Tesis 3: La dictadura comienza cuando los medios de comunicaci\u00f3n est\u00e1n sincronizados."},"content":{"rendered":"\n<h3 class=\"wp-block-heading\">Explicaci\u00f3n y justificaci\u00f3n<\/h3>\n\n<p class=\"wp-block-paragraph\">Una sociedad libre se nutre del discurso abierto, del choque de opiniones y de la competencia de ideas. Los medios de comunicaci\u00f3n desempe\u00f1an un papel clave en esto: deben informar, ilustrar y controlar, no adoctrinar. Son el cuarto pilar no oficial de la separaci\u00f3n de poderes.  <\/p>\n\n<p class=\"wp-block-paragraph\">Sin embargo, cuando todos los grandes medios de comunicaci\u00f3n hablan con una sola voz, cuando ya no hay disidencia, cuando los puntos de vista alternativos son difamados o censurados, entonces el objetivo ya no es la ilustraci\u00f3n, sino el control.  <strong>Entonces comienza la transici\u00f3n a la dictadura.<\/strong><\/p>\n\n<p class=\"wp-block-paragraph\">Gleichschaltung no s\u00f3lo significa censura estatal. Tambi\u00e9n puede ser el resultado del poder econ\u00f3mico, las redes ideol\u00f3gicas, las dependencias pol\u00edticas o la autocensura silenciosa. El resultado es el mismo: <strong>los ciudadanos ya no reciben la verdad, sino una narrativa orquestada<\/strong>.  <\/p>\n\n<h3 class=\"wp-block-heading\">Experiencia hist\u00f3rica<\/h3>\n\n<p class=\"wp-block-paragraph\">La historia ofrece ejemplos aterradoramente claros:<\/p>\n\n<ul class=\"wp-block-list\">\n<li>En el Tercer Reich, todos los peri\u00f3dicos independientes fueron prohibidos o alineados. Joseph Goebbels dijo: <em>\u201cLa libertad de prensa es la libertad de 200 ricos para difundir sus opiniones\u201d.<\/em> Y con ello se refer\u00eda a obligarles a tener una \u00fanica opini\u00f3n. <\/li>\n\n\n\n<li>En la RDA, la prensa, la radio y la televisi\u00f3n estaban directamente controladas por el Politbur\u00f3. Criticar al gobierno era un delito penal. <\/li>\n\n\n\n<li>En las democracias modernas, la nivelaci\u00f3n es m\u00e1s sutil: mediante normativas ling\u00fc\u00edsticas, sistemas de incentivos, grupos de presi\u00f3n, \u201cverificadores de hechos\u201d, control de algoritmos y l\u00edneas editoriales controladas pol\u00edticamente.<\/li>\n<\/ul>\n\n<h3 class=\"wp-block-heading\">Signos de la sincronizaci\u00f3n actual<\/h3>\n\n<ul class=\"wp-block-list\">\n<li>Siempre los mismos titulares en los principales peri\u00f3dicos.<\/li>\n\n\n\n<li>Difamaci\u00f3n de los disidentes como \u201cte\u00f3ricos de la conspiraci\u00f3n\u201d, \u201cenemigos de la democracia\u201d o \u201cde derechas\u201d.<\/li>\n\n\n\n<li>Silencio total sobre las cr\u00edticas con base cient\u00edfica a las decisiones pol\u00edticas.<\/li>\n\n\n\n<li>Estrechos v\u00ednculos personales y financieros entre la pol\u00edtica, las empresas de medios de comunicaci\u00f3n y las corporaciones.<\/li>\n\n\n\n<li>Dependencia de muchos medios de comunicaci\u00f3n de las subvenciones estatales o de las campa\u00f1as publicitarias.<\/li>\n<\/ul>\n\n<h3 class=\"wp-block-heading\">Por qu\u00e9 es peligroso<\/h3>\n\n<p class=\"wp-block-paragraph\">Si los medios de comunicaci\u00f3n ya no informan de forma cr\u00edtica, sino que protegen una l\u00ednea gubernamental o intereses econ\u00f3micos, la poblaci\u00f3n pierde la oportunidad de tomar decisiones con conocimiento de causa.  <strong>Una democracia sin diversidad de medios de comunicaci\u00f3n es como un cuerpo sin sistema inmunitario: susceptible a cualquier forma de manipulaci\u00f3n.<\/strong><\/p>\n\n<p class=\"wp-block-paragraph\">Y donde no hay m\u00e1s control, hay abuso de poder. No tal vez, sino inevitablemente. <\/p>\n\n<h3 class=\"wp-block-heading\">Nuestra posici\u00f3n<\/h3>\n\n<p class=\"wp-block-paragraph\">Nosotros2030 exigimos una aut\u00e9ntica diversidad de medios de comunicaci\u00f3n, periodistas independientes, una financiaci\u00f3n transparente y la libre difusi\u00f3n de puntos de vista alternativos, sin censura, sin represi\u00f3n, sin destruir reputaciones.<\/p>\n\n<p class=\"wp-block-paragraph\"><strong>Porque donde se alinean los medios de comunicaci\u00f3n, no s\u00f3lo comienza la dictadura, sino que tambi\u00e9n se defiende desde all\u00ed.<\/strong><\/p>\n\n<div class=\"wp-block-comments\">\n\n\n\n\n\n\n\t\t<div id=\"respond\" class=\"comment-respond wp-block-post-comments-form\">\n\t\t\t<h3 id=\"reply-title\" class=\"comment-reply-title\">Deja un comentario<small><a rel=\"nofollow\" id=\"cancel-comment-reply-link\" href=\"\/es\/wp-json\/wp\/v2\/posts\/807#respond\" style=\"display:none;\">Cancelar respuesta<\/a><\/small><\/h3>\t\t\t<form id=\"commentform\" class=\"comment-form\">\n\t\t\t\t<iframe\n\t\t\t\t\ttitle=\"Formulario de comentarios\"\n\t\t\t\t\tsrc=\"https:\/\/jetpack.wordpress.com\/jetpack-comment\/?blogid=243835520&#038;postid=807&#038;comment_registration=0&#038;require_name_email=1&#038;stc_enabled=1&#038;stb_enabled=1&#038;show_avatars=1&#038;avatar_default=identicon&#038;greeting=Deja+un+comentario&#038;jetpack_comments_nonce=06dd13570e&#038;greeting_reply=Responder+a+%25s&#038;color_scheme=light&#038;lang=es_ES&#038;jetpack_version=15.8-a.7&#038;iframe_unique_id=1&#038;show_cookie_consent=10&#038;has_cookie_consent=0&#038;is_current_user_subscribed=0&#038;token_key=%3Bnormal%3B&#038;sig=caa8ebada47b3803bbed093e6c8d6b213837ae82#parent=https%3A%2F%2Fwir2030.com%2Fes%2Fwp-json%2Fwp%2Fv2%2Fposts%2F807\"\n\t\t\t\t\t\t\t\t\t\t\tname=\"jetpack_remote_comment\"\n\t\t\t\t\t\tstyle=\"width:100%; height: 430px; border:0;\"\n\t\t\t\t\t\t\t\t\t\tclass=\"jetpack_remote_comment\"\n\t\t\t\t\tid=\"jetpack_remote_comment\"\n\t\t\t\t\tsandbox=\"allow-same-origin allow-top-navigation allow-scripts allow-forms allow-popups\"\n\t\t\t\t>\n\t\t\t\t\t\t\t\t\t<\/iframe>\n\t\t\t\t\t\t\t\t\t<!--[if !IE]><!-->\n\t\t\t\t\t<script>\n\t\t\t\t\t\tdocument.addEventListener('DOMContentLoaded', function () {\n\t\t\t\t\t\t\tvar commentForms = document.getElementsByClassName('jetpack_remote_comment');\n\t\t\t\t\t\t\tfor (var i = 0; i < commentForms.length; i++) {\n\t\t\t\t\t\t\t\tcommentForms[i].allowTransparency = false;\n\t\t\t\t\t\t\t\tcommentForms[i].scrolling = 'no';\n\t\t\t\t\t\t\t}\n\t\t\t\t\t\t});\n\t\t\t\t\t<\/script>\n\t\t\t\t\t<!--<![endif]-->\n\t\t\t\t\t\t\t<\/form>\n\t\t<\/div>\n\n\t\t\n\t\t<input type=\"hidden\" name=\"comment_parent\" id=\"comment_parent\" value=\"\" \/>\n\n\t\t<\/div>\n","protected":false},"excerpt":{"rendered":"<p>Explicaci\u00f3n y justificaci\u00f3n Una sociedad libre se nutre del discurso abierto, del choque de opiniones y de la competencia de ideas. Los medios de comunicaci\u00f3n desempe\u00f1an un papel clave en esto: deben informar, ilustrar y controlar, no adoctrinar. Son el cuarto pilar no oficial de la separaci\u00f3n de poderes. Sin embargo, cuando todos los grandes [&hellip;]<\/p>\n","protected":false},"author":112514394,"featured_media":399,"comment_status":"open","ping_status":"open","sticky":false,"template":"","format":"standard","meta":{"_crdt_document":"","advanced_seo_description":"","jetpack_seo_html_title":"","jetpack_seo_noindex":false,"_jetpack_newsletter_access":"","_jetpack_dont_email_post_to_subs":false,"_jetpack_newsletter_tier_id":0,"_jetpack_memberships_contains_paywalled_content":false,"_jetpack_memberships_contains_paid_content":false,"footnotes":"","jetpack_publicize_message":"","jetpack_publicize_feature_enabled":true,"jetpack_social_post_already_shared":true,"jetpack_social_options":{"image_generator_settings":{"template":"highway","default_image_id":0,"font":"","enabled":false},"version":2},"_wpas_customize_per_network":false,"jetpack_post_was_ever_published":false},"categories":[2710],"tags":[],"class_list":["post-807","post","type-post","status-publish","format-standard","has-post-thumbnail","hentry","category-nicht-kategorisiert"],"jetpack_publicize_connections":[],"jetpack_featured_media_url":"https:\/\/i0.wp.com\/wir2030.com\/wp-content\/uploads\/2025\/05\/image-4.png?fit=1024%2C768&ssl=1","jetpack_likes_enabled":true,"jetpack_sharing_enabled":true,"jetpack_shortlink":"https:\/\/wp.me\/pgv6KY-d1","jetpack-related-posts":[{"id":1275,"url":"https:\/\/wir2030.com\/es\/2025\/05\/30\/tesis-32-la-dignidad-humana-tambien-se-aplica-en-estado-de-excepcion\/","url_meta":{"origin":807,"position":0},"title":"Tesis 32: La dignidad humana tambi\u00e9n se aplica en estado de excepci\u00f3n.","author":"boschimo","date":"30 de mayo de 2025","format":false,"excerpt":"Explicaci\u00f3n y justificaci\u00f3n La dignidad humana es inviolable.As\u00ed se afirma en el Art\u00edculo 1 (1) de la Ley Fundamental -y esta frase no es un adorno, ni una cita para discursos conmemorativos, ni un principio cualquiera-.Es absoluta.No se aplica condicionalmente, ni dependiendo de situaciones pol\u00edticas, ni s\u00f3lo en tiempos de\u2026","rel":"","context":"En \u00abEspanol\u00bb","block_context":{"text":"Espanol","link":"https:\/\/wir2030.com\/es\/category\/espanol\/"},"img":{"alt_text":"","src":"https:\/\/i0.wp.com\/wir2030.com\/wp-content\/uploads\/2025\/05\/male-gluckliche-europaische-menschen.png?fit=1024%2C768&ssl=1&resize=350%2C200","width":350,"height":200,"srcset":"https:\/\/i0.wp.com\/wir2030.com\/wp-content\/uploads\/2025\/05\/male-gluckliche-europaische-menschen.png?fit=1024%2C768&ssl=1&resize=350%2C200 1x, https:\/\/i0.wp.com\/wir2030.com\/wp-content\/uploads\/2025\/05\/male-gluckliche-europaische-menschen.png?fit=1024%2C768&ssl=1&resize=525%2C300 1.5x, https:\/\/i0.wp.com\/wir2030.com\/wp-content\/uploads\/2025\/05\/male-gluckliche-europaische-menschen.png?fit=1024%2C768&ssl=1&resize=700%2C400 2x"},"classes":[]},{"id":862,"url":"https:\/\/wir2030.com\/es\/2025\/05\/17\/tesis-9-toda-medida-sin-debate-es-un-golpe-a-la-democracia\/","url_meta":{"origin":807,"position":1},"title":"Tesis 9: Toda medida sin debate es un golpe a la democracia.","author":"boschimo","date":"17 de mayo de 2025","format":false,"excerpt":"Explicaci\u00f3n y justificaci\u00f3n La democracia se nutre de la controversia: del intercambio abierto de opiniones diferentes, de los debates p\u00fablicos, de la cr\u00edtica, del discurso contrario y de la correcci\u00f3n. Las decisiones que afectan a todos no deben tomarse nunca en la sombra. Deben estar a la vista del p\u00fablico,\u2026","rel":"","context":"En \u00abEspanol\u00bb","block_context":{"text":"Espanol","link":"https:\/\/wir2030.com\/es\/category\/espanol\/"},"img":{"alt_text":"","src":"https:\/\/i0.wp.com\/wir2030.com\/wp-content\/uploads\/2025\/05\/image-10.png?fit=1024%2C768&ssl=1&resize=350%2C200","width":350,"height":200,"srcset":"https:\/\/i0.wp.com\/wir2030.com\/wp-content\/uploads\/2025\/05\/image-10.png?fit=1024%2C768&ssl=1&resize=350%2C200 1x, https:\/\/i0.wp.com\/wir2030.com\/wp-content\/uploads\/2025\/05\/image-10.png?fit=1024%2C768&ssl=1&resize=525%2C300 1.5x, https:\/\/i0.wp.com\/wir2030.com\/wp-content\/uploads\/2025\/05\/image-10.png?fit=1024%2C768&ssl=1&resize=700%2C400 2x"},"classes":[]},{"id":1387,"url":"https:\/\/wir2030.com\/es\/2025\/06\/02\/tesis-67-el-totalitarismo-no-comienza-con-las-cadenas-sino-con-la-perdida-de-responsabilidad\/","url_meta":{"origin":807,"position":2},"title":"Tesis 67: El totalitarismo no comienza con las cadenas, sino con la p\u00e9rdida de responsabilidad.","author":"boschimo","date":"2 de junio de 2025","format":false,"excerpt":"Explicaci\u00f3n y justificaci\u00f3n Los sistemas totalitarios rara vez vienen con uniformes, sirenas o violencia.A menudo aparecen como amables ayudantes: como autoridades sanitarias, asesores de seguridad, salvadores del clima, protectores de la infancia o agencias de innovaci\u00f3n digital.Apelan al bien, hablan de responsabilidad, pero significan obediencia. El totalitarismo moderno comienza donde\u2026","rel":"","context":"En \u00abEspanol\u00bb","block_context":{"text":"Espanol","link":"https:\/\/wir2030.com\/es\/category\/espanol\/"},"img":{"alt_text":"","src":"https:\/\/i0.wp.com\/wir2030.com\/wp-content\/uploads\/2025\/05\/image-33.png?fit=1024%2C768&ssl=1&resize=350%2C200","width":350,"height":200,"srcset":"https:\/\/i0.wp.com\/wir2030.com\/wp-content\/uploads\/2025\/05\/image-33.png?fit=1024%2C768&ssl=1&resize=350%2C200 1x, https:\/\/i0.wp.com\/wir2030.com\/wp-content\/uploads\/2025\/05\/image-33.png?fit=1024%2C768&ssl=1&resize=525%2C300 1.5x, https:\/\/i0.wp.com\/wir2030.com\/wp-content\/uploads\/2025\/05\/image-33.png?fit=1024%2C768&ssl=1&resize=700%2C400 2x"},"classes":[]},{"id":1281,"url":"https:\/\/wir2030.com\/es\/2025\/05\/31\/tesis-14-quien-censura-la-critica-tiene-algo-que-ocultar\/","url_meta":{"origin":807,"position":3},"title":"Tesis 14: Quien censura la cr\u00edtica tiene algo que ocultar.","author":"boschimo","date":"31 de mayo de 2025","format":false,"excerpt":"Explicaci\u00f3n y justificaci\u00f3n La cr\u00edtica es el pulso de toda sociedad libre.Es el signo vivo de una democracia, el sistema de alerta temprana del poder, el corrector de los errores institucionales.Donde se permite la cr\u00edtica, el poder puede ser cuestionado, escrutado y corregido.Donde se suprime, crecen la arbitrariedad, la corrupci\u00f3n\u2026","rel":"","context":"En \u00abEspanol\u00bb","block_context":{"text":"Espanol","link":"https:\/\/wir2030.com\/es\/category\/espanol\/"},"img":{"alt_text":"","src":"https:\/\/i0.wp.com\/wir2030.com\/wp-content\/uploads\/2025\/05\/2025-05-26-10.49.58-AM.png?fit=626%2C524&ssl=1&resize=350%2C200","width":350,"height":200,"srcset":"https:\/\/i0.wp.com\/wir2030.com\/wp-content\/uploads\/2025\/05\/2025-05-26-10.49.58-AM.png?fit=626%2C524&ssl=1&resize=350%2C200 1x, https:\/\/i0.wp.com\/wir2030.com\/wp-content\/uploads\/2025\/05\/2025-05-26-10.49.58-AM.png?fit=626%2C524&ssl=1&resize=525%2C300 1.5x"},"classes":[]},{"id":1170,"url":"https:\/\/wir2030.com\/es\/2025\/05\/28\/tesis-71-un-buen-estado-protege-a-sus-criticos-no-a-su-poder\/","url_meta":{"origin":807,"position":4},"title":"Tesis 71: Un buen Estado protege a sus cr\u00edticos, no a su poder.","author":"boschimo","date":"28 de mayo de 2025","format":false,"excerpt":"Explicaci\u00f3n y justificaci\u00f3n La verdadera madurez de un estado no se demuestra por el aplauso de la mayor\u00eda,sino por c\u00f3mo trata la disidencia de la minor\u00eda. El consentimiento es c\u00f3modo, predecible, controlable.Pero la cr\u00edtica es inc\u00f3moda, impredecible y, por tanto, valiosa. La cr\u00edtica no es un ataque, sino un sistema\u2026","rel":"","context":"En \u00abEspanol\u00bb","block_context":{"text":"Espanol","link":"https:\/\/wir2030.com\/es\/category\/espanol\/"},"img":{"alt_text":"","src":"https:\/\/i0.wp.com\/wir2030.com\/wp-content\/uploads\/2025\/05\/menschen-verschiedener-meinung-europaer-vor-dem-bundestag-statt-weissem-haus.png?fit=1024%2C768&ssl=1&resize=350%2C200","width":350,"height":200,"srcset":"https:\/\/i0.wp.com\/wir2030.com\/wp-content\/uploads\/2025\/05\/menschen-verschiedener-meinung-europaer-vor-dem-bundestag-statt-weissem-haus.png?fit=1024%2C768&ssl=1&resize=350%2C200 1x, https:\/\/i0.wp.com\/wir2030.com\/wp-content\/uploads\/2025\/05\/menschen-verschiedener-meinung-europaer-vor-dem-bundestag-statt-weissem-haus.png?fit=1024%2C768&ssl=1&resize=525%2C300 1.5x, https:\/\/i0.wp.com\/wir2030.com\/wp-content\/uploads\/2025\/05\/menschen-verschiedener-meinung-europaer-vor-dem-bundestag-statt-weissem-haus.png?fit=1024%2C768&ssl=1&resize=700%2C400 2x"},"classes":[]},{"id":859,"url":"https:\/\/wir2030.com\/es\/2025\/05\/17\/tesis-10-la-libertad-de-expresion-no-es-relativa-es-absoluta\/","url_meta":{"origin":807,"position":5},"title":"Tesis 10: La libertad de expresi\u00f3n no es relativa, es absoluta.","author":"boschimo","date":"17 de mayo de 2025","format":false,"excerpt":"Explicaci\u00f3n y justificaci\u00f3n La libertad de opini\u00f3n no es un privilegio, sino un derecho humano.No es negociable, no depende de mayor\u00edas, no est\u00e1 limitada por ideolog\u00edas ni por el zeitgeist.Se aplica a todas las personas, sobre todos los temas, en todos los tiempos. Y es especialmente valioso cuando protege las\u2026","rel":"","context":"En \u00abEspanol\u00bb","block_context":{"text":"Espanol","link":"https:\/\/wir2030.com\/es\/category\/espanol\/"},"img":{"alt_text":"","src":"https:\/\/i0.wp.com\/wir2030.com\/wp-content\/uploads\/2025\/05\/10-die-meinungsfreiheit-ist-nicht-relativ-sie-ist.png?fit=1024%2C768&ssl=1&resize=350%2C200","width":350,"height":200,"srcset":"https:\/\/i0.wp.com\/wir2030.com\/wp-content\/uploads\/2025\/05\/10-die-meinungsfreiheit-ist-nicht-relativ-sie-ist.png?fit=1024%2C768&ssl=1&resize=350%2C200 1x, https:\/\/i0.wp.com\/wir2030.com\/wp-content\/uploads\/2025\/05\/10-die-meinungsfreiheit-ist-nicht-relativ-sie-ist.png?fit=1024%2C768&ssl=1&resize=525%2C300 1.5x, https:\/\/i0.wp.com\/wir2030.com\/wp-content\/uploads\/2025\/05\/10-die-meinungsfreiheit-ist-nicht-relativ-sie-ist.png?fit=1024%2C768&ssl=1&resize=700%2C400 2x"},"classes":[]}],"_links":{"self":[{"href":"https:\/\/wir2030.com\/es\/wp-json\/wp\/v2\/posts\/807","targetHints":{"allow":["GET"]}}],"collection":[{"href":"https:\/\/wir2030.com\/es\/wp-json\/wp\/v2\/posts"}],"about":[{"href":"https:\/\/wir2030.com\/es\/wp-json\/wp\/v2\/types\/post"}],"author":[{"embeddable":true,"href":"https:\/\/wir2030.com\/es\/wp-json\/wp\/v2\/users\/112514394"}],"replies":[{"embeddable":true,"href":"https:\/\/wir2030.com\/es\/wp-json\/wp\/v2\/comments?post=807"}],"version-history":[{"count":1,"href":"https:\/\/wir2030.com\/es\/wp-json\/wp\/v2\/posts\/807\/revisions"}],"predecessor-version":[{"id":812,"href":"https:\/\/wir2030.com\/es\/wp-json\/wp\/v2\/posts\/807\/revisions\/812"}],"wp:featuredmedia":[{"embeddable":true,"href":"https:\/\/wir2030.com\/es\/wp-json\/wp\/v2\/media\/399"}],"wp:attachment":[{"href":"https:\/\/wir2030.com\/es\/wp-json\/wp\/v2\/media?parent=807"}],"wp:term":[{"taxonomy":"category","embeddable":true,"href":"https:\/\/wir2030.com\/es\/wp-json\/wp\/v2\/categories?post=807"},{"taxonomy":"post_tag","embeddable":true,"href":"https:\/\/wir2030.com\/es\/wp-json\/wp\/v2\/tags?post=807"}],"curies":[{"name":"wp","href":"https:\/\/api.w.org\/{rel}","templated":true}]}}