{"id":776,"date":"2025-05-19T15:05:08","date_gmt":"2025-05-19T12:05:08","guid":{"rendered":"https:\/\/wir2030.com\/2025\/05\/19\/tesis-51-el-poder-necesita-limitacion-no-libertad\/"},"modified":"2025-05-26T13:17:59","modified_gmt":"2025-05-26T10:17:59","slug":"tesis-51-el-poder-necesita-limitacion-no-libertad","status":"publish","type":"post","link":"https:\/\/wir2030.com\/es\/2025\/05\/19\/tesis-51-el-poder-necesita-limitacion-no-libertad\/","title":{"rendered":"Tesis 51: El poder necesita limitaci\u00f3n, no libertad."},"content":{"rendered":"\n<p class=\"wp-block-paragraph\"><strong>Explicaci\u00f3n y justificaci\u00f3n<\/strong><\/p>\n\n<p class=\"wp-block-paragraph\"><strong>La libertad no es el riesgo, sino el poder.<\/strong><br\/>Pero en tiempos de crisis, miedo o incertidumbre, ocurre precisamente lo contrario:<br\/>De repente, la libertad debe ser restringida, controlada, condicionada, <strong>mientras que el poder siempre est\u00e1 reclamando nuevas libertades<\/strong>.<\/p>\n\n<p class=\"wp-block-paragraph\">Esta tesis invierte la relaci\u00f3n:<\/p>\n\n<p class=\"wp-block-paragraph\"><strong>No es la libertad lo que hay que limitar, sino el poder.<\/strong><\/p>\n\n<p class=\"wp-block-paragraph\"><strong>Por qu\u00e9 el poder es peligroso si no se controla<\/strong><\/p>\n\n<ul class=\"wp-block-list\">\n<li>Tiende a la autoconservaci\u00f3n<\/li>\n\n\n\n<li>Se expande bajo la apariencia de protecci\u00f3n<\/li>\n\n\n\n<li>Utiliza reglas de excepci\u00f3n para la normalizaci\u00f3n<\/li>\n\n\n\n<li>Sustituye la separaci\u00f3n de poderes por la burocracia y la tecnocracia<\/li>\n\n\n\n<li>Censura, sanciona, controla<\/li>\n<\/ul>\n\n<p class=\"wp-block-paragraph\"><strong>La historia lo demuestra: Toda forma de totalitarismo surgi\u00f3 del poder desenfrenado, no de un exceso de libertad.<\/strong><\/p>\n\n<p class=\"wp-block-paragraph\"><strong>Por qu\u00e9 la libertad no es el problema<\/strong><\/p>\n\n<ul class=\"wp-block-list\">\n<li>Crea responsabilidad<\/li>\n\n\n\n<li>Permite la diversidad<\/li>\n\n\n\n<li>Permite el error y la realizaci\u00f3n<\/li>\n\n\n\n<li>Protege al individuo contra el colectivismo<\/li>\n\n\n\n<li>Es <strong>la condici\u00f3n b\u00e1sica<\/strong> para la verdad, la creatividad y la humanidad<\/li>\n<\/ul>\n\n<p class=\"wp-block-paragraph\"><strong>Nuestra posici\u00f3n<\/strong><\/p>\n\n<p class=\"wp-block-paragraph\">Exigencias We2030:<\/p>\n\n<ul class=\"wp-block-list\">\n<li><strong>Limitaci\u00f3n estricta de los medios de poder estatales, econ\u00f3micos y tecnocr\u00e1ticos<\/strong><\/li>\n\n\n\n<li>Restablecer <strong>la separaci\u00f3n de poderes y el control parlamentario<\/strong><\/li>\n\n\n\n<li><strong>Reducci\u00f3n coherente de todos los reglamentos de emergencia y especiales<\/strong><\/li>\n\n\n\n<li>Proteger la libertad, no s\u00f3lo sobre el papel, sino en la vida cotidiana<\/li>\n<\/ul>\n\n<p class=\"wp-block-paragraph\"><strong>El poder necesita l\u00edmites, no libertad.<\/strong><br\/>Quien confunda esto abre la puerta a la arbitrariedad.<\/p>\n","protected":false},"excerpt":{"rendered":"<p>Explicaci\u00f3n y justificaci\u00f3n La libertad no es el riesgo, sino el poder.Pero en tiempos de crisis, miedo o incertidumbre, ocurre precisamente lo contrario:De repente, la libertad debe ser restringida, controlada, condicionada, mientras que el poder siempre est\u00e1 reclamando nuevas libertades. Esta tesis invierte la relaci\u00f3n: No es la libertad lo que hay que limitar, sino [&hellip;]<\/p>\n","protected":false},"author":112514394,"featured_media":529,"comment_status":"open","ping_status":"open","sticky":false,"template":"","format":"standard","meta":{"_crdt_document":"","advanced_seo_description":"","jetpack_seo_html_title":"","jetpack_seo_noindex":false,"_jetpack_newsletter_access":"","_jetpack_dont_email_post_to_subs":false,"_jetpack_newsletter_tier_id":0,"_jetpack_memberships_contains_paywalled_content":false,"_jetpack_memberships_contains_paid_content":false,"footnotes":"","jetpack_publicize_message":"","jetpack_publicize_feature_enabled":true,"jetpack_social_post_already_shared":true,"jetpack_social_options":{"image_generator_settings":{"template":"highway","default_image_id":0,"font":"","enabled":false},"version":2},"_wpas_customize_per_network":false,"jetpack_post_was_ever_published":false},"categories":[10096791],"tags":[],"class_list":["post-776","post","type-post","status-publish","format-standard","has-post-thumbnail","hentry","category-espanol"],"jetpack_publicize_connections":[],"jetpack_featured_media_url":"https:\/\/i0.wp.com\/wir2030.com\/wp-content\/uploads\/2025\/05\/image-14.png?fit=1024%2C768&ssl=1","jetpack_likes_enabled":true,"jetpack_sharing_enabled":true,"jetpack_shortlink":"https:\/\/wp.me\/pgv6KY-cw","jetpack-related-posts":[{"id":1375,"url":"https:\/\/wir2030.com\/es\/2025\/06\/06\/tesis-27-la-libertad-no-es-un-privilegio-sino-un-derecho-de-nacimiento\/","url_meta":{"origin":776,"position":0},"title":"Tesis 27: La libertad no es un privilegio, sino un derecho de nacimiento.","author":"boschimo","date":"6 de junio de 2025","format":false,"excerpt":"Explicaci\u00f3n y justificaci\u00f3n La libertad no es un regalo concedido por el Estado. No es un bono, ni una recompensa por un comportamiento conformista, ni una exenci\u00f3n en tiempos de crisis. La libertad es aquello a lo que una persona tiene derecho desde su nacimiento, no por contrato, sino por\u2026","rel":"","context":"En \u00abEspanol\u00bb","block_context":{"text":"Espanol","link":"https:\/\/wir2030.com\/es\/category\/espanol\/"},"img":{"alt_text":"","src":"https:\/\/i0.wp.com\/wir2030.com\/wp-content\/uploads\/2025\/06\/europaische-menschen-feiern-ihre-freiheit-von-der-tyrannei.png?fit=1024%2C768&ssl=1&resize=350%2C200","width":350,"height":200,"srcset":"https:\/\/i0.wp.com\/wir2030.com\/wp-content\/uploads\/2025\/06\/europaische-menschen-feiern-ihre-freiheit-von-der-tyrannei.png?fit=1024%2C768&ssl=1&resize=350%2C200 1x, https:\/\/i0.wp.com\/wir2030.com\/wp-content\/uploads\/2025\/06\/europaische-menschen-feiern-ihre-freiheit-von-der-tyrannei.png?fit=1024%2C768&ssl=1&resize=525%2C300 1.5x, https:\/\/i0.wp.com\/wir2030.com\/wp-content\/uploads\/2025\/06\/europaische-menschen-feiern-ihre-freiheit-von-der-tyrannei.png?fit=1024%2C768&ssl=1&resize=700%2C400 2x"},"classes":[]},{"id":708,"url":"https:\/\/wir2030.com\/es\/2025\/05\/23\/tesis-76-la-moral-no-sustituye-a-las-libertades-civiles\/","url_meta":{"origin":776,"position":1},"title":"Tesis 76: La moral no sustituye a las libertades civiles.","author":"boschimo","date":"23 de mayo de 2025","format":false,"excerpt":"Explicaci\u00f3n y justificaci\u00f3n Los derechos de libertad no son s\u00f3lo bellos ideales. Son escudos constitucionales, erigidos contra la arbitrariedad de la mayor\u00eda, contra la intromisi\u00f3n del Estado y contra la tiran\u00eda de la opini\u00f3n p\u00fablica.Se han conseguido a lo largo de siglos, no para que la gente haga \u201clo correcto\u201d,\u2026","rel":"","context":"En \u00abEspanol\u00bb","block_context":{"text":"Espanol","link":"https:\/\/wir2030.com\/es\/category\/espanol\/"},"img":{"alt_text":"","src":"https:\/\/i0.wp.com\/wir2030.com\/wp-content\/uploads\/2025\/05\/male-einen-goldenen-kafig-anstatt-dem-schwarzen-kafig-und-darin.png?fit=1024%2C768&ssl=1&resize=350%2C200","width":350,"height":200,"srcset":"https:\/\/i0.wp.com\/wir2030.com\/wp-content\/uploads\/2025\/05\/male-einen-goldenen-kafig-anstatt-dem-schwarzen-kafig-und-darin.png?fit=1024%2C768&ssl=1&resize=350%2C200 1x, https:\/\/i0.wp.com\/wir2030.com\/wp-content\/uploads\/2025\/05\/male-einen-goldenen-kafig-anstatt-dem-schwarzen-kafig-und-darin.png?fit=1024%2C768&ssl=1&resize=525%2C300 1.5x, https:\/\/i0.wp.com\/wir2030.com\/wp-content\/uploads\/2025\/05\/male-einen-goldenen-kafig-anstatt-dem-schwarzen-kafig-und-darin.png?fit=1024%2C768&ssl=1&resize=700%2C400 2x"},"classes":[]},{"id":709,"url":"https:\/\/wir2030.com\/es\/2025\/05\/22\/la-base-comun-de-las-95-tesis-de-martin-lutero-y-el-movimiento-we2030\/","url_meta":{"origin":776,"position":2},"title":"La base com\u00fan de las 95 tesis de Mart\u00edn Lutero y el movimiento We2030","author":"boschimo","date":"22 de mayo de 2025","format":false,"excerpt":"La base com\u00fan de las 95 Tesis de Mart\u00edn Lutero y el movimiento We2030 se encuentra en el coraz\u00f3n de ambas iniciativas: Desvelar los abusos, denunciar los abusos de poder y devolver a las personas su dignidad, responsabilidad y libertad. Lo que quer\u00eda Mart\u00edn Lutero con sus 95 tesis (resumido\u2026","rel":"","context":"En \u00abEspanol\u00bb","block_context":{"text":"Espanol","link":"https:\/\/wir2030.com\/es\/category\/espanol\/"},"img":{"alt_text":"","src":"https:\/\/i0.wp.com\/wir2030.com\/wp-content\/uploads\/2025\/05\/image-24.png?fit=1024%2C768&ssl=1&resize=350%2C200","width":350,"height":200,"srcset":"https:\/\/i0.wp.com\/wir2030.com\/wp-content\/uploads\/2025\/05\/image-24.png?fit=1024%2C768&ssl=1&resize=350%2C200 1x, https:\/\/i0.wp.com\/wir2030.com\/wp-content\/uploads\/2025\/05\/image-24.png?fit=1024%2C768&ssl=1&resize=525%2C300 1.5x, https:\/\/i0.wp.com\/wir2030.com\/wp-content\/uploads\/2025\/05\/image-24.png?fit=1024%2C768&ssl=1&resize=700%2C400 2x"},"classes":[]},{"id":770,"url":"https:\/\/wir2030.com\/es\/2025\/05\/18\/tesis-35-quien-defiende-la-democracia-no-es-un-extremista\/","url_meta":{"origin":776,"position":3},"title":"Tesis 35: Quien defiende la democracia no es un extremista.","author":"boschimo","date":"18 de mayo de 2025","format":false,"excerpt":"Explicaci\u00f3n y justificaci\u00f3n La democracia prospera con el compromiso de sus ciudadanos, no con su sumisi\u00f3n.Quien la defiende, se\u00f1ala agravios, exige derechos fundamentales y se opone al abuso de poder no act\u00faa radicalmente, sino democr\u00e1ticamente. Esta tesis establece un l\u00edmite claro contra una narrativa peligrosa: La cr\u00edtica no es extremismo.\u2026","rel":"","context":"En \u00abEspanol\u00bb","block_context":{"text":"Espanol","link":"https:\/\/wir2030.com\/es\/category\/espanol\/"},"img":{"alt_text":"","src":"https:\/\/i0.wp.com\/wir2030.com\/wp-content\/uploads\/2025\/05\/image-13.png?fit=1024%2C768&ssl=1&resize=350%2C200","width":350,"height":200,"srcset":"https:\/\/i0.wp.com\/wir2030.com\/wp-content\/uploads\/2025\/05\/image-13.png?fit=1024%2C768&ssl=1&resize=350%2C200 1x, https:\/\/i0.wp.com\/wir2030.com\/wp-content\/uploads\/2025\/05\/image-13.png?fit=1024%2C768&ssl=1&resize=525%2C300 1.5x, https:\/\/i0.wp.com\/wir2030.com\/wp-content\/uploads\/2025\/05\/image-13.png?fit=1024%2C768&ssl=1&resize=700%2C400 2x"},"classes":[]},{"id":726,"url":"https:\/\/wir2030.com\/es\/2025\/05\/21\/tesis-34-las-crisis-revelan-el-caracter-de-los-gobernantes\/","url_meta":{"origin":776,"position":4},"title":"Tesis 34: Las crisis revelan el car\u00e1cter de los gobernantes.","author":"boschimo","date":"21 de mayo de 2025","format":false,"excerpt":"Explicaci\u00f3n y justificaci\u00f3n En tiempos normales, es f\u00e1cil parecer un estadista, hacer concesiones y hacer hincapi\u00e9 en los valores democr\u00e1ticos.Pero en tiempos de crisis, la m\u00e1scara cae.Cuando el poder est\u00e1 bajo presi\u00f3n, queda claro qu\u00e9 imagen de humanidad, qu\u00e9 actitud y qu\u00e9 \u00e9tica gu\u00edan realmente la acci\u00f3n pol\u00edtica. Esta tesis\u2026","rel":"","context":"En \u00abEspanol\u00bb","block_context":{"text":"Espanol","link":"https:\/\/wir2030.com\/es\/category\/espanol\/"},"img":{"alt_text":"","src":"https:\/\/i0.wp.com\/wir2030.com\/wp-content\/uploads\/2025\/05\/image-19.png?fit=1024%2C768&ssl=1&resize=350%2C200","width":350,"height":200,"srcset":"https:\/\/i0.wp.com\/wir2030.com\/wp-content\/uploads\/2025\/05\/image-19.png?fit=1024%2C768&ssl=1&resize=350%2C200 1x, https:\/\/i0.wp.com\/wir2030.com\/wp-content\/uploads\/2025\/05\/image-19.png?fit=1024%2C768&ssl=1&resize=525%2C300 1.5x, https:\/\/i0.wp.com\/wir2030.com\/wp-content\/uploads\/2025\/05\/image-19.png?fit=1024%2C768&ssl=1&resize=700%2C400 2x"},"classes":[]},{"id":846,"url":"https:\/\/wir2030.com\/es\/2025\/05\/17\/tesis-8-la-vigilancia-digital-borra-la-libertad-no-el-virus\/","url_meta":{"origin":776,"position":5},"title":"Tesis 8: La vigilancia digital borra la libertad, no el virus.","author":"boschimo","date":"17 de mayo de 2025","format":false,"excerpt":"Explicaci\u00f3n y justificaci\u00f3n La digitalizaci\u00f3n puede ser una herramienta de liberaci\u00f3n, o de control.Puede facilitar la comunicaci\u00f3n, el acceso al conocimiento y la atenci\u00f3n m\u00e9dica, o mutar en el mayor aparato de vigilancia de la historia de la humanidad.La diferencia est\u00e1 en el objetivo, y en la intenci\u00f3n que hay\u2026","rel":"","context":"En \u00abEspanol\u00bb","block_context":{"text":"Espanol","link":"https:\/\/wir2030.com\/es\/category\/espanol\/"},"img":{"alt_text":"","src":"https:\/\/i0.wp.com\/wir2030.com\/wp-content\/uploads\/2025\/05\/image-9.png?fit=1024%2C768&ssl=1&resize=350%2C200","width":350,"height":200,"srcset":"https:\/\/i0.wp.com\/wir2030.com\/wp-content\/uploads\/2025\/05\/image-9.png?fit=1024%2C768&ssl=1&resize=350%2C200 1x, https:\/\/i0.wp.com\/wir2030.com\/wp-content\/uploads\/2025\/05\/image-9.png?fit=1024%2C768&ssl=1&resize=525%2C300 1.5x, https:\/\/i0.wp.com\/wir2030.com\/wp-content\/uploads\/2025\/05\/image-9.png?fit=1024%2C768&ssl=1&resize=700%2C400 2x"},"classes":[]}],"_links":{"self":[{"href":"https:\/\/wir2030.com\/es\/wp-json\/wp\/v2\/posts\/776","targetHints":{"allow":["GET"]}}],"collection":[{"href":"https:\/\/wir2030.com\/es\/wp-json\/wp\/v2\/posts"}],"about":[{"href":"https:\/\/wir2030.com\/es\/wp-json\/wp\/v2\/types\/post"}],"author":[{"embeddable":true,"href":"https:\/\/wir2030.com\/es\/wp-json\/wp\/v2\/users\/112514394"}],"replies":[{"embeddable":true,"href":"https:\/\/wir2030.com\/es\/wp-json\/wp\/v2\/comments?post=776"}],"version-history":[{"count":1,"href":"https:\/\/wir2030.com\/es\/wp-json\/wp\/v2\/posts\/776\/revisions"}],"predecessor-version":[{"id":780,"href":"https:\/\/wir2030.com\/es\/wp-json\/wp\/v2\/posts\/776\/revisions\/780"}],"wp:featuredmedia":[{"embeddable":true,"href":"https:\/\/wir2030.com\/es\/wp-json\/wp\/v2\/media\/529"}],"wp:attachment":[{"href":"https:\/\/wir2030.com\/es\/wp-json\/wp\/v2\/media?parent=776"}],"wp:term":[{"taxonomy":"category","embeddable":true,"href":"https:\/\/wir2030.com\/es\/wp-json\/wp\/v2\/categories?post=776"},{"taxonomy":"post_tag","embeddable":true,"href":"https:\/\/wir2030.com\/es\/wp-json\/wp\/v2\/tags?post=776"}],"curies":[{"name":"wp","href":"https:\/\/api.w.org\/{rel}","templated":true}]}}