{"id":770,"date":"2025-05-18T14:30:21","date_gmt":"2025-05-18T11:30:21","guid":{"rendered":"https:\/\/wir2030.com\/2025\/05\/18\/tesis-35-quien-defiende-la-democracia-no-es-un-extremista\/"},"modified":"2025-05-26T13:17:59","modified_gmt":"2025-05-26T10:17:59","slug":"tesis-35-quien-defiende-la-democracia-no-es-un-extremista","status":"publish","type":"post","link":"https:\/\/wir2030.com\/es\/2025\/05\/18\/tesis-35-quien-defiende-la-democracia-no-es-un-extremista\/","title":{"rendered":"Tesis 35: Quien defiende la democracia no es un extremista."},"content":{"rendered":"\n<p class=\"wp-block-paragraph\"><strong>Explicaci\u00f3n y justificaci\u00f3n<\/strong><\/p>\n\n<p class=\"wp-block-paragraph\"><strong>La democracia prospera con el compromiso de sus ciudadanos, no con su sumisi\u00f3n.<\/strong><br\/>Quien la defiende, se\u00f1ala agravios, exige derechos fundamentales y se opone al abuso de poder <strong>no act\u00faa radicalmente, sino democr\u00e1ticamente<\/strong>.<\/p>\n\n<p class=\"wp-block-paragraph\">Esta tesis establece un l\u00edmite claro contra una narrativa peligrosa:<\/p>\n\n<p class=\"wp-block-paragraph\"><strong>La cr\u00edtica no es extremismo. La resistencia a la injusticia no es radicalismo. Y los defensores de la democracia no son enemigos de la democracia.<\/strong><\/p>\n\n<p class=\"wp-block-paragraph\"><strong>Lo que estamos viviendo: La tergiversaci\u00f3n de los conceptos<\/strong><\/p>\n\n<p class=\"wp-block-paragraph\">A menudo lo experimentamos en tiempos de crisis o en sistemas autoritarios:<\/p>\n\n<ul class=\"wp-block-list\">\n<li><strong>Los ciudadanos que invocan derechos fundamentales son difamados como \u201calborotadores\u201d.<\/strong><\/li>\n\n\n\n<li><strong>Las protestas pac\u00edficas se presentan como \u201chostilidad al Estado\u201d.<\/strong><\/li>\n\n\n\n<li><strong>Los medios de comunicaci\u00f3n y los pol\u00edticos deslegitiman a la oposici\u00f3n con t\u00e9rminos como \u201cte\u00f3rico de la conspiraci\u00f3n\u201d, \u201cReichsb\u00fcrger\u201d, \u201cconspiranoico\u201d, \u201cderechista\u201d o \u201cenemigo de la democracia\u201d.<\/strong><\/li>\n<\/ul>\n\n<p class=\"wp-block-paragraph\"><strong>El que discrepa no es escuchado, sino sospechoso.<\/strong><\/p>\n\n<p class=\"wp-block-paragraph\">Eso es peligroso. Porque s\u00ed:<br\/><strong>Una democracia sin disidencia no es una democracia, es una ideolog\u00eda cerrada.<\/strong><\/p>\n\n<p class=\"wp-block-paragraph\"><strong>\u00bfQu\u00e9 es la verdadera democracia?<\/strong><\/p>\n\n<ul class=\"wp-block-list\">\n<li><strong>Estado de derecho - tambi\u00e9n para los cr\u00edticos.<\/strong><\/li>\n\n\n\n<li><strong>Libertad de expresi\u00f3n, incluso para los inc\u00f3modos.<\/strong><\/li>\n\n\n\n<li><strong>Libertad de reuni\u00f3n - tambi\u00e9n para las minor\u00edas.<\/strong><\/li>\n\n\n\n<li><strong>Oposici\u00f3n: no como enemigo, sino como autoridad de control.<\/strong><\/li>\n<\/ul>\n\n<p class=\"wp-block-paragraph\">La democracia necesita precisamente a aquellas personas que <strong>est\u00e9n dispuestas a defenderla<\/strong>, aunque resulte inc\u00f3modo o arriesgado.<\/p>\n\n<p class=\"wp-block-paragraph\"><strong>Por qu\u00e9 esta acusaci\u00f3n deslegitima<\/strong><\/p>\n\n<p class=\"wp-block-paragraph\">Quien califica de \u201cextremistas\u201d a ciudadanos comprometidos consigue tres cosas:<\/p>\n\n<ol class=\"wp-block-list\">\n<li><strong>Intimida a los dem\u00e1s<\/strong> para que no hablen cr\u00edticamente.<\/li>\n\n\n\n<li><strong>Desplaza el debate pol\u00edtico<\/strong> del contenido a la difamaci\u00f3n.<\/li>\n\n\n\n<li><strong>Destruye la idea b\u00e1sica pluralista de la democracia.<\/strong><\/li>\n<\/ol>\n\n<p class=\"wp-block-paragraph\"><strong>Esto no protege la democracia, sino que camufla el pensamiento autoritario.<\/strong><\/p>\n\n<p class=\"wp-block-paragraph\"><strong>Nuestra posici\u00f3n<\/strong><\/p>\n\n<p class=\"wp-block-paragraph\">We2030 dice:<\/p>\n\n<ul class=\"wp-block-list\">\n<li>La defensa de la libertad, los derechos fundamentales y el Estado de Derecho es <strong>la forma m\u00e1s elevada de responsabilidad democr\u00e1tica.<\/strong><\/li>\n\n\n\n<li>Criticar al Estado, las medidas o las instituciones <strong>no<\/strong> es <strong>extremismo, es una expresi\u00f3n de deber c\u00edvico.<\/strong><\/li>\n\n\n\n<li>Quienes defienden la ilustraci\u00f3n, la separaci\u00f3n de poderes, la libertad de opini\u00f3n y la democracia directa est\u00e1n en <strong>el centro de la \u00e9tica democr\u00e1tica<\/strong>.<\/li>\n<\/ul>\n\n<p class=\"wp-block-paragraph\">Por eso exigimos:<\/p>\n\n<ul class=\"wp-block-list\">\n<li>la <strong>rehabilitaci\u00f3n de los movimientos democr\u00e1ticos pac\u00edficos<\/strong><\/li>\n\n\n\n<li>la <strong>protecci\u00f3n de todos los ciudadanos frente a la difamaci\u00f3n estatal, medi\u00e1tica o social basada en cr\u00edticas leg\u00edtimas<\/strong><\/li>\n\n\n\n<li>una clara distinci\u00f3n entre <strong>la violencia extremista<\/strong> y la <strong>protesta democr\u00e1tica<\/strong><\/li>\n<\/ul>\n\n<p class=\"wp-block-paragraph\">Cualquiera <strong>que defienda la democracia no es un extremista.<\/strong><br\/>Cualquiera que lo llame as\u00ed ya ha abandonado la democracia.<\/p>\n","protected":false},"excerpt":{"rendered":"<p>Explicaci\u00f3n y justificaci\u00f3n La democracia prospera con el compromiso de sus ciudadanos, no con su sumisi\u00f3n.Quien la defiende, se\u00f1ala agravios, exige derechos fundamentales y se opone al abuso de poder no act\u00faa radicalmente, sino democr\u00e1ticamente. Esta tesis establece un l\u00edmite claro contra una narrativa peligrosa: La cr\u00edtica no es extremismo. La resistencia a la injusticia [&hellip;]<\/p>\n","protected":false},"author":112514394,"featured_media":479,"comment_status":"open","ping_status":"open","sticky":false,"template":"","format":"standard","meta":{"_crdt_document":"","advanced_seo_description":"","jetpack_seo_html_title":"","jetpack_seo_noindex":false,"_jetpack_newsletter_access":"","_jetpack_dont_email_post_to_subs":false,"_jetpack_newsletter_tier_id":0,"_jetpack_memberships_contains_paywalled_content":false,"_jetpack_memberships_contains_paid_content":false,"footnotes":"","jetpack_publicize_message":"","jetpack_publicize_feature_enabled":true,"jetpack_social_post_already_shared":true,"jetpack_social_options":{"image_generator_settings":{"template":"highway","default_image_id":0,"font":"","enabled":false},"version":2},"_wpas_customize_per_network":false,"jetpack_post_was_ever_published":false},"categories":[10096791],"tags":[],"class_list":["post-770","post","type-post","status-publish","format-standard","has-post-thumbnail","hentry","category-espanol"],"jetpack_publicize_connections":[],"jetpack_featured_media_url":"https:\/\/i0.wp.com\/wir2030.com\/wp-content\/uploads\/2025\/05\/image-13.png?fit=1024%2C768&ssl=1","jetpack_likes_enabled":true,"jetpack_sharing_enabled":true,"jetpack_shortlink":"https:\/\/wp.me\/pgv6KY-cq","jetpack-related-posts":[{"id":862,"url":"https:\/\/wir2030.com\/es\/2025\/05\/17\/tesis-9-toda-medida-sin-debate-es-un-golpe-a-la-democracia\/","url_meta":{"origin":770,"position":0},"title":"Tesis 9: Toda medida sin debate es un golpe a la democracia.","author":"boschimo","date":"17 de mayo de 2025","format":false,"excerpt":"Explicaci\u00f3n y justificaci\u00f3n La democracia se nutre de la controversia: del intercambio abierto de opiniones diferentes, de los debates p\u00fablicos, de la cr\u00edtica, del discurso contrario y de la correcci\u00f3n. Las decisiones que afectan a todos no deben tomarse nunca en la sombra. Deben estar a la vista del p\u00fablico,\u2026","rel":"","context":"En \u00abEspanol\u00bb","block_context":{"text":"Espanol","link":"https:\/\/wir2030.com\/es\/category\/espanol\/"},"img":{"alt_text":"","src":"https:\/\/i0.wp.com\/wir2030.com\/wp-content\/uploads\/2025\/05\/image-10.png?fit=1024%2C768&ssl=1&resize=350%2C200","width":350,"height":200,"srcset":"https:\/\/i0.wp.com\/wir2030.com\/wp-content\/uploads\/2025\/05\/image-10.png?fit=1024%2C768&ssl=1&resize=350%2C200 1x, https:\/\/i0.wp.com\/wir2030.com\/wp-content\/uploads\/2025\/05\/image-10.png?fit=1024%2C768&ssl=1&resize=525%2C300 1.5x, https:\/\/i0.wp.com\/wir2030.com\/wp-content\/uploads\/2025\/05\/image-10.png?fit=1024%2C768&ssl=1&resize=700%2C400 2x"},"classes":[]},{"id":859,"url":"https:\/\/wir2030.com\/es\/2025\/05\/17\/tesis-10-la-libertad-de-expresion-no-es-relativa-es-absoluta\/","url_meta":{"origin":770,"position":1},"title":"Tesis 10: La libertad de expresi\u00f3n no es relativa, es absoluta.","author":"boschimo","date":"17 de mayo de 2025","format":false,"excerpt":"Explicaci\u00f3n y justificaci\u00f3n La libertad de opini\u00f3n no es un privilegio, sino un derecho humano.No es negociable, no depende de mayor\u00edas, no est\u00e1 limitada por ideolog\u00edas ni por el zeitgeist.Se aplica a todas las personas, sobre todos los temas, en todos los tiempos. Y es especialmente valioso cuando protege las\u2026","rel":"","context":"En \u00abEspanol\u00bb","block_context":{"text":"Espanol","link":"https:\/\/wir2030.com\/es\/category\/espanol\/"},"img":{"alt_text":"","src":"https:\/\/i0.wp.com\/wir2030.com\/wp-content\/uploads\/2025\/05\/10-die-meinungsfreiheit-ist-nicht-relativ-sie-ist.png?fit=1024%2C768&ssl=1&resize=350%2C200","width":350,"height":200,"srcset":"https:\/\/i0.wp.com\/wir2030.com\/wp-content\/uploads\/2025\/05\/10-die-meinungsfreiheit-ist-nicht-relativ-sie-ist.png?fit=1024%2C768&ssl=1&resize=350%2C200 1x, https:\/\/i0.wp.com\/wir2030.com\/wp-content\/uploads\/2025\/05\/10-die-meinungsfreiheit-ist-nicht-relativ-sie-ist.png?fit=1024%2C768&ssl=1&resize=525%2C300 1.5x, https:\/\/i0.wp.com\/wir2030.com\/wp-content\/uploads\/2025\/05\/10-die-meinungsfreiheit-ist-nicht-relativ-sie-ist.png?fit=1024%2C768&ssl=1&resize=700%2C400 2x"},"classes":[]},{"id":744,"url":"https:\/\/wir2030.com\/es\/2025\/05\/20\/tesis-25-la-democracia-necesita-educacion-libre-no-programas-estatales-de-reeducacion\/","url_meta":{"origin":770,"position":2},"title":"Tesis 25: La democracia necesita educaci\u00f3n libre, no programas estatales de reeducaci\u00f3n.","author":"boschimo","date":"20 de mayo de 2025","format":false,"excerpt":"Explicaci\u00f3n y justificaci\u00f3n La educaci\u00f3n es la base de toda democracia viva.Debe capacitar a las personas para pensar por s\u00ed mismas, examinar las cosas de forma cr\u00edtica, asumir responsabilidades y configurar activamente su entorno.La educaci\u00f3n libre est\u00e1 al servicio de la liberaci\u00f3n, no del conformismo.Un Estado que utiliza indebidamente la\u2026","rel":"","context":"En \u00abEspanol\u00bb","block_context":{"text":"Espanol","link":"https:\/\/wir2030.com\/es\/category\/espanol\/"},"img":{"alt_text":"","src":"https:\/\/i0.wp.com\/wir2030.com\/wp-content\/uploads\/2025\/05\/ein-bild-mit-europaischen-schulern-in-einer-schule.png?fit=1024%2C768&ssl=1&resize=350%2C200","width":350,"height":200,"srcset":"https:\/\/i0.wp.com\/wir2030.com\/wp-content\/uploads\/2025\/05\/ein-bild-mit-europaischen-schulern-in-einer-schule.png?fit=1024%2C768&ssl=1&resize=350%2C200 1x, https:\/\/i0.wp.com\/wir2030.com\/wp-content\/uploads\/2025\/05\/ein-bild-mit-europaischen-schulern-in-einer-schule.png?fit=1024%2C768&ssl=1&resize=525%2C300 1.5x, https:\/\/i0.wp.com\/wir2030.com\/wp-content\/uploads\/2025\/05\/ein-bild-mit-europaischen-schulern-in-einer-schule.png?fit=1024%2C768&ssl=1&resize=700%2C400 2x"},"classes":[]},{"id":846,"url":"https:\/\/wir2030.com\/es\/2025\/05\/17\/tesis-8-la-vigilancia-digital-borra-la-libertad-no-el-virus\/","url_meta":{"origin":770,"position":3},"title":"Tesis 8: La vigilancia digital borra la libertad, no el virus.","author":"boschimo","date":"17 de mayo de 2025","format":false,"excerpt":"Explicaci\u00f3n y justificaci\u00f3n La digitalizaci\u00f3n puede ser una herramienta de liberaci\u00f3n, o de control.Puede facilitar la comunicaci\u00f3n, el acceso al conocimiento y la atenci\u00f3n m\u00e9dica, o mutar en el mayor aparato de vigilancia de la historia de la humanidad.La diferencia est\u00e1 en el objetivo, y en la intenci\u00f3n que hay\u2026","rel":"","context":"En \u00abEspanol\u00bb","block_context":{"text":"Espanol","link":"https:\/\/wir2030.com\/es\/category\/espanol\/"},"img":{"alt_text":"","src":"https:\/\/i0.wp.com\/wir2030.com\/wp-content\/uploads\/2025\/05\/image-9.png?fit=1024%2C768&ssl=1&resize=350%2C200","width":350,"height":200,"srcset":"https:\/\/i0.wp.com\/wir2030.com\/wp-content\/uploads\/2025\/05\/image-9.png?fit=1024%2C768&ssl=1&resize=350%2C200 1x, https:\/\/i0.wp.com\/wir2030.com\/wp-content\/uploads\/2025\/05\/image-9.png?fit=1024%2C768&ssl=1&resize=525%2C300 1.5x, https:\/\/i0.wp.com\/wir2030.com\/wp-content\/uploads\/2025\/05\/image-9.png?fit=1024%2C768&ssl=1&resize=700%2C400 2x"},"classes":[]},{"id":807,"url":"https:\/\/wir2030.com\/es\/2025\/05\/17\/tesis-3-la-dictadura-comienza-cuando-los-medios-de-comunicacion-estan-sincronizados\/","url_meta":{"origin":770,"position":4},"title":"Tesis 3: La dictadura comienza cuando los medios de comunicaci\u00f3n est\u00e1n sincronizados.","author":"boschimo","date":"17 de mayo de 2025","format":false,"excerpt":"Explicaci\u00f3n y justificaci\u00f3n Una sociedad libre se nutre del discurso abierto, del choque de opiniones y de la competencia de ideas. Los medios de comunicaci\u00f3n desempe\u00f1an un papel clave en esto: deben informar, ilustrar y controlar, no adoctrinar. Son el cuarto pilar no oficial de la separaci\u00f3n de poderes. Sin\u2026","rel":"","context":"En \u00abNicht kategorisiert\u00bb","block_context":{"text":"Nicht kategorisiert","link":"https:\/\/wir2030.com\/category\/nicht-kategorisiert\/"},"img":{"alt_text":"","src":"https:\/\/i0.wp.com\/wir2030.com\/wp-content\/uploads\/2025\/05\/image-4.png?fit=1024%2C768&ssl=1&resize=350%2C200","width":350,"height":200,"srcset":"https:\/\/i0.wp.com\/wir2030.com\/wp-content\/uploads\/2025\/05\/image-4.png?fit=1024%2C768&ssl=1&resize=350%2C200 1x, https:\/\/i0.wp.com\/wir2030.com\/wp-content\/uploads\/2025\/05\/image-4.png?fit=1024%2C768&ssl=1&resize=525%2C300 1.5x, https:\/\/i0.wp.com\/wir2030.com\/wp-content\/uploads\/2025\/05\/image-4.png?fit=1024%2C768&ssl=1&resize=700%2C400 2x"},"classes":[]},{"id":737,"url":"https:\/\/wir2030.com\/es\/2025\/05\/21\/tesis-21-toda-sociedad-necesita-denunciantes-no-informadores\/","url_meta":{"origin":770,"position":5},"title":"Tesis 21: Toda sociedad necesita denunciantes, no informadores.","author":"boschimo","date":"21 de mayo de 2025","format":false,"excerpt":"Explicaci\u00f3n y justificaci\u00f3n Una sociedad sana se nutre de la educaci\u00f3n, la transparencia y la capacidad de autocorrecci\u00f3n.Para ello, necesita personas valientes que se\u00f1alen los agravios, no que vigilen a sus semejantes.Los delatores son un signo de integridad. Los delatores son un signo del imperio del miedo. Esta tesis es\u2026","rel":"","context":"En \u00abEspanol\u00bb","block_context":{"text":"Espanol","link":"https:\/\/wir2030.com\/es\/category\/espanol\/"},"img":{"alt_text":"","src":"https:\/\/i0.wp.com\/wir2030.com\/wp-content\/uploads\/2025\/05\/image-18.png?fit=1024%2C768&ssl=1&resize=350%2C200","width":350,"height":200,"srcset":"https:\/\/i0.wp.com\/wir2030.com\/wp-content\/uploads\/2025\/05\/image-18.png?fit=1024%2C768&ssl=1&resize=350%2C200 1x, https:\/\/i0.wp.com\/wir2030.com\/wp-content\/uploads\/2025\/05\/image-18.png?fit=1024%2C768&ssl=1&resize=525%2C300 1.5x, https:\/\/i0.wp.com\/wir2030.com\/wp-content\/uploads\/2025\/05\/image-18.png?fit=1024%2C768&ssl=1&resize=700%2C400 2x"},"classes":[]}],"_links":{"self":[{"href":"https:\/\/wir2030.com\/es\/wp-json\/wp\/v2\/posts\/770","targetHints":{"allow":["GET"]}}],"collection":[{"href":"https:\/\/wir2030.com\/es\/wp-json\/wp\/v2\/posts"}],"about":[{"href":"https:\/\/wir2030.com\/es\/wp-json\/wp\/v2\/types\/post"}],"author":[{"embeddable":true,"href":"https:\/\/wir2030.com\/es\/wp-json\/wp\/v2\/users\/112514394"}],"replies":[{"embeddable":true,"href":"https:\/\/wir2030.com\/es\/wp-json\/wp\/v2\/comments?post=770"}],"version-history":[{"count":1,"href":"https:\/\/wir2030.com\/es\/wp-json\/wp\/v2\/posts\/770\/revisions"}],"predecessor-version":[{"id":775,"href":"https:\/\/wir2030.com\/es\/wp-json\/wp\/v2\/posts\/770\/revisions\/775"}],"wp:featuredmedia":[{"embeddable":true,"href":"https:\/\/wir2030.com\/es\/wp-json\/wp\/v2\/media\/479"}],"wp:attachment":[{"href":"https:\/\/wir2030.com\/es\/wp-json\/wp\/v2\/media?parent=770"}],"wp:term":[{"taxonomy":"category","embeddable":true,"href":"https:\/\/wir2030.com\/es\/wp-json\/wp\/v2\/categories?post=770"},{"taxonomy":"post_tag","embeddable":true,"href":"https:\/\/wir2030.com\/es\/wp-json\/wp\/v2\/tags?post=770"}],"curies":[{"name":"wp","href":"https:\/\/api.w.org\/{rel}","templated":true}]}}