{"id":757,"date":"2025-05-20T11:40:00","date_gmt":"2025-05-20T08:40:00","guid":{"rendered":"https:\/\/wir2030.com\/2025\/05\/20\/tesis-89-si-el-estado-lo-controla-todo-no-hay-lugar-para-la-responsabilidad\/"},"modified":"2025-05-26T13:17:59","modified_gmt":"2025-05-26T10:17:59","slug":"tesis-89-si-el-estado-lo-controla-todo-no-hay-lugar-para-la-responsabilidad","status":"publish","type":"post","link":"https:\/\/wir2030.com\/es\/2025\/05\/20\/tesis-89-si-el-estado-lo-controla-todo-no-hay-lugar-para-la-responsabilidad\/","title":{"rendered":"Tesis 89: Si el Estado lo controla todo, no hay lugar para la responsabilidad."},"content":{"rendered":"\n<p class=\"wp-block-paragraph\"><strong>Explicaci\u00f3n y justificaci\u00f3n<\/strong><br\/>La responsabilidad comienza donde se concede la libertad.<br\/>S\u00f3lo aquellos a los que se permite decidir pueden tambi\u00e9n ser responsables.<br\/>Pero si el Estado regula, controla, sanciona y prescribe cada detalle,<br\/>priva a las personas de la oportunidad de ser responsables en absoluto.<\/p>\n\n<p class=\"wp-block-paragraph\"><strong>C\u00f3mo ocurre<\/strong><\/p>\n\n<ul class=\"wp-block-list\">\n<li>La salud se gestiona en lugar de moldearse<\/li>\n\n\n\n<li>Se controla la educaci\u00f3n en lugar de acompa\u00f1arla<\/li>\n\n\n\n<li>Se eval\u00faan las opiniones en lugar de ponerlas a prueba<\/li>\n\n\n\n<li>Las decisiones est\u00e1n predeterminadas en lugar de desarrolladas<\/li>\n\n\n\n<li>Las leyes se acaparan en lugar de entenderse<\/li>\n\n\n\n<li>Los p\u00e1rrafos sustituyen la justicia por la tecnolog\u00eda<\/li>\n\n\n\n<li>Incluso las normas hist\u00f3ricas de injusticia (de la \u00e9poca nazi o de Weimar) siguen aplic\u00e1ndose<\/li>\n\n\n\n<li>La decisi\u00f3n caso por caso se sustituye por una normativa r\u00edgida<\/li>\n\n\n\n<li>La jurisdicci\u00f3n se convierte en una especialidad, ya no es un derecho civil<br\/>Esto crea una sociedad de dependientes, no de autodeterminados.<\/li>\n<\/ul>\n\n<p class=\"wp-block-paragraph\"><strong>Por qu\u00e9 es importante la responsabilidad<\/strong><\/p>\n\n<ul class=\"wp-block-list\">\n<li>Capacita a las personas<\/li>\n\n\n\n<li>Permite la empat\u00eda y el juicio<\/li>\n\n\n\n<li>Fortalece la comunidad mediante el codise\u00f1o<\/li>\n\n\n\n<li>Permite cometer errores - y crecer<\/li>\n\n\n\n<li>Exige confrontaci\u00f3n en lugar de obediencia<\/li>\n\n\n\n<li>Necesita una visi\u00f3n de conjunto, no exigencias excesivas<br\/>Porque si vas a asumir responsabilidades, necesitas conocer y comprender las normas. Pero esto apenas es posible hoy en d\u00eda: la abundancia de leyes es tan confusa que incluso los expertos fracasan a menudo, y los ciudadanos de a pie hace tiempo que se han dado por vencidos.<\/li>\n<\/ul>\n\n<p class=\"wp-block-paragraph\"><strong>Nuestra postura<\/strong><br\/><strong>Nosotros2030 decimos:<\/strong><br\/>Una comunidad libre no necesita una jungla burocr\u00e1tica, sino un marco legal sencillo y comprensible, apoyado por el pueblo.<br\/>El n\u00famero de leyes debe reducirse a lo esencial, tan manejable que pueda ense\u00f1arse en la escuela.<br\/>No en vano Dios dio a la humanidad <strong>diez mandamientos<\/strong>, y no una continuaci\u00f3n legalista.<\/p>\n\n<p class=\"wp-block-paragraph\"><strong>Toda ley necesita una fecha de caducidad.<\/strong><br\/>Las leyes no deben aplicarse eternamente, sino que deben tener una <strong>vida media<\/strong>, tras la cual se revisan y se confirman, adaptan o anulan. \u00c9sta es la \u00fanica forma de evitar que las viejas formas de pensar y las estructuras autoritarias se arrastren inadvertidas hacia el futuro.<br\/>\u00c9sta es la \u00fanica forma de dar a los jueces, a los abogados defensores y a los ciudadanos la libertad que necesitan para luchar por una justicia real en cada caso individual, en lugar de aferrarse ciegamente a normas anticuadas.<\/p>\n\n<p class=\"wp-block-paragraph\"><strong>Un sistema jur\u00eddico verdaderamente justo debe ser tan comprensible que todo el mundo pueda defenderse, sin tener que estudiar derecho.<\/strong><br\/>Porque s\u00f3lo lo que la gente puede comprender puede percibir como justo.<\/p>\n\n<p class=\"wp-block-paragraph\"><strong>La responsabilidad no es un riesgo que el Estado deba minimizar, sino una dignidad que debe proteger.<\/strong><br\/>Cuando el Estado lo controla todo, no educa ciudadanos, sino s\u00fabditos.<br\/>Y una sociedad sin responsabilidad no es una sociedad libre.<\/p>\n","protected":false},"excerpt":{"rendered":"<p>Explicaci\u00f3n y justificaci\u00f3nLa responsabilidad comienza donde se concede la libertad.S\u00f3lo aquellos a los que se permite decidir pueden tambi\u00e9n ser responsables.Pero si el Estado regula, controla, sanciona y prescribe cada detalle,priva a las personas de la oportunidad de ser responsables en absoluto. C\u00f3mo ocurre Por qu\u00e9 es importante la responsabilidad Nuestra posturaNosotros2030 decimos:Una comunidad libre [&hellip;]<\/p>\n","protected":false},"author":112514394,"featured_media":554,"comment_status":"open","ping_status":"open","sticky":false,"template":"","format":"standard","meta":{"_crdt_document":"","advanced_seo_description":"","jetpack_seo_html_title":"","jetpack_seo_noindex":false,"_jetpack_newsletter_access":"","_jetpack_dont_email_post_to_subs":false,"_jetpack_newsletter_tier_id":0,"_jetpack_memberships_contains_paywalled_content":false,"_jetpack_memberships_contains_paid_content":false,"footnotes":"","jetpack_publicize_message":"","jetpack_publicize_feature_enabled":true,"jetpack_social_post_already_shared":true,"jetpack_social_options":{"image_generator_settings":{"template":"highway","default_image_id":0,"font":"","enabled":false},"version":2},"_wpas_customize_per_network":false,"jetpack_post_was_ever_published":false},"categories":[10096791],"tags":[],"class_list":["post-757","post","type-post","status-publish","format-standard","has-post-thumbnail","hentry","category-espanol"],"jetpack_publicize_connections":[],"jetpack_featured_media_url":"https:\/\/i0.wp.com\/wir2030.com\/wp-content\/uploads\/2025\/05\/ein-mensch-verirrt-im-paragraphen-dschungel.png?fit=1024%2C768&ssl=1","jetpack_likes_enabled":true,"jetpack_sharing_enabled":true,"jetpack_shortlink":"https:\/\/wp.me\/pgv6KY-cd","jetpack-related-posts":[{"id":1379,"url":"https:\/\/wir2030.com\/es\/2025\/06\/04\/tesis-87-el-control-no-genera-confianza\/","url_meta":{"origin":757,"position":0},"title":"Tesis 87: El control no genera confianza.","author":"boschimo","date":"4 de junio de 2025","format":false,"excerpt":"Explicaci\u00f3n y justificaci\u00f3n La confianza es un bien vivo. No la crean las normas, las c\u00e1maras ni la coacci\u00f3n.La confianza es una oferta, no una orden. Prospera en el espacio de libertad y se ahoga bajo el peso de la vigilancia. Pero el mundo moderno parece haber olvidado este principio.En\u2026","rel":"","context":"En \u00abEspanol\u00bb","block_context":{"text":"Espanol","link":"https:\/\/wir2030.com\/es\/category\/espanol\/"},"img":{"alt_text":"","src":"https:\/\/i0.wp.com\/wir2030.com\/wp-content\/uploads\/2025\/05\/image-34.png?fit=1024%2C768&ssl=1&resize=350%2C200","width":350,"height":200,"srcset":"https:\/\/i0.wp.com\/wir2030.com\/wp-content\/uploads\/2025\/05\/image-34.png?fit=1024%2C768&ssl=1&resize=350%2C200 1x, https:\/\/i0.wp.com\/wir2030.com\/wp-content\/uploads\/2025\/05\/image-34.png?fit=1024%2C768&ssl=1&resize=525%2C300 1.5x, https:\/\/i0.wp.com\/wir2030.com\/wp-content\/uploads\/2025\/05\/image-34.png?fit=1024%2C768&ssl=1&resize=700%2C400 2x"},"classes":[]},{"id":834,"url":"https:\/\/wir2030.com\/es\/2025\/05\/17\/tesis-6-la-salud-no-se-puede-forzar-es-una-responsabilidad-individual\/","url_meta":{"origin":757,"position":1},"title":"Tesis 6: La salud no se puede forzar, es una responsabilidad individual.","author":"boschimo","date":"17 de mayo de 2025","format":false,"excerpt":"Explicaci\u00f3n y justificaci\u00f3n La salud no es una tarea estatal en el sentido de control, sino una decisi\u00f3n y una responsabilidad personales. Est\u00e1 indisolublemente ligada a la libertad, la autodeterminaci\u00f3n y la confianza. Cada persona es \u00fanica: en su cuerpo, sus experiencias, sus riesgos, su biograf\u00eda. Por tanto, la salud\u2026","rel":"","context":"En \u00abEspanol\u00bb","block_context":{"text":"Espanol","link":"https:\/\/wir2030.com\/es\/category\/espanol\/"},"img":{"alt_text":"","src":"https:\/\/i0.wp.com\/wir2030.com\/wp-content\/uploads\/2025\/05\/create-a-highly-detailed-image-showcasing-the-theme-of-personal.png?fit=1024%2C768&ssl=1&resize=350%2C200","width":350,"height":200,"srcset":"https:\/\/i0.wp.com\/wir2030.com\/wp-content\/uploads\/2025\/05\/create-a-highly-detailed-image-showcasing-the-theme-of-personal.png?fit=1024%2C768&ssl=1&resize=350%2C200 1x, https:\/\/i0.wp.com\/wir2030.com\/wp-content\/uploads\/2025\/05\/create-a-highly-detailed-image-showcasing-the-theme-of-personal.png?fit=1024%2C768&ssl=1&resize=525%2C300 1.5x, https:\/\/i0.wp.com\/wir2030.com\/wp-content\/uploads\/2025\/05\/create-a-highly-detailed-image-showcasing-the-theme-of-personal.png?fit=1024%2C768&ssl=1&resize=700%2C400 2x"},"classes":[]},{"id":1142,"url":"https:\/\/wir2030.com\/es\/2025\/05\/27\/tesis-44-creer-en-las-instituciones-no-sustituye-a-la-responsabilidad-personal\/","url_meta":{"origin":757,"position":2},"title":"Tesis 44: Creer en las instituciones no sustituye a la responsabilidad personal.","author":"boschimo","date":"27 de mayo de 2025","format":false,"excerpt":"Explicaci\u00f3n y justificaci\u00f3n Las instituciones se crean para las personas, no al rev\u00e9s.Pero en tiempos de crisis, solemos experimentar lo contrario:En lugar de pensar, examinar y actuar de forma independiente, muchas personas se aferran a las autoridades, los consejos de expertos y las organizaciones supranacionales como si fueran una verdad\u2026","rel":"","context":"En \u00abEspanol\u00bb","block_context":{"text":"Espanol","link":"https:\/\/wir2030.com\/es\/category\/espanol\/"},"img":{"alt_text":"","src":"https:\/\/i0.wp.com\/wir2030.com\/wp-content\/uploads\/2025\/05\/male-einen-menschen-der-einem-polizisten-das-grundgesetz-wie-eine.png?fit=1024%2C768&ssl=1&resize=350%2C200","width":350,"height":200,"srcset":"https:\/\/i0.wp.com\/wir2030.com\/wp-content\/uploads\/2025\/05\/male-einen-menschen-der-einem-polizisten-das-grundgesetz-wie-eine.png?fit=1024%2C768&ssl=1&resize=350%2C200 1x, https:\/\/i0.wp.com\/wir2030.com\/wp-content\/uploads\/2025\/05\/male-einen-menschen-der-einem-polizisten-das-grundgesetz-wie-eine.png?fit=1024%2C768&ssl=1&resize=525%2C300 1.5x, https:\/\/i0.wp.com\/wir2030.com\/wp-content\/uploads\/2025\/05\/male-einen-menschen-der-einem-polizisten-das-grundgesetz-wie-eine.png?fit=1024%2C768&ssl=1&resize=700%2C400 2x"},"classes":[]},{"id":726,"url":"https:\/\/wir2030.com\/es\/2025\/05\/21\/tesis-34-las-crisis-revelan-el-caracter-de-los-gobernantes\/","url_meta":{"origin":757,"position":3},"title":"Tesis 34: Las crisis revelan el car\u00e1cter de los gobernantes.","author":"boschimo","date":"21 de mayo de 2025","format":false,"excerpt":"Explicaci\u00f3n y justificaci\u00f3n En tiempos normales, es f\u00e1cil parecer un estadista, hacer concesiones y hacer hincapi\u00e9 en los valores democr\u00e1ticos.Pero en tiempos de crisis, la m\u00e1scara cae.Cuando el poder est\u00e1 bajo presi\u00f3n, queda claro qu\u00e9 imagen de humanidad, qu\u00e9 actitud y qu\u00e9 \u00e9tica gu\u00edan realmente la acci\u00f3n pol\u00edtica. Esta tesis\u2026","rel":"","context":"En \u00abEspanol\u00bb","block_context":{"text":"Espanol","link":"https:\/\/wir2030.com\/es\/category\/espanol\/"},"img":{"alt_text":"","src":"https:\/\/i0.wp.com\/wir2030.com\/wp-content\/uploads\/2025\/05\/image-19.png?fit=1024%2C768&ssl=1&resize=350%2C200","width":350,"height":200,"srcset":"https:\/\/i0.wp.com\/wir2030.com\/wp-content\/uploads\/2025\/05\/image-19.png?fit=1024%2C768&ssl=1&resize=350%2C200 1x, https:\/\/i0.wp.com\/wir2030.com\/wp-content\/uploads\/2025\/05\/image-19.png?fit=1024%2C768&ssl=1&resize=525%2C300 1.5x, https:\/\/i0.wp.com\/wir2030.com\/wp-content\/uploads\/2025\/05\/image-19.png?fit=1024%2C768&ssl=1&resize=700%2C400 2x"},"classes":[]},{"id":1170,"url":"https:\/\/wir2030.com\/es\/2025\/05\/28\/tesis-71-un-buen-estado-protege-a-sus-criticos-no-a-su-poder\/","url_meta":{"origin":757,"position":4},"title":"Tesis 71: Un buen Estado protege a sus cr\u00edticos, no a su poder.","author":"boschimo","date":"28 de mayo de 2025","format":false,"excerpt":"Explicaci\u00f3n y justificaci\u00f3n La verdadera madurez de un estado no se demuestra por el aplauso de la mayor\u00eda,sino por c\u00f3mo trata la disidencia de la minor\u00eda. El consentimiento es c\u00f3modo, predecible, controlable.Pero la cr\u00edtica es inc\u00f3moda, impredecible y, por tanto, valiosa. La cr\u00edtica no es un ataque, sino un sistema\u2026","rel":"","context":"En \u00abEspanol\u00bb","block_context":{"text":"Espanol","link":"https:\/\/wir2030.com\/es\/category\/espanol\/"},"img":{"alt_text":"","src":"https:\/\/i0.wp.com\/wir2030.com\/wp-content\/uploads\/2025\/05\/menschen-verschiedener-meinung-europaer-vor-dem-bundestag-statt-weissem-haus.png?fit=1024%2C768&ssl=1&resize=350%2C200","width":350,"height":200,"srcset":"https:\/\/i0.wp.com\/wir2030.com\/wp-content\/uploads\/2025\/05\/menschen-verschiedener-meinung-europaer-vor-dem-bundestag-statt-weissem-haus.png?fit=1024%2C768&ssl=1&resize=350%2C200 1x, https:\/\/i0.wp.com\/wir2030.com\/wp-content\/uploads\/2025\/05\/menschen-verschiedener-meinung-europaer-vor-dem-bundestag-statt-weissem-haus.png?fit=1024%2C768&ssl=1&resize=525%2C300 1.5x, https:\/\/i0.wp.com\/wir2030.com\/wp-content\/uploads\/2025\/05\/menschen-verschiedener-meinung-europaer-vor-dem-bundestag-statt-weissem-haus.png?fit=1024%2C768&ssl=1&resize=700%2C400 2x"},"classes":[]},{"id":1387,"url":"https:\/\/wir2030.com\/es\/2025\/06\/02\/tesis-67-el-totalitarismo-no-comienza-con-las-cadenas-sino-con-la-perdida-de-responsabilidad\/","url_meta":{"origin":757,"position":5},"title":"Tesis 67: El totalitarismo no comienza con las cadenas, sino con la p\u00e9rdida de responsabilidad.","author":"boschimo","date":"2 de junio de 2025","format":false,"excerpt":"Explicaci\u00f3n y justificaci\u00f3n Los sistemas totalitarios rara vez vienen con uniformes, sirenas o violencia.A menudo aparecen como amables ayudantes: como autoridades sanitarias, asesores de seguridad, salvadores del clima, protectores de la infancia o agencias de innovaci\u00f3n digital.Apelan al bien, hablan de responsabilidad, pero significan obediencia. El totalitarismo moderno comienza donde\u2026","rel":"","context":"En \u00abEspanol\u00bb","block_context":{"text":"Espanol","link":"https:\/\/wir2030.com\/es\/category\/espanol\/"},"img":{"alt_text":"","src":"https:\/\/i0.wp.com\/wir2030.com\/wp-content\/uploads\/2025\/05\/image-33.png?fit=1024%2C768&ssl=1&resize=350%2C200","width":350,"height":200,"srcset":"https:\/\/i0.wp.com\/wir2030.com\/wp-content\/uploads\/2025\/05\/image-33.png?fit=1024%2C768&ssl=1&resize=350%2C200 1x, https:\/\/i0.wp.com\/wir2030.com\/wp-content\/uploads\/2025\/05\/image-33.png?fit=1024%2C768&ssl=1&resize=525%2C300 1.5x, https:\/\/i0.wp.com\/wir2030.com\/wp-content\/uploads\/2025\/05\/image-33.png?fit=1024%2C768&ssl=1&resize=700%2C400 2x"},"classes":[]}],"_links":{"self":[{"href":"https:\/\/wir2030.com\/es\/wp-json\/wp\/v2\/posts\/757","targetHints":{"allow":["GET"]}}],"collection":[{"href":"https:\/\/wir2030.com\/es\/wp-json\/wp\/v2\/posts"}],"about":[{"href":"https:\/\/wir2030.com\/es\/wp-json\/wp\/v2\/types\/post"}],"author":[{"embeddable":true,"href":"https:\/\/wir2030.com\/es\/wp-json\/wp\/v2\/users\/112514394"}],"replies":[{"embeddable":true,"href":"https:\/\/wir2030.com\/es\/wp-json\/wp\/v2\/comments?post=757"}],"version-history":[{"count":1,"href":"https:\/\/wir2030.com\/es\/wp-json\/wp\/v2\/posts\/757\/revisions"}],"predecessor-version":[{"id":762,"href":"https:\/\/wir2030.com\/es\/wp-json\/wp\/v2\/posts\/757\/revisions\/762"}],"wp:featuredmedia":[{"embeddable":true,"href":"https:\/\/wir2030.com\/es\/wp-json\/wp\/v2\/media\/554"}],"wp:attachment":[{"href":"https:\/\/wir2030.com\/es\/wp-json\/wp\/v2\/media?parent=757"}],"wp:term":[{"taxonomy":"category","embeddable":true,"href":"https:\/\/wir2030.com\/es\/wp-json\/wp\/v2\/categories?post=757"},{"taxonomy":"post_tag","embeddable":true,"href":"https:\/\/wir2030.com\/es\/wp-json\/wp\/v2\/tags?post=757"}],"curies":[{"name":"wp","href":"https:\/\/api.w.org\/{rel}","templated":true}]}}