{"id":744,"date":"2025-05-20T16:44:00","date_gmt":"2025-05-20T13:44:00","guid":{"rendered":"https:\/\/wir2030.com\/2025\/05\/20\/tesis-25-la-democracia-necesita-educacion-libre-no-programas-estatales-de-reeducacion\/"},"modified":"2025-05-26T13:17:58","modified_gmt":"2025-05-26T10:17:58","slug":"tesis-25-la-democracia-necesita-educacion-libre-no-programas-estatales-de-reeducacion","status":"publish","type":"post","link":"https:\/\/wir2030.com\/es\/2025\/05\/20\/tesis-25-la-democracia-necesita-educacion-libre-no-programas-estatales-de-reeducacion\/","title":{"rendered":"Tesis 25: La democracia necesita educaci\u00f3n libre, no programas estatales de reeducaci\u00f3n."},"content":{"rendered":"\n<p class=\"wp-block-paragraph\"><\/p>\n\n<p class=\"wp-block-paragraph\"><strong>Explicaci\u00f3n y justificaci\u00f3n<\/strong><\/p>\n\n<p class=\"wp-block-paragraph\"><strong>La educaci\u00f3n es la base de toda democracia viva.<\/strong><br\/>Debe capacitar a las personas para pensar por s\u00ed mismas, examinar las cosas de forma cr\u00edtica, asumir responsabilidades y configurar activamente su entorno.<br\/><strong>La educaci\u00f3n libre est\u00e1 al servicio de la liberaci\u00f3n, no del conformismo.<\/strong><br\/>Un Estado que utiliza indebidamente la educaci\u00f3n para la reeducaci\u00f3n ideol\u00f3gica destruye lo que es la democracia:<br\/><strong>la diversidad de opiniones y la libertad de pensamiento.<\/strong><\/p>\n\n<p class=\"wp-block-paragraph\"><strong>\u00bfQu\u00e9 es la educaci\u00f3n gratuita?<\/strong><\/p>\n\n<p class=\"wp-block-paragraph\">Educaci\u00f3n gratuita significa:<\/p>\n\n<ul class=\"wp-block-list\">\n<li><strong>Acceso al conocimiento sin filtros ideol\u00f3gicos<\/strong>,<\/li>\n\n\n\n<li>Fomentar la capacidad de criticar en lugar de fijar opiniones,<\/li>\n\n\n\n<li>el derecho a las alternativas en el pensamiento, el debate y la acci\u00f3n,<\/li>\n\n\n\n<li>respeto a las diferencias culturales, ideol\u00f3gicas y familiares,<\/li>\n\n\n\n<li>Los profesores como compa\u00f1eros, <strong>no como guardianes morales<\/strong>.<\/li>\n<\/ul>\n\n<p class=\"wp-block-paragraph\"><strong>La educaci\u00f3n no debe convertirse en una calle de sentido \u00fanico.<\/strong>  Se nutre del discurso, del error, de la otra persona.<\/p>\n\n<p class=\"wp-block-paragraph\"><strong>\u00bfQu\u00e9 son los programas estatales de reeducaci\u00f3n?<\/strong><\/p>\n\n<p class=\"wp-block-paragraph\">La reeducaci\u00f3n comienza donde:<\/p>\n\n<ul class=\"wp-block-list\">\n<li>determinadas actitudes se declaran <strong>norma obligatoria<\/strong>,<\/li>\n\n\n\n<li><strong>los planes de estudios<\/strong> est\u00e1n <strong>ideol\u00f3gicamente impregnados<\/strong>,<\/li>\n\n\n\n<li>se <strong>patologizan o criminalizan<\/strong> las opiniones discrepantes,<\/li>\n\n\n\n<li>las instituciones educativas se convierten en <strong>instrumentos de politizaci\u00f3n<\/strong>,<\/li>\n\n\n\n<li>Los alumnos y estudiantes <strong>ya no deben pensar, sino confesar<\/strong>,<\/li>\n\n\n\n<li>el estado <strong>anula los derechos de los padres y la libertad de valores<\/strong>.<\/li>\n<\/ul>\n\n<p class=\"wp-block-paragraph\">La reeducaci\u00f3n no s\u00f3lo se produce en los reg\u00edmenes autoritarios. Ocurre <strong>insidiosamente, a trav\u00e9s del lenguaje, la repetici\u00f3n y la presi\u00f3n de los compa\u00f1eros.<\/strong><\/p>\n\n<p class=\"wp-block-paragraph\"><strong>Ejemplos de tendencias actuales<\/strong><\/p>\n\n<ul class=\"wp-block-list\">\n<li>Representaciones unilaterales sobre temas como el clima, la corona, el g\u00e9nero, la migraci\u00f3n o la pol\u00edtica social<\/li>\n\n\n\n<li>Lectura obligatoria sin voces discrepantes controvertidas<\/li>\n\n\n\n<li>Personal docente bajo presi\u00f3n para adaptarse debido a \u201cdirectrices\u201d o programas pol\u00edticos<\/li>\n\n\n\n<li>Proyectos en las escuelas que promueven el activismo en lugar de la educaci\u00f3n<\/li>\n\n\n\n<li><strong>Exclusi\u00f3n de las cosmovisiones tradicionales o cr\u00edticas<\/strong> del canon educativo<\/li>\n\n\n\n<li>Sexualizaci\u00f3n precoz e ideolog\u00eda de g\u00e9nero <strong>sin libertad de elecci\u00f3n para los padres<\/strong><\/li>\n<\/ul>\n\n<p class=\"wp-block-paragraph\"><strong>Esto no es educaci\u00f3n libre, es educaci\u00f3n de opini\u00f3n etiquetada como democracia.<\/strong><\/p>\n\n<p class=\"wp-block-paragraph\"><strong>Por qu\u00e9 es peligroso<\/strong><\/p>\n\n<ul class=\"wp-block-list\">\n<li>La democracia se nutre del <strong>ciudadano responsable<\/strong>, no del seguidor funcional.<\/li>\n\n\n\n<li>S\u00f3lo quien ha aprendido a pensar por s\u00ed mismo puede actuar en libertad.<\/li>\n\n\n\n<li>La reeducaci\u00f3n crea conformidad, no responsabilidad.<\/li>\n\n\n\n<li>La educaci\u00f3n sin libertad no es educaci\u00f3n, <strong>es manipulaci\u00f3n<\/strong>.<\/li>\n<\/ul>\n\n<p class=\"wp-block-paragraph\"><strong>Nuestra posici\u00f3n<\/strong><\/p>\n\n<p class=\"wp-block-paragraph\">Exigencias We2030:<\/p>\n\n<ul class=\"wp-block-list\">\n<li>el <strong>fin de todos los programas de educaci\u00f3n ideol\u00f3gica<\/strong>, independientemente de su orientaci\u00f3n pol\u00edtica<\/li>\n\n\n\n<li>una <strong>cultura educativa de aut\u00e9ntico di\u00e1logo<\/strong> que promueva los argumentos en lugar de los esl\u00f3ganes<\/li>\n\n\n\n<li><strong>Reforzar los derechos de los padres y la diversidad de enfoques pedag\u00f3gicos<\/strong><\/li>\n\n\n\n<li><strong>Derecho a la neutralidad ideol\u00f3gica de las instituciones educativas estatales<\/strong><\/li>\n<\/ul>\n\n<p class=\"wp-block-paragraph\">Porque s\u00ed:<\/p>\n\n<p class=\"wp-block-paragraph\"><strong>La democracia necesita educaci\u00f3n libre, no programas estatales de reeducaci\u00f3n.<\/strong><br\/>Los que encierran la mente destruyen la democracia, incluso antes de que se abran las urnas.<\/p>\n","protected":false},"excerpt":{"rendered":"<p>Explicaci\u00f3n y justificaci\u00f3n La educaci\u00f3n es la base de toda democracia viva.Debe capacitar a las personas para pensar por s\u00ed mismas, examinar las cosas de forma cr\u00edtica, asumir responsabilidades y configurar activamente su entorno.La educaci\u00f3n libre est\u00e1 al servicio de la liberaci\u00f3n, no del conformismo.Un Estado que utiliza indebidamente la educaci\u00f3n para la reeducaci\u00f3n ideol\u00f3gica [&hellip;]<\/p>\n","protected":false},"author":112514394,"featured_media":574,"comment_status":"open","ping_status":"open","sticky":false,"template":"","format":"standard","meta":{"_crdt_document":"","advanced_seo_description":"","jetpack_seo_html_title":"","jetpack_seo_noindex":false,"_jetpack_newsletter_access":"","_jetpack_dont_email_post_to_subs":false,"_jetpack_newsletter_tier_id":0,"_jetpack_memberships_contains_paywalled_content":false,"_jetpack_memberships_contains_paid_content":false,"footnotes":"","jetpack_publicize_message":"","jetpack_publicize_feature_enabled":true,"jetpack_social_post_already_shared":true,"jetpack_social_options":{"image_generator_settings":{"template":"highway","default_image_id":0,"font":"","enabled":false},"version":2},"_wpas_customize_per_network":false,"jetpack_post_was_ever_published":false},"categories":[10096791],"tags":[],"class_list":["post-744","post","type-post","status-publish","format-standard","has-post-thumbnail","hentry","category-espanol"],"jetpack_publicize_connections":[],"jetpack_featured_media_url":"https:\/\/i0.wp.com\/wir2030.com\/wp-content\/uploads\/2025\/05\/ein-bild-mit-europaischen-schulern-in-einer-schule.png?fit=1024%2C768&ssl=1","jetpack_likes_enabled":true,"jetpack_sharing_enabled":true,"jetpack_shortlink":"https:\/\/wp.me\/pgv6KY-c0","jetpack-related-posts":[{"id":846,"url":"https:\/\/wir2030.com\/es\/2025\/05\/17\/tesis-8-la-vigilancia-digital-borra-la-libertad-no-el-virus\/","url_meta":{"origin":744,"position":0},"title":"Tesis 8: La vigilancia digital borra la libertad, no el virus.","author":"boschimo","date":"17 de mayo de 2025","format":false,"excerpt":"Explicaci\u00f3n y justificaci\u00f3n La digitalizaci\u00f3n puede ser una herramienta de liberaci\u00f3n, o de control.Puede facilitar la comunicaci\u00f3n, el acceso al conocimiento y la atenci\u00f3n m\u00e9dica, o mutar en el mayor aparato de vigilancia de la historia de la humanidad.La diferencia est\u00e1 en el objetivo, y en la intenci\u00f3n que hay\u2026","rel":"","context":"En \u00abEspanol\u00bb","block_context":{"text":"Espanol","link":"https:\/\/wir2030.com\/es\/category\/espanol\/"},"img":{"alt_text":"","src":"https:\/\/i0.wp.com\/wir2030.com\/wp-content\/uploads\/2025\/05\/image-9.png?fit=1024%2C768&ssl=1&resize=350%2C200","width":350,"height":200,"srcset":"https:\/\/i0.wp.com\/wir2030.com\/wp-content\/uploads\/2025\/05\/image-9.png?fit=1024%2C768&ssl=1&resize=350%2C200 1x, https:\/\/i0.wp.com\/wir2030.com\/wp-content\/uploads\/2025\/05\/image-9.png?fit=1024%2C768&ssl=1&resize=525%2C300 1.5x, https:\/\/i0.wp.com\/wir2030.com\/wp-content\/uploads\/2025\/05\/image-9.png?fit=1024%2C768&ssl=1&resize=700%2C400 2x"},"classes":[]},{"id":1277,"url":"https:\/\/wir2030.com\/es\/2025\/05\/29\/tesis-24-quienes-adoctrinan-a-los-jovenes-destruyen-la-confianza-en-el-futuro\/","url_meta":{"origin":744,"position":1},"title":"Tesis 24: Quienes adoctrinan a los j\u00f3venes destruyen la confianza en el futuro.","author":"boschimo","date":"29 de mayo de 2025","format":false,"excerpt":"Explicaci\u00f3n y justificaci\u00f3nLa juventud necesita libertad, no instrucci\u00f3n, ni miedo, ni reeducaci\u00f3n pol\u00edtica.Los j\u00f3venes son el aliento fresco de una sociedad. Son cr\u00edticos, creativos, contradictorios... y est\u00e1n llenos de preguntas.Cualquiera que sustituya este impulso natural de conocimiento por el adoctrinamiento est\u00e1 asfixiando el futuro en sus ra\u00edces. Esta tesis defiende\u2026","rel":"","context":"En \u00abEspanol\u00bb","block_context":{"text":"Espanol","link":"https:\/\/wir2030.com\/es\/category\/espanol\/"},"img":{"alt_text":"","src":"https:\/\/i0.wp.com\/wir2030.com\/wp-content\/uploads\/2025\/05\/male-kinder-die-cowboy-und-indianer-spielen-ohne-waffen.png?fit=1024%2C768&ssl=1&resize=350%2C200","width":350,"height":200,"srcset":"https:\/\/i0.wp.com\/wir2030.com\/wp-content\/uploads\/2025\/05\/male-kinder-die-cowboy-und-indianer-spielen-ohne-waffen.png?fit=1024%2C768&ssl=1&resize=350%2C200 1x, https:\/\/i0.wp.com\/wir2030.com\/wp-content\/uploads\/2025\/05\/male-kinder-die-cowboy-und-indianer-spielen-ohne-waffen.png?fit=1024%2C768&ssl=1&resize=525%2C300 1.5x, https:\/\/i0.wp.com\/wir2030.com\/wp-content\/uploads\/2025\/05\/male-kinder-die-cowboy-und-indianer-spielen-ohne-waffen.png?fit=1024%2C768&ssl=1&resize=700%2C400 2x"},"classes":[]},{"id":770,"url":"https:\/\/wir2030.com\/es\/2025\/05\/18\/tesis-35-quien-defiende-la-democracia-no-es-un-extremista\/","url_meta":{"origin":744,"position":2},"title":"Tesis 35: Quien defiende la democracia no es un extremista.","author":"boschimo","date":"18 de mayo de 2025","format":false,"excerpt":"Explicaci\u00f3n y justificaci\u00f3n La democracia prospera con el compromiso de sus ciudadanos, no con su sumisi\u00f3n.Quien la defiende, se\u00f1ala agravios, exige derechos fundamentales y se opone al abuso de poder no act\u00faa radicalmente, sino democr\u00e1ticamente. Esta tesis establece un l\u00edmite claro contra una narrativa peligrosa: La cr\u00edtica no es extremismo.\u2026","rel":"","context":"En \u00abEspanol\u00bb","block_context":{"text":"Espanol","link":"https:\/\/wir2030.com\/es\/category\/espanol\/"},"img":{"alt_text":"","src":"https:\/\/i0.wp.com\/wir2030.com\/wp-content\/uploads\/2025\/05\/image-13.png?fit=1024%2C768&ssl=1&resize=350%2C200","width":350,"height":200,"srcset":"https:\/\/i0.wp.com\/wir2030.com\/wp-content\/uploads\/2025\/05\/image-13.png?fit=1024%2C768&ssl=1&resize=350%2C200 1x, https:\/\/i0.wp.com\/wir2030.com\/wp-content\/uploads\/2025\/05\/image-13.png?fit=1024%2C768&ssl=1&resize=525%2C300 1.5x, https:\/\/i0.wp.com\/wir2030.com\/wp-content\/uploads\/2025\/05\/image-13.png?fit=1024%2C768&ssl=1&resize=700%2C400 2x"},"classes":[]},{"id":737,"url":"https:\/\/wir2030.com\/es\/2025\/05\/21\/tesis-21-toda-sociedad-necesita-denunciantes-no-informadores\/","url_meta":{"origin":744,"position":3},"title":"Tesis 21: Toda sociedad necesita denunciantes, no informadores.","author":"boschimo","date":"21 de mayo de 2025","format":false,"excerpt":"Explicaci\u00f3n y justificaci\u00f3n Una sociedad sana se nutre de la educaci\u00f3n, la transparencia y la capacidad de autocorrecci\u00f3n.Para ello, necesita personas valientes que se\u00f1alen los agravios, no que vigilen a sus semejantes.Los delatores son un signo de integridad. Los delatores son un signo del imperio del miedo. Esta tesis es\u2026","rel":"","context":"En \u00abEspanol\u00bb","block_context":{"text":"Espanol","link":"https:\/\/wir2030.com\/es\/category\/espanol\/"},"img":{"alt_text":"","src":"https:\/\/i0.wp.com\/wir2030.com\/wp-content\/uploads\/2025\/05\/image-18.png?fit=1024%2C768&ssl=1&resize=350%2C200","width":350,"height":200,"srcset":"https:\/\/i0.wp.com\/wir2030.com\/wp-content\/uploads\/2025\/05\/image-18.png?fit=1024%2C768&ssl=1&resize=350%2C200 1x, https:\/\/i0.wp.com\/wir2030.com\/wp-content\/uploads\/2025\/05\/image-18.png?fit=1024%2C768&ssl=1&resize=525%2C300 1.5x, https:\/\/i0.wp.com\/wir2030.com\/wp-content\/uploads\/2025\/05\/image-18.png?fit=1024%2C768&ssl=1&resize=700%2C400 2x"},"classes":[]},{"id":1142,"url":"https:\/\/wir2030.com\/es\/2025\/05\/27\/tesis-44-creer-en-las-instituciones-no-sustituye-a-la-responsabilidad-personal\/","url_meta":{"origin":744,"position":4},"title":"Tesis 44: Creer en las instituciones no sustituye a la responsabilidad personal.","author":"boschimo","date":"27 de mayo de 2025","format":false,"excerpt":"Explicaci\u00f3n y justificaci\u00f3n Las instituciones se crean para las personas, no al rev\u00e9s.Pero en tiempos de crisis, solemos experimentar lo contrario:En lugar de pensar, examinar y actuar de forma independiente, muchas personas se aferran a las autoridades, los consejos de expertos y las organizaciones supranacionales como si fueran una verdad\u2026","rel":"","context":"En \u00abEspanol\u00bb","block_context":{"text":"Espanol","link":"https:\/\/wir2030.com\/es\/category\/espanol\/"},"img":{"alt_text":"","src":"https:\/\/i0.wp.com\/wir2030.com\/wp-content\/uploads\/2025\/05\/male-einen-menschen-der-einem-polizisten-das-grundgesetz-wie-eine.png?fit=1024%2C768&ssl=1&resize=350%2C200","width":350,"height":200,"srcset":"https:\/\/i0.wp.com\/wir2030.com\/wp-content\/uploads\/2025\/05\/male-einen-menschen-der-einem-polizisten-das-grundgesetz-wie-eine.png?fit=1024%2C768&ssl=1&resize=350%2C200 1x, https:\/\/i0.wp.com\/wir2030.com\/wp-content\/uploads\/2025\/05\/male-einen-menschen-der-einem-polizisten-das-grundgesetz-wie-eine.png?fit=1024%2C768&ssl=1&resize=525%2C300 1.5x, https:\/\/i0.wp.com\/wir2030.com\/wp-content\/uploads\/2025\/05\/male-einen-menschen-der-einem-polizisten-das-grundgesetz-wie-eine.png?fit=1024%2C768&ssl=1&resize=700%2C400 2x"},"classes":[]},{"id":862,"url":"https:\/\/wir2030.com\/es\/2025\/05\/17\/tesis-9-toda-medida-sin-debate-es-un-golpe-a-la-democracia\/","url_meta":{"origin":744,"position":5},"title":"Tesis 9: Toda medida sin debate es un golpe a la democracia.","author":"boschimo","date":"17 de mayo de 2025","format":false,"excerpt":"Explicaci\u00f3n y justificaci\u00f3n La democracia se nutre de la controversia: del intercambio abierto de opiniones diferentes, de los debates p\u00fablicos, de la cr\u00edtica, del discurso contrario y de la correcci\u00f3n. Las decisiones que afectan a todos no deben tomarse nunca en la sombra. Deben estar a la vista del p\u00fablico,\u2026","rel":"","context":"En \u00abEspanol\u00bb","block_context":{"text":"Espanol","link":"https:\/\/wir2030.com\/es\/category\/espanol\/"},"img":{"alt_text":"","src":"https:\/\/i0.wp.com\/wir2030.com\/wp-content\/uploads\/2025\/05\/image-10.png?fit=1024%2C768&ssl=1&resize=350%2C200","width":350,"height":200,"srcset":"https:\/\/i0.wp.com\/wir2030.com\/wp-content\/uploads\/2025\/05\/image-10.png?fit=1024%2C768&ssl=1&resize=350%2C200 1x, https:\/\/i0.wp.com\/wir2030.com\/wp-content\/uploads\/2025\/05\/image-10.png?fit=1024%2C768&ssl=1&resize=525%2C300 1.5x, https:\/\/i0.wp.com\/wir2030.com\/wp-content\/uploads\/2025\/05\/image-10.png?fit=1024%2C768&ssl=1&resize=700%2C400 2x"},"classes":[]}],"_links":{"self":[{"href":"https:\/\/wir2030.com\/es\/wp-json\/wp\/v2\/posts\/744","targetHints":{"allow":["GET"]}}],"collection":[{"href":"https:\/\/wir2030.com\/es\/wp-json\/wp\/v2\/posts"}],"about":[{"href":"https:\/\/wir2030.com\/es\/wp-json\/wp\/v2\/types\/post"}],"author":[{"embeddable":true,"href":"https:\/\/wir2030.com\/es\/wp-json\/wp\/v2\/users\/112514394"}],"replies":[{"embeddable":true,"href":"https:\/\/wir2030.com\/es\/wp-json\/wp\/v2\/comments?post=744"}],"version-history":[{"count":1,"href":"https:\/\/wir2030.com\/es\/wp-json\/wp\/v2\/posts\/744\/revisions"}],"predecessor-version":[{"id":749,"href":"https:\/\/wir2030.com\/es\/wp-json\/wp\/v2\/posts\/744\/revisions\/749"}],"wp:featuredmedia":[{"embeddable":true,"href":"https:\/\/wir2030.com\/es\/wp-json\/wp\/v2\/media\/574"}],"wp:attachment":[{"href":"https:\/\/wir2030.com\/es\/wp-json\/wp\/v2\/media?parent=744"}],"wp:term":[{"taxonomy":"category","embeddable":true,"href":"https:\/\/wir2030.com\/es\/wp-json\/wp\/v2\/categories?post=744"},{"taxonomy":"post_tag","embeddable":true,"href":"https:\/\/wir2030.com\/es\/wp-json\/wp\/v2\/tags?post=744"}],"curies":[{"name":"wp","href":"https:\/\/api.w.org\/{rel}","templated":true}]}}