{"id":716,"date":"2025-05-22T08:00:00","date_gmt":"2025-05-22T05:00:00","guid":{"rendered":"https:\/\/wir2030.com\/2025\/05\/22\/tesis-59-ningun-gobierno-del-mundo-puede-introducir-medidas-coercitivas-globales\/"},"modified":"2025-05-26T13:17:58","modified_gmt":"2025-05-26T10:17:58","slug":"tesis-59-ningun-gobierno-del-mundo-puede-introducir-medidas-coercitivas-globales","status":"publish","type":"post","link":"https:\/\/wir2030.com\/es\/2025\/05\/22\/tesis-59-ningun-gobierno-del-mundo-puede-introducir-medidas-coercitivas-globales\/","title":{"rendered":"Tesis 59: Ning\u00fan gobierno del mundo puede introducir medidas coercitivas globales."},"content":{"rendered":"\n<p class=\"wp-block-paragraph\"><strong>Explicaci\u00f3n y justificaci\u00f3n<\/strong><\/p>\n\n<p class=\"wp-block-paragraph\">La legitimidad de la acci\u00f3n estatal deriva del consentimiento de los gobernados.<br\/>En una democracia, esto significa que <strong>los gobiernos est\u00e1n obligados por las constituciones, las leyes nacionales, la separaci\u00f3n de poderes y, sobre todo, por los derechos inalienables del individuo.<\/strong><br\/>Sin embargo, en los \u00faltimos tiempos hemos asistido a una evoluci\u00f3n preocupante:<br\/>Gobiernos que hacen caso omiso de la soberan\u00eda nacional -en referencia a las \u201camenazas globales\u201d-.<br\/>Celebran tratados con organizaciones internacionales sin control parlamentario.<br\/>Se comprometen a adoptar medidas que afectan a pueblos enteros sin obtener su consentimiento.<\/p>\n\n<p class=\"wp-block-paragraph\"><strong>Pero ning\u00fan mandato -ni el de un ministerio de sanidad, ni el de una organizaci\u00f3n mundial- autoriza jam\u00e1s la imposici\u00f3n de medidas coercitivas universales a los individuos.<\/strong><\/p>\n\n<p class=\"wp-block-paragraph\"><strong>De qu\u00e9 se trata realmente<\/strong><\/p>\n\n<p class=\"wp-block-paragraph\">Compulsi\u00f3n significa:<\/p>\n\n<ul class=\"wp-block-list\">\n<li>Vacunaci\u00f3n obligatoria bajo amenaza de exclusi\u00f3n social y profesional<\/li>\n\n\n\n<li>Pruebas o m\u00e1scaras obligatorias independientemente de la evaluaci\u00f3n individual de riesgos<\/li>\n\n\n\n<li>Prohibiciones de viaje o de reuni\u00f3n por entradas digitales<\/li>\n\n\n\n<li>Cuarentena o restricciones de acceso sin orden judicial<\/li>\n\n\n\n<li>Vigilancia de la salud con sistemas de datos centralizados<\/li>\n<\/ul>\n\n<p class=\"wp-block-paragraph\">Si tales medidas no son controladas por los parlamentos nacionales, sino coordinadas y aplicadas a nivel mundial,<br\/><strong>surgir\u00e1 una dictadura transnacional sin respaldo democr\u00e1tico<\/strong>.<\/p>\n\n<p class=\"wp-block-paragraph\"><strong>Nuestra posici\u00f3n<\/strong><\/p>\n\n<p class=\"wp-block-paragraph\">We2030 dice:<br\/>Ning\u00fan gobierno -ni individual ni colectivamente- tiene derecho a imponer medidas coercitivas globales a millones de personas sin libertad de elecci\u00f3n individual, sin consulta, sin codeterminaci\u00f3n.<br\/>No existe ninguna \u201cexcepci\u00f3n global\u201d que derogue los derechos fundamentales.<br\/>El derecho internacional <strong>no<\/strong> est\u00e1 <strong>por encima de la dignidad del individuo<\/strong>.<\/p>\n\n<p class=\"wp-block-paragraph\"><strong>Ning\u00fan gobierno del mundo puede introducir medidas coercitivas globales.<\/strong><br\/>Quienes lo permiten no crean protecci\u00f3n, sino un sistema de paternalismo global.<\/p>\n","protected":false},"excerpt":{"rendered":"<p>Explicaci\u00f3n y justificaci\u00f3n La legitimidad de la acci\u00f3n estatal deriva del consentimiento de los gobernados.En una democracia, esto significa que los gobiernos est\u00e1n obligados por las constituciones, las leyes nacionales, la separaci\u00f3n de poderes y, sobre todo, por los derechos inalienables del individuo.Sin embargo, en los \u00faltimos tiempos hemos asistido a una evoluci\u00f3n preocupante:Gobiernos que [&hellip;]<\/p>\n","protected":false},"author":112514394,"featured_media":614,"comment_status":"open","ping_status":"open","sticky":false,"template":"","format":"standard","meta":{"_crdt_document":"","advanced_seo_description":"","jetpack_seo_html_title":"","jetpack_seo_noindex":false,"_jetpack_newsletter_access":"","_jetpack_dont_email_post_to_subs":false,"_jetpack_newsletter_tier_id":0,"_jetpack_memberships_contains_paywalled_content":false,"_jetpack_memberships_contains_paid_content":false,"footnotes":"","jetpack_publicize_message":"","jetpack_publicize_feature_enabled":true,"jetpack_social_post_already_shared":true,"jetpack_social_options":{"image_generator_settings":{"template":"highway","default_image_id":0,"font":"","enabled":false},"version":2},"_wpas_customize_per_network":false,"jetpack_post_was_ever_published":false},"categories":[10096791],"tags":[],"class_list":["post-716","post","type-post","status-publish","format-standard","has-post-thumbnail","hentry","category-espanol"],"jetpack_publicize_connections":[],"jetpack_featured_media_url":"https:\/\/i0.wp.com\/wir2030.com\/wp-content\/uploads\/2025\/05\/image-20.png?fit=1024%2C768&ssl=1","jetpack_likes_enabled":true,"jetpack_sharing_enabled":true,"jetpack_shortlink":"https:\/\/wp.me\/pgv6KY-by","jetpack-related-posts":[{"id":690,"url":"https:\/\/wir2030.com\/es\/2025\/05\/25\/tesis-73-los-humanos-no-somos-cobayas\/","url_meta":{"origin":716,"position":0},"title":"Tesis 73: Los humanos no somos cobayas.","author":"boschimo","date":"25 de mayo de 2025","format":false,"excerpt":"Explicaci\u00f3n y justificaci\u00f3n El cuerpo humano no es propiedad del Estado, no es una plataforma para programas pol\u00edticos ni un recurso para experimentos globales. Es una expresi\u00f3n de dignidad, libertad y autodeterminaci\u00f3n, y por tanto inviolable. Toda intervenci\u00f3n m\u00e9dica, ya sea preventiva, terap\u00e9utica o experimental, afecta a la integridad del\u2026","rel":"","context":"En \u00abEspanol\u00bb","block_context":{"text":"Espanol","link":"https:\/\/wir2030.com\/es\/category\/espanol\/"},"img":{"alt_text":"","src":"https:\/\/i0.wp.com\/wir2030.com\/wp-content\/uploads\/2025\/05\/male-ein-bild-zum-nurnberger-kodex-und-dem-arztlichen-gelobnis.png?fit=1024%2C768&ssl=1&resize=350%2C200","width":350,"height":200,"srcset":"https:\/\/i0.wp.com\/wir2030.com\/wp-content\/uploads\/2025\/05\/male-ein-bild-zum-nurnberger-kodex-und-dem-arztlichen-gelobnis.png?fit=1024%2C768&ssl=1&resize=350%2C200 1x, https:\/\/i0.wp.com\/wir2030.com\/wp-content\/uploads\/2025\/05\/male-ein-bild-zum-nurnberger-kodex-und-dem-arztlichen-gelobnis.png?fit=1024%2C768&ssl=1&resize=525%2C300 1.5x, https:\/\/i0.wp.com\/wir2030.com\/wp-content\/uploads\/2025\/05\/male-ein-bild-zum-nurnberger-kodex-und-dem-arztlichen-gelobnis.png?fit=1024%2C768&ssl=1&resize=700%2C400 2x"},"classes":[]},{"id":1275,"url":"https:\/\/wir2030.com\/es\/2025\/05\/30\/tesis-32-la-dignidad-humana-tambien-se-aplica-en-estado-de-excepcion\/","url_meta":{"origin":716,"position":1},"title":"Tesis 32: La dignidad humana tambi\u00e9n se aplica en estado de excepci\u00f3n.","author":"boschimo","date":"30 de mayo de 2025","format":false,"excerpt":"Explicaci\u00f3n y justificaci\u00f3n La dignidad humana es inviolable.As\u00ed se afirma en el Art\u00edculo 1 (1) de la Ley Fundamental -y esta frase no es un adorno, ni una cita para discursos conmemorativos, ni un principio cualquiera-.Es absoluta.No se aplica condicionalmente, ni dependiendo de situaciones pol\u00edticas, ni s\u00f3lo en tiempos de\u2026","rel":"","context":"En \u00abEspanol\u00bb","block_context":{"text":"Espanol","link":"https:\/\/wir2030.com\/es\/category\/espanol\/"},"img":{"alt_text":"","src":"https:\/\/i0.wp.com\/wir2030.com\/wp-content\/uploads\/2025\/05\/male-gluckliche-europaische-menschen.png?fit=1024%2C768&ssl=1&resize=350%2C200","width":350,"height":200,"srcset":"https:\/\/i0.wp.com\/wir2030.com\/wp-content\/uploads\/2025\/05\/male-gluckliche-europaische-menschen.png?fit=1024%2C768&ssl=1&resize=350%2C200 1x, https:\/\/i0.wp.com\/wir2030.com\/wp-content\/uploads\/2025\/05\/male-gluckliche-europaische-menschen.png?fit=1024%2C768&ssl=1&resize=525%2C300 1.5x, https:\/\/i0.wp.com\/wir2030.com\/wp-content\/uploads\/2025\/05\/male-gluckliche-europaische-menschen.png?fit=1024%2C768&ssl=1&resize=700%2C400 2x"},"classes":[]},{"id":834,"url":"https:\/\/wir2030.com\/es\/2025\/05\/17\/tesis-6-la-salud-no-se-puede-forzar-es-una-responsabilidad-individual\/","url_meta":{"origin":716,"position":2},"title":"Tesis 6: La salud no se puede forzar, es una responsabilidad individual.","author":"boschimo","date":"17 de mayo de 2025","format":false,"excerpt":"Explicaci\u00f3n y justificaci\u00f3n La salud no es una tarea estatal en el sentido de control, sino una decisi\u00f3n y una responsabilidad personales. Est\u00e1 indisolublemente ligada a la libertad, la autodeterminaci\u00f3n y la confianza. Cada persona es \u00fanica: en su cuerpo, sus experiencias, sus riesgos, su biograf\u00eda. Por tanto, la salud\u2026","rel":"","context":"En \u00abEspanol\u00bb","block_context":{"text":"Espanol","link":"https:\/\/wir2030.com\/es\/category\/espanol\/"},"img":{"alt_text":"","src":"https:\/\/i0.wp.com\/wir2030.com\/wp-content\/uploads\/2025\/05\/create-a-highly-detailed-image-showcasing-the-theme-of-personal.png?fit=1024%2C768&ssl=1&resize=350%2C200","width":350,"height":200,"srcset":"https:\/\/i0.wp.com\/wir2030.com\/wp-content\/uploads\/2025\/05\/create-a-highly-detailed-image-showcasing-the-theme-of-personal.png?fit=1024%2C768&ssl=1&resize=350%2C200 1x, https:\/\/i0.wp.com\/wir2030.com\/wp-content\/uploads\/2025\/05\/create-a-highly-detailed-image-showcasing-the-theme-of-personal.png?fit=1024%2C768&ssl=1&resize=525%2C300 1.5x, https:\/\/i0.wp.com\/wir2030.com\/wp-content\/uploads\/2025\/05\/create-a-highly-detailed-image-showcasing-the-theme-of-personal.png?fit=1024%2C768&ssl=1&resize=700%2C400 2x"},"classes":[]},{"id":862,"url":"https:\/\/wir2030.com\/es\/2025\/05\/17\/tesis-9-toda-medida-sin-debate-es-un-golpe-a-la-democracia\/","url_meta":{"origin":716,"position":3},"title":"Tesis 9: Toda medida sin debate es un golpe a la democracia.","author":"boschimo","date":"17 de mayo de 2025","format":false,"excerpt":"Explicaci\u00f3n y justificaci\u00f3n La democracia se nutre de la controversia: del intercambio abierto de opiniones diferentes, de los debates p\u00fablicos, de la cr\u00edtica, del discurso contrario y de la correcci\u00f3n. Las decisiones que afectan a todos no deben tomarse nunca en la sombra. Deben estar a la vista del p\u00fablico,\u2026","rel":"","context":"En \u00abEspanol\u00bb","block_context":{"text":"Espanol","link":"https:\/\/wir2030.com\/es\/category\/espanol\/"},"img":{"alt_text":"","src":"https:\/\/i0.wp.com\/wir2030.com\/wp-content\/uploads\/2025\/05\/image-10.png?fit=1024%2C768&ssl=1&resize=350%2C200","width":350,"height":200,"srcset":"https:\/\/i0.wp.com\/wir2030.com\/wp-content\/uploads\/2025\/05\/image-10.png?fit=1024%2C768&ssl=1&resize=350%2C200 1x, https:\/\/i0.wp.com\/wir2030.com\/wp-content\/uploads\/2025\/05\/image-10.png?fit=1024%2C768&ssl=1&resize=525%2C300 1.5x, https:\/\/i0.wp.com\/wir2030.com\/wp-content\/uploads\/2025\/05\/image-10.png?fit=1024%2C768&ssl=1&resize=700%2C400 2x"},"classes":[]},{"id":1281,"url":"https:\/\/wir2030.com\/es\/2025\/05\/31\/tesis-14-quien-censura-la-critica-tiene-algo-que-ocultar\/","url_meta":{"origin":716,"position":4},"title":"Tesis 14: Quien censura la cr\u00edtica tiene algo que ocultar.","author":"boschimo","date":"31 de mayo de 2025","format":false,"excerpt":"Explicaci\u00f3n y justificaci\u00f3n La cr\u00edtica es el pulso de toda sociedad libre.Es el signo vivo de una democracia, el sistema de alerta temprana del poder, el corrector de los errores institucionales.Donde se permite la cr\u00edtica, el poder puede ser cuestionado, escrutado y corregido.Donde se suprime, crecen la arbitrariedad, la corrupci\u00f3n\u2026","rel":"","context":"En \u00abEspanol\u00bb","block_context":{"text":"Espanol","link":"https:\/\/wir2030.com\/es\/category\/espanol\/"},"img":{"alt_text":"","src":"https:\/\/i0.wp.com\/wir2030.com\/wp-content\/uploads\/2025\/05\/2025-05-26-10.49.58-AM.png?fit=626%2C524&ssl=1&resize=350%2C200","width":350,"height":200,"srcset":"https:\/\/i0.wp.com\/wir2030.com\/wp-content\/uploads\/2025\/05\/2025-05-26-10.49.58-AM.png?fit=626%2C524&ssl=1&resize=350%2C200 1x, https:\/\/i0.wp.com\/wir2030.com\/wp-content\/uploads\/2025\/05\/2025-05-26-10.49.58-AM.png?fit=626%2C524&ssl=1&resize=525%2C300 1.5x"},"classes":[]},{"id":1387,"url":"https:\/\/wir2030.com\/es\/2025\/06\/02\/tesis-67-el-totalitarismo-no-comienza-con-las-cadenas-sino-con-la-perdida-de-responsabilidad\/","url_meta":{"origin":716,"position":5},"title":"Tesis 67: El totalitarismo no comienza con las cadenas, sino con la p\u00e9rdida de responsabilidad.","author":"boschimo","date":"2 de junio de 2025","format":false,"excerpt":"Explicaci\u00f3n y justificaci\u00f3n Los sistemas totalitarios rara vez vienen con uniformes, sirenas o violencia.A menudo aparecen como amables ayudantes: como autoridades sanitarias, asesores de seguridad, salvadores del clima, protectores de la infancia o agencias de innovaci\u00f3n digital.Apelan al bien, hablan de responsabilidad, pero significan obediencia. El totalitarismo moderno comienza donde\u2026","rel":"","context":"En \u00abEspanol\u00bb","block_context":{"text":"Espanol","link":"https:\/\/wir2030.com\/es\/category\/espanol\/"},"img":{"alt_text":"","src":"https:\/\/i0.wp.com\/wir2030.com\/wp-content\/uploads\/2025\/05\/image-33.png?fit=1024%2C768&ssl=1&resize=350%2C200","width":350,"height":200,"srcset":"https:\/\/i0.wp.com\/wir2030.com\/wp-content\/uploads\/2025\/05\/image-33.png?fit=1024%2C768&ssl=1&resize=350%2C200 1x, https:\/\/i0.wp.com\/wir2030.com\/wp-content\/uploads\/2025\/05\/image-33.png?fit=1024%2C768&ssl=1&resize=525%2C300 1.5x, https:\/\/i0.wp.com\/wir2030.com\/wp-content\/uploads\/2025\/05\/image-33.png?fit=1024%2C768&ssl=1&resize=700%2C400 2x"},"classes":[]}],"_links":{"self":[{"href":"https:\/\/wir2030.com\/es\/wp-json\/wp\/v2\/posts\/716","targetHints":{"allow":["GET"]}}],"collection":[{"href":"https:\/\/wir2030.com\/es\/wp-json\/wp\/v2\/posts"}],"about":[{"href":"https:\/\/wir2030.com\/es\/wp-json\/wp\/v2\/types\/post"}],"author":[{"embeddable":true,"href":"https:\/\/wir2030.com\/es\/wp-json\/wp\/v2\/users\/112514394"}],"replies":[{"embeddable":true,"href":"https:\/\/wir2030.com\/es\/wp-json\/wp\/v2\/comments?post=716"}],"version-history":[{"count":1,"href":"https:\/\/wir2030.com\/es\/wp-json\/wp\/v2\/posts\/716\/revisions"}],"predecessor-version":[{"id":722,"href":"https:\/\/wir2030.com\/es\/wp-json\/wp\/v2\/posts\/716\/revisions\/722"}],"wp:featuredmedia":[{"embeddable":true,"href":"https:\/\/wir2030.com\/es\/wp-json\/wp\/v2\/media\/614"}],"wp:attachment":[{"href":"https:\/\/wir2030.com\/es\/wp-json\/wp\/v2\/media?parent=716"}],"wp:term":[{"taxonomy":"category","embeddable":true,"href":"https:\/\/wir2030.com\/es\/wp-json\/wp\/v2\/categories?post=716"},{"taxonomy":"post_tag","embeddable":true,"href":"https:\/\/wir2030.com\/es\/wp-json\/wp\/v2\/tags?post=716"}],"curies":[{"name":"wp","href":"https:\/\/api.w.org\/{rel}","templated":true}]}}