{"id":1448,"date":"2025-06-10T17:40:00","date_gmt":"2025-06-10T14:40:00","guid":{"rendered":"https:\/\/wir2030.com\/?p=1448"},"modified":"2025-06-10T15:45:16","modified_gmt":"2025-06-10T12:45:16","slug":"tesis-11-la-ciencia-se-nutre-de-la-contradiccion-no-del-consenso","status":"publish","type":"post","link":"https:\/\/wir2030.com\/es\/2025\/06\/10\/tesis-11-la-ciencia-se-nutre-de-la-contradiccion-no-del-consenso\/","title":{"rendered":"Tesis 11: La ciencia se nutre de la contradicci\u00f3n, no del consenso."},"content":{"rendered":"\n<p class=\"wp-block-paragraph\"><strong>Introducci\u00f3n: La ciencia no es un dogma, sino un di\u00e1logo con la realidad<\/strong><\/p>\n\n<p class=\"wp-block-paragraph\">La ciencia comienza donde la curiosidad se encuentra con la realidad, no donde la autoridad decide lo que tiene que ser verdad.<br\/>Se nutre de la <strong>observaci\u00f3n<\/strong>, la <strong>cr\u00edtica<\/strong>, la <strong>revisabilidad<\/strong> y, sobre todo, de la <strong>duda valiente<\/strong>.<\/p>\n\n<p class=\"wp-block-paragraph\">No es el consenso, ni la mayor\u00eda, ni el zeitgeist lo que hace v\u00e1lido el conocimiento cient\u00edfico, sino la capacidad de <strong>corregirse a<\/strong> s\u00ed mismo a la luz de los nuevos descubrimientos.<br\/>La esencia de la ciencia es: <strong>\u201cCuestionar constantemente lo que se cree cierto\u201d.<\/strong><\/p>\n\n<p class=\"wp-block-paragraph\">(Esta cita se utiliza a menudo de forma an\u00e1loga, por ejemplo por Richard Feynman, Karl Popper o Max Planck, aunque la autor\u00eda no est\u00e1 claramente demostrada).<\/p>\n\n<p class=\"wp-block-paragraph\">Pero cada vez que en la historia se intent\u00f3 imponer una <strong>\u201cverdad incontrovertible<\/strong>\u201d, la ciencia empez\u00f3 a morir, y la ideolog\u00eda ocup\u00f3 su lugar.<\/p>\n\n<p class=\"wp-block-paragraph\"><strong>Qu\u00e9 es realmente la ciencia - y qu\u00e9 no es<\/strong><\/p>\n\n<p class=\"wp-block-paragraph\">Ciencia real significa:<\/p>\n\n<ul class=\"wp-block-list\">\n<li>formular hip\u00f3tesis, y <strong>que<\/strong> las <strong>refuten<\/strong>.<\/li>\n\n\n\n<li>Busca pruebas y <strong>admite contrapruebas<\/strong>.<\/li>\n\n\n\n<li>Desarrolla modelos y <strong>exam\u00ednalos constantemente<\/strong>.<\/li>\n\n\n\n<li>Divulga las teor\u00edas, y hazlas vulnerables con datos.<\/li>\n\n\n\n<li>Ser corregido por la observaci\u00f3n, <strong>no confirmado por el poder pol\u00edtico.<\/strong><\/li>\n<\/ul>\n\n<p class=\"wp-block-paragraph\">La ciencia es un proceso, <strong>no un estado<\/strong>.<br\/>Un m\u00e9todo, <strong>no una opini\u00f3n<\/strong>.<br\/>Un camino hacia la convergencia, <strong>nunca una llegada dogm\u00e1tica.<\/strong><\/p>\n\n<p class=\"wp-block-paragraph\"><strong>La historia de la ciencia es una historia de errores y contradicciones<\/strong><\/p>\n\n<p class=\"wp-block-paragraph\">Cualquiera que grite hoy: \u201c\u00a1La ciencia est\u00e1 de acuerdo!\u201d, o no ha entendido la ciencia, o quiere utilizarla como arma.<\/p>\n\n<p class=\"wp-block-paragraph\">Porque, en realidad, el progreso <strong>siempre<\/strong> ha <strong>sido una ruptura con el consenso<\/strong>:<\/p>\n\n<p class=\"wp-block-paragraph\"><strong>Galileo Galilei (siglo XVI)<\/strong><\/p>\n\n<p class=\"wp-block-paragraph\">Contradijo la visi\u00f3n geoc\u00e9ntrica del mundo - y fue amenazado, condenado y silenciado por ello.<br\/>No porque sus c\u00e1lculos fueran err\u00f3neos - sino porque pon\u00edan en peligro la pretensi\u00f3n de poder de la iglesia y la sociedad.<br\/>Hoy lo sabemos: <strong>No es la Tierra la que est\u00e1 en el centro, sino la libertad de observar.<\/strong><\/p>\n\n<p class=\"wp-block-paragraph\"><strong>Ignaz Semmelweis (siglo XIX)<\/strong><\/p>\n\n<p class=\"wp-block-paragraph\">Pidi\u00f3 a los m\u00e9dicos que se lavaran las manos, y se rieron de \u00e9l, le difamaron y le obligaron a abandonar la cl\u00ednica.<br\/>Se le consider\u00f3 \u201canticient\u00edfico\u201d porque contradec\u00eda a la \u00e9lite m\u00e9dica.<br\/>S\u00f3lo d\u00e9cadas m\u00e1s tarde la gente se dio cuenta de <strong>que ten\u00eda raz\u00f3n, y cientos de miles se habr\u00edan salvado.<\/strong><\/p>\n\n<p class=\"wp-block-paragraph\"><strong>Alfred Wegener (siglo XX)<\/strong><\/p>\n\n<p class=\"wp-block-paragraph\">Fue ridiculizado por afirmar que los continentes pod\u00edan \u201cmigrar\u201d.<br\/>La geolog\u00eda lo rechaz\u00f3 durante mucho tiempo. Hoy en d\u00eda, la tect\u00f3nica de placas es <strong>la base de toda la investigaci\u00f3n sobre terremotos<\/strong>. <\/p>\n\n<p class=\"wp-block-paragraph\"><strong>Lise Meitner, Barry Marshall, Lynn Margulis&#8230; la lista es interminable:<\/strong><\/p>\n\n<p class=\"wp-block-paragraph\">Ya sea en f\u00edsica, medicina o biolog\u00eda, <strong>siempre han sido individuos los que han nadado contracorriente<\/strong> y, por tanto, han tenido raz\u00f3n.<\/p>\n\n<p class=\"wp-block-paragraph\"><strong>Qu\u00e9 ocurre cuando el \u201cconsenso\u201d se impone pol\u00edtica o ideol\u00f3gicamente<\/strong><\/p>\n\n<p class=\"wp-block-paragraph\"><strong>Ejemplo 1: Los programas de eutanasia bajo el nacionalsocialismo<\/strong><\/p>\n\n<p class=\"wp-block-paragraph\">En la d\u00e9cada de 1930, los m\u00e9dicos y cient\u00edficos alemanes consideraron \u201ccient\u00edficamente justificado\u201d que las personas con \u201cenfermedades hereditarias\u201d eran una \u201ccarga para la sociedad\u201d.<br\/>La mayor\u00eda permaneci\u00f3 en silencio, o estuvo de acuerdo.<br\/>El \u201cconsenso cient\u00edfico\u201d se convirti\u00f3 en una tapadera para el asesinato sistem\u00e1tico.<br\/><strong>Se criminaliz\u00f3 la disidencia<\/strong>. La medicina se convirti\u00f3 en una ideolog\u00eda.<\/p>\n\n<p class=\"wp-block-paragraph\"><strong>Ejemplo 2: La pol\u00edtica agr\u00edcola sovi\u00e9tica bajo Lysenko<\/strong><\/p>\n\n<p class=\"wp-block-paragraph\">Trofim Lysenko rechaz\u00f3 la gen\u00e9tica cl\u00e1sica y prometi\u00f3 enormes rendimientos de las cosechas mediante la \u201cadaptaci\u00f3n ambiental hereditaria\u201d.<br\/>Stalin le crey\u00f3 e hizo perseguir, encarcelar o asesinar a los cient\u00edficos disidentes.<br\/>Millones de personas murieron de hambre porque <strong>no se pod\u00eda cuestionar una teor\u00eda ideol\u00f3gicamente deseable<\/strong>.<\/p>\n\n<p class=\"wp-block-paragraph\"><strong>Ejemplo 3: Covid-19, campa\u00f1as de vacunaci\u00f3n y medidas pol\u00edticas<\/strong><\/p>\n\n<p class=\"wp-block-paragraph\">En la era de la corona, se utiliz\u00f3 una aparente \u201ccientificidad\u201d para justificar restricciones sin precedentes de los derechos fundamentales.<br\/>Las voces cr\u00edticas -incluso de cient\u00edficos de renombre- fueron difamadas, desestimadas o silenciadas.<br\/>Se simul\u00f3 un \u201cconsenso\u201d, aunque la situaci\u00f3n de los datos era <strong>muy din\u00e1mica, contradictoria y pol\u00edticamente cargada<\/strong>.<\/p>\n\n<p class=\"wp-block-paragraph\">Puntos clave de la cr\u00edtica:<\/p>\n\n<ul class=\"wp-block-list\">\n<li>Los modelos y las previsiones se presentaban con la pretensi\u00f3n de ser exactos, pero a menudo nunca se verificaban.<\/li>\n\n\n\n<li>Los efectos secundarios de las vacunas se han relativizado u ocultado durante mucho tiempo.<\/li>\n\n\n\n<li>Los debates sobre las terapias, los efectos secundarios o la inmunidad natural no se llevaban a cabo cient\u00edficamente, sino que se reprim\u00edan moralmente.<\/li>\n<\/ul>\n\n<p class=\"wp-block-paragraph\"><strong>Eso no era ciencia, era propaganda con un barniz pseudocient\u00edfico.<\/strong><\/p>\n\n<p class=\"wp-block-paragraph\"><strong>Por qu\u00e9 el \u201cconsenso\u201d no es una categor\u00eda cient\u00edfica<\/strong><\/p>\n\n<ul class=\"wp-block-list\">\n<li>El consenso surge en los procesos pol\u00edticos, <strong>no a trav\u00e9s de las leyes naturales.<\/strong><\/li>\n\n\n\n<li>El consenso puede lograrse mediante el poder, las limitaciones profesionales, la presi\u00f3n de los compa\u00f1eros o los intereses econ\u00f3micos, <strong>no mediante la verdad.<\/strong><\/li>\n\n\n\n<li>El consenso entre cient\u00edficos <strong>no<\/strong> es <strong>una prueba<\/strong>, es una opini\u00f3n.<\/li>\n\n\n\n<li>Y las opiniones se pueden cambiar, o son ideolog\u00eda.<\/li>\n<\/ul>\n\n<p class=\"wp-block-paragraph\">La verdadera ciencia no pregunta: <em>\u00bfQu\u00e9 cree la mayor\u00eda de la gente?<\/em><br\/>Sino m\u00e1s bien: <em>\u00bfCu\u00e1l es el resultado de los datos y hasta qu\u00e9 punto es seguro?<\/em><\/p>\n\n<p class=\"wp-block-paragraph\"><strong>C\u00f3mo los medios de comunicaci\u00f3n y la pol\u00edtica est\u00e1n convirtiendo la ciencia en una estrategia de dominaci\u00f3n<\/strong><\/p>\n\n<p class=\"wp-block-paragraph\">Se vuelve especialmente peligroso cuando <strong>los medios de comunicaci\u00f3n, la pol\u00edtica y las empresas<\/strong> determinan conjuntamente lo que es \u201ccient\u00edfico\u201d.<\/p>\n\n<p class=\"wp-block-paragraph\">Mecanismos:<\/p>\n\n<ul class=\"wp-block-list\">\n<li><strong>Los cr\u00edticos son difamados como \u201cnegacionistas\u201d.<\/strong><\/li>\n\n\n\n<li><strong>La investigaci\u00f3n s\u00f3lo se financia si apoya la narrativa pol\u00edtica.<\/strong><\/li>\n\n\n\n<li><strong>Los datos divergentes se deval\u00faan como \u201cno revisados por expertos\u201d, aunque sean emp\u00edricamente limpios.<\/strong><\/li>\n\n\n\n<li><strong>Las plataformas eliminan estudios, art\u00edculos o v\u00eddeos que no se corresponden con el consenso oficial.<\/strong><\/li>\n<\/ul>\n\n<p class=\"wp-block-paragraph\">Esto crea <strong>una unidad simulada<\/strong> que impide cualquier escrutinio cr\u00edtico y, por tanto, <strong>mata la ciencia.<\/strong><\/p>\n\n<p class=\"wp-block-paragraph\"><strong>La ciencia necesita controversia, no estancamiento<\/strong><\/p>\n\n<p class=\"wp-block-paragraph\">Lo que toda cultura cient\u00edfica sana necesita:<\/p>\n\n<ul class=\"wp-block-list\">\n<li><strong>Espacios abiertos al debate<\/strong>, tambi\u00e9n para planteamientos controvertidos<\/li>\n\n\n\n<li><strong>Datos brutos transparentes<\/strong>, verificables para todos<\/li>\n\n\n\n<li><strong>Diversidad de m\u00e9todos<\/strong>, no modelos estandarizados<\/li>\n\n\n\n<li><strong>Cultura de debate<\/strong> en lugar de cultura de cancelaci\u00f3n<\/li>\n\n\n\n<li><strong>Cultura del error<\/strong> en lugar de pretender la infalibilidad<\/li>\n\n\n\n<li><strong>Libertad de influencias<\/strong>, ya sean pol\u00edticas, econ\u00f3micas o ideol\u00f3gicas<\/li>\n<\/ul>\n\n<p class=\"wp-block-paragraph\">S\u00f3lo si la ciencia permanece abierta al error puede ser cre\u00edble.<br\/>S\u00f3lo si se permite la cr\u00edtica puede crecer el conocimiento.<br\/><strong>S\u00f3lo si la verdad no se impone puede revelarse.<\/strong><\/p>\n\n<p class=\"wp-block-paragraph\"><strong>C\u00f3mo puede ser una aut\u00e9ntica cultura cient\u00edfica - y qu\u00e9 exige Wir2030<\/strong><\/p>\n\n<p class=\"wp-block-paragraph\"><strong>1. garantizar la libertad de investigaci\u00f3n<\/strong><\/p>\n\n<p class=\"wp-block-paragraph\">El Estado y la industria <strong>no<\/strong> deben <strong>dictar<\/strong> la direcci\u00f3n de la investigaci\u00f3n.<br\/>Ning\u00fan ministerio, ninguna empresa farmac\u00e9utica, ninguna ONG puede definir lo que es \u201caceptable\u201d.<br\/>La investigaci\u00f3n es libre, o est\u00e1 manipulada.<\/p>\n\n<p class=\"wp-block-paragraph\"><strong>2. proteger las opiniones minoritarias<\/strong><\/p>\n\n<p class=\"wp-block-paragraph\">La historia lo demuestra: La innovaci\u00f3n suele venir de los m\u00e1rgenes, no del centro.<br\/>La ciencia prospera con los outsiders, los pensadores laterales y los inconformistas.<br\/>No hay que silenciarlos, sino <strong>escucharlos<\/strong>.<\/p>\n\n<p class=\"wp-block-paragraph\"><strong>3. separar la ciencia de la ideolog\u00eda<\/strong><\/p>\n\n<p class=\"wp-block-paragraph\">Quien utiliza la \u201cciencia\u201d como golpe ret\u00f3rico de muerte la convierte en un instrumento de poder.<br\/>La frase \u201cSigue la ciencia\u201d s\u00f3lo tiene sentido <strong>si tambi\u00e9n se permite el contra-discurso.<\/strong><\/p>\n\n<p class=\"wp-block-paragraph\"><strong>4. reforzar la educaci\u00f3n cient\u00edfica<\/strong><\/p>\n\n<p class=\"wp-block-paragraph\">Los ciudadanos deben aprender a examinar los datos, los modelos y las probabilidades.<br\/>No como desconfianza, sino como competencia.<br\/>Porque <strong>la ciencia no empieza en el laboratorio, sino en la mente<\/strong>.<\/p>\n\n<p class=\"wp-block-paragraph\"><strong>Nuestra posici\u00f3n<\/strong><\/p>\n\n<p class=\"wp-block-paragraph\"><strong>We2030 dice:<\/strong><\/p>\n\n<p class=\"wp-block-paragraph\">La ciencia no es un dogma, un instrumento de poder o una herramienta de relaciones p\u00fablicas.<br\/>No prospera con el consenso, sino con la contradicci\u00f3n.<br\/>Termina donde se suprime la cr\u00edtica, y empieza donde se permite a la gente hacer preguntas.<\/p>\n\n<p class=\"wp-block-paragraph\"><strong>La esencia de la ciencia es cuestionar constantemente lo que se cree cierto.<\/strong><br\/>No porque haya que dudar de todo, sino porque s\u00f3lo lo que <strong>sobrevive a la cr\u00edtica<\/strong> merece perdurar.<\/p>\n\n<p class=\"wp-block-paragraph\">Por eso exigimos:<\/p>\n\n<ul class=\"wp-block-list\">\n<li>La restauraci\u00f3n de una cultura cient\u00edfica abierta y pluralista<\/li>\n\n\n\n<li>La separaci\u00f3n institucional de la ciencia, la pol\u00edtica y los intereses empresariales<\/li>\n\n\n\n<li>Reconocer los errores y las equivocaciones como motor de progreso<\/li>\n\n\n\n<li>Proteger el debate cient\u00edfico del sesgo ideol\u00f3gico<\/li>\n<\/ul>\n\n<p class=\"wp-block-paragraph\">Porque:<br\/><strong>S\u00f3lo donde se permite la contradicci\u00f3n puede surgir la verdad.<\/strong><br\/>Y s\u00f3lo donde la verdad cuenta - puede la ciencia cumplir con su responsabilidad.<\/p>\n","protected":false},"excerpt":{"rendered":"<p>Introducci\u00f3n: La ciencia no es un dogma, sino un di\u00e1logo con la realidad La ciencia comienza donde la curiosidad se encuentra con la realidad, no donde la autoridad decide lo que tiene que ser verdad.Se nutre de la observaci\u00f3n, la cr\u00edtica, la revisabilidad y, sobre todo, de la duda valiente. No es el consenso, ni [&hellip;]<\/p>\n","protected":false},"author":112514394,"featured_media":1434,"comment_status":"open","ping_status":"open","sticky":false,"template":"","format":"standard","meta":{"_crdt_document":"","advanced_seo_description":"","jetpack_seo_html_title":"","jetpack_seo_noindex":false,"_jetpack_newsletter_access":"","_jetpack_dont_email_post_to_subs":false,"_jetpack_newsletter_tier_id":0,"_jetpack_memberships_contains_paywalled_content":false,"_jetpack_memberships_contains_paid_content":false,"footnotes":"","jetpack_publicize_message":"","jetpack_publicize_feature_enabled":true,"jetpack_social_post_already_shared":true,"jetpack_social_options":{"image_generator_settings":{"template":"highway","default_image_id":0,"font":"","enabled":false},"version":2},"_wpas_customize_per_network":false,"jetpack_post_was_ever_published":false},"categories":[10096791],"tags":[],"class_list":["post-1448","post","type-post","status-publish","format-standard","has-post-thumbnail","hentry","category-espanol"],"jetpack_publicize_connections":[],"jetpack_featured_media_url":"https:\/\/i0.wp.com\/wir2030.com\/wp-content\/uploads\/2025\/06\/image-1.png?fit=1024%2C768&ssl=1","jetpack_likes_enabled":true,"jetpack_sharing_enabled":true,"jetpack_shortlink":"https:\/\/wp.me\/pgv6KY-nm","jetpack-related-posts":[{"id":1387,"url":"https:\/\/wir2030.com\/es\/2025\/06\/02\/tesis-67-el-totalitarismo-no-comienza-con-las-cadenas-sino-con-la-perdida-de-responsabilidad\/","url_meta":{"origin":1448,"position":0},"title":"Tesis 67: El totalitarismo no comienza con las cadenas, sino con la p\u00e9rdida de responsabilidad.","author":"boschimo","date":"2 de junio de 2025","format":false,"excerpt":"Explicaci\u00f3n y justificaci\u00f3n Los sistemas totalitarios rara vez vienen con uniformes, sirenas o violencia.A menudo aparecen como amables ayudantes: como autoridades sanitarias, asesores de seguridad, salvadores del clima, protectores de la infancia o agencias de innovaci\u00f3n digital.Apelan al bien, hablan de responsabilidad, pero significan obediencia. El totalitarismo moderno comienza donde\u2026","rel":"","context":"En \u00abEspanol\u00bb","block_context":{"text":"Espanol","link":"https:\/\/wir2030.com\/es\/category\/espanol\/"},"img":{"alt_text":"","src":"https:\/\/i0.wp.com\/wir2030.com\/wp-content\/uploads\/2025\/05\/image-33.png?fit=1024%2C768&ssl=1&resize=350%2C200","width":350,"height":200,"srcset":"https:\/\/i0.wp.com\/wir2030.com\/wp-content\/uploads\/2025\/05\/image-33.png?fit=1024%2C768&ssl=1&resize=350%2C200 1x, https:\/\/i0.wp.com\/wir2030.com\/wp-content\/uploads\/2025\/05\/image-33.png?fit=1024%2C768&ssl=1&resize=525%2C300 1.5x, https:\/\/i0.wp.com\/wir2030.com\/wp-content\/uploads\/2025\/05\/image-33.png?fit=1024%2C768&ssl=1&resize=700%2C400 2x"},"classes":[]},{"id":1132,"url":"https:\/\/wir2030.com\/es\/2025\/05\/26\/tesis-41-todo-el-mundo-tiene-derecho-a-equivocarse-incluidos-medicos-periodistas-y-politicos\/","url_meta":{"origin":1448,"position":1},"title":"Tesis 41: Todo el mundo tiene derecho a equivocarse, incluidos m\u00e9dicos, periodistas y pol\u00edticos.","author":"boschimo","date":"26 de mayo de 2025","format":false,"excerpt":"Explicaci\u00f3n y justificaci\u00f3n Equivocarse no es una debilidad, sino un requisito previo para el desarrollo.Pero vivimos en una cultura de la infalibilidad, en la que admitir un error no es una expresi\u00f3n de integridad, sino m\u00e1s bien el fin de una carrera, la p\u00e9rdida de reputaci\u00f3n o la admisi\u00f3n de\u2026","rel":"","context":"En \u00abEspanol\u00bb","block_context":{"text":"Espanol","link":"https:\/\/wir2030.com\/es\/category\/espanol\/"},"img":{"alt_text":"","src":"https:\/\/i0.wp.com\/wir2030.com\/wp-content\/uploads\/2025\/05\/image-26.png?fit=1024%2C768&ssl=1&resize=350%2C200","width":350,"height":200,"srcset":"https:\/\/i0.wp.com\/wir2030.com\/wp-content\/uploads\/2025\/05\/image-26.png?fit=1024%2C768&ssl=1&resize=350%2C200 1x, https:\/\/i0.wp.com\/wir2030.com\/wp-content\/uploads\/2025\/05\/image-26.png?fit=1024%2C768&ssl=1&resize=525%2C300 1.5x, https:\/\/i0.wp.com\/wir2030.com\/wp-content\/uploads\/2025\/05\/image-26.png?fit=1024%2C768&ssl=1&resize=700%2C400 2x"},"classes":[]},{"id":1170,"url":"https:\/\/wir2030.com\/es\/2025\/05\/28\/tesis-71-un-buen-estado-protege-a-sus-criticos-no-a-su-poder\/","url_meta":{"origin":1448,"position":2},"title":"Tesis 71: Un buen Estado protege a sus cr\u00edticos, no a su poder.","author":"boschimo","date":"28 de mayo de 2025","format":false,"excerpt":"Explicaci\u00f3n y justificaci\u00f3n La verdadera madurez de un estado no se demuestra por el aplauso de la mayor\u00eda,sino por c\u00f3mo trata la disidencia de la minor\u00eda. El consentimiento es c\u00f3modo, predecible, controlable.Pero la cr\u00edtica es inc\u00f3moda, impredecible y, por tanto, valiosa. La cr\u00edtica no es un ataque, sino un sistema\u2026","rel":"","context":"En \u00abEspanol\u00bb","block_context":{"text":"Espanol","link":"https:\/\/wir2030.com\/es\/category\/espanol\/"},"img":{"alt_text":"","src":"https:\/\/i0.wp.com\/wir2030.com\/wp-content\/uploads\/2025\/05\/menschen-verschiedener-meinung-europaer-vor-dem-bundestag-statt-weissem-haus.png?fit=1024%2C768&ssl=1&resize=350%2C200","width":350,"height":200,"srcset":"https:\/\/i0.wp.com\/wir2030.com\/wp-content\/uploads\/2025\/05\/menschen-verschiedener-meinung-europaer-vor-dem-bundestag-statt-weissem-haus.png?fit=1024%2C768&ssl=1&resize=350%2C200 1x, https:\/\/i0.wp.com\/wir2030.com\/wp-content\/uploads\/2025\/05\/menschen-verschiedener-meinung-europaer-vor-dem-bundestag-statt-weissem-haus.png?fit=1024%2C768&ssl=1&resize=525%2C300 1.5x, https:\/\/i0.wp.com\/wir2030.com\/wp-content\/uploads\/2025\/05\/menschen-verschiedener-meinung-europaer-vor-dem-bundestag-statt-weissem-haus.png?fit=1024%2C768&ssl=1&resize=700%2C400 2x"},"classes":[]},{"id":1375,"url":"https:\/\/wir2030.com\/es\/2025\/06\/06\/tesis-27-la-libertad-no-es-un-privilegio-sino-un-derecho-de-nacimiento\/","url_meta":{"origin":1448,"position":3},"title":"Tesis 27: La libertad no es un privilegio, sino un derecho de nacimiento.","author":"boschimo","date":"6 de junio de 2025","format":false,"excerpt":"Explicaci\u00f3n y justificaci\u00f3n La libertad no es un regalo concedido por el Estado. No es un bono, ni una recompensa por un comportamiento conformista, ni una exenci\u00f3n en tiempos de crisis. La libertad es aquello a lo que una persona tiene derecho desde su nacimiento, no por contrato, sino por\u2026","rel":"","context":"En \u00abEspanol\u00bb","block_context":{"text":"Espanol","link":"https:\/\/wir2030.com\/es\/category\/espanol\/"},"img":{"alt_text":"","src":"https:\/\/i0.wp.com\/wir2030.com\/wp-content\/uploads\/2025\/06\/europaische-menschen-feiern-ihre-freiheit-von-der-tyrannei.png?fit=1024%2C768&ssl=1&resize=350%2C200","width":350,"height":200,"srcset":"https:\/\/i0.wp.com\/wir2030.com\/wp-content\/uploads\/2025\/06\/europaische-menschen-feiern-ihre-freiheit-von-der-tyrannei.png?fit=1024%2C768&ssl=1&resize=350%2C200 1x, https:\/\/i0.wp.com\/wir2030.com\/wp-content\/uploads\/2025\/06\/europaische-menschen-feiern-ihre-freiheit-von-der-tyrannei.png?fit=1024%2C768&ssl=1&resize=525%2C300 1.5x, https:\/\/i0.wp.com\/wir2030.com\/wp-content\/uploads\/2025\/06\/europaische-menschen-feiern-ihre-freiheit-von-der-tyrannei.png?fit=1024%2C768&ssl=1&resize=700%2C400 2x"},"classes":[]},{"id":1379,"url":"https:\/\/wir2030.com\/es\/2025\/06\/04\/tesis-87-el-control-no-genera-confianza\/","url_meta":{"origin":1448,"position":4},"title":"Tesis 87: El control no genera confianza.","author":"boschimo","date":"4 de junio de 2025","format":false,"excerpt":"Explicaci\u00f3n y justificaci\u00f3n La confianza es un bien vivo. No la crean las normas, las c\u00e1maras ni la coacci\u00f3n.La confianza es una oferta, no una orden. Prospera en el espacio de libertad y se ahoga bajo el peso de la vigilancia. Pero el mundo moderno parece haber olvidado este principio.En\u2026","rel":"","context":"En \u00abEspanol\u00bb","block_context":{"text":"Espanol","link":"https:\/\/wir2030.com\/es\/category\/espanol\/"},"img":{"alt_text":"","src":"https:\/\/i0.wp.com\/wir2030.com\/wp-content\/uploads\/2025\/05\/image-34.png?fit=1024%2C768&ssl=1&resize=350%2C200","width":350,"height":200,"srcset":"https:\/\/i0.wp.com\/wir2030.com\/wp-content\/uploads\/2025\/05\/image-34.png?fit=1024%2C768&ssl=1&resize=350%2C200 1x, https:\/\/i0.wp.com\/wir2030.com\/wp-content\/uploads\/2025\/05\/image-34.png?fit=1024%2C768&ssl=1&resize=525%2C300 1.5x, https:\/\/i0.wp.com\/wir2030.com\/wp-content\/uploads\/2025\/05\/image-34.png?fit=1024%2C768&ssl=1&resize=700%2C400 2x"},"classes":[]},{"id":1142,"url":"https:\/\/wir2030.com\/es\/2025\/05\/27\/tesis-44-creer-en-las-instituciones-no-sustituye-a-la-responsabilidad-personal\/","url_meta":{"origin":1448,"position":5},"title":"Tesis 44: Creer en las instituciones no sustituye a la responsabilidad personal.","author":"boschimo","date":"27 de mayo de 2025","format":false,"excerpt":"Explicaci\u00f3n y justificaci\u00f3n Las instituciones se crean para las personas, no al rev\u00e9s.Pero en tiempos de crisis, solemos experimentar lo contrario:En lugar de pensar, examinar y actuar de forma independiente, muchas personas se aferran a las autoridades, los consejos de expertos y las organizaciones supranacionales como si fueran una verdad\u2026","rel":"","context":"En \u00abEspanol\u00bb","block_context":{"text":"Espanol","link":"https:\/\/wir2030.com\/es\/category\/espanol\/"},"img":{"alt_text":"","src":"https:\/\/i0.wp.com\/wir2030.com\/wp-content\/uploads\/2025\/05\/male-einen-menschen-der-einem-polizisten-das-grundgesetz-wie-eine.png?fit=1024%2C768&ssl=1&resize=350%2C200","width":350,"height":200,"srcset":"https:\/\/i0.wp.com\/wir2030.com\/wp-content\/uploads\/2025\/05\/male-einen-menschen-der-einem-polizisten-das-grundgesetz-wie-eine.png?fit=1024%2C768&ssl=1&resize=350%2C200 1x, https:\/\/i0.wp.com\/wir2030.com\/wp-content\/uploads\/2025\/05\/male-einen-menschen-der-einem-polizisten-das-grundgesetz-wie-eine.png?fit=1024%2C768&ssl=1&resize=525%2C300 1.5x, https:\/\/i0.wp.com\/wir2030.com\/wp-content\/uploads\/2025\/05\/male-einen-menschen-der-einem-polizisten-das-grundgesetz-wie-eine.png?fit=1024%2C768&ssl=1&resize=700%2C400 2x"},"classes":[]}],"_links":{"self":[{"href":"https:\/\/wir2030.com\/es\/wp-json\/wp\/v2\/posts\/1448","targetHints":{"allow":["GET"]}}],"collection":[{"href":"https:\/\/wir2030.com\/es\/wp-json\/wp\/v2\/posts"}],"about":[{"href":"https:\/\/wir2030.com\/es\/wp-json\/wp\/v2\/types\/post"}],"author":[{"embeddable":true,"href":"https:\/\/wir2030.com\/es\/wp-json\/wp\/v2\/users\/112514394"}],"replies":[{"embeddable":true,"href":"https:\/\/wir2030.com\/es\/wp-json\/wp\/v2\/comments?post=1448"}],"version-history":[{"count":1,"href":"https:\/\/wir2030.com\/es\/wp-json\/wp\/v2\/posts\/1448\/revisions"}],"predecessor-version":[{"id":1449,"href":"https:\/\/wir2030.com\/es\/wp-json\/wp\/v2\/posts\/1448\/revisions\/1449"}],"wp:featuredmedia":[{"embeddable":true,"href":"https:\/\/wir2030.com\/es\/wp-json\/wp\/v2\/media\/1434"}],"wp:attachment":[{"href":"https:\/\/wir2030.com\/es\/wp-json\/wp\/v2\/media?parent=1448"}],"wp:term":[{"taxonomy":"category","embeddable":true,"href":"https:\/\/wir2030.com\/es\/wp-json\/wp\/v2\/categories?post=1448"},{"taxonomy":"post_tag","embeddable":true,"href":"https:\/\/wir2030.com\/es\/wp-json\/wp\/v2\/tags?post=1448"}],"curies":[{"name":"wp","href":"https:\/\/api.w.org\/{rel}","templated":true}]}}