{"id":1387,"date":"2025-06-02T07:45:00","date_gmt":"2025-06-02T04:45:00","guid":{"rendered":"https:\/\/wir2030.com\/?p=1387"},"modified":"2025-05-30T18:05:36","modified_gmt":"2025-05-30T15:05:36","slug":"tesis-67-el-totalitarismo-no-comienza-con-las-cadenas-sino-con-la-perdida-de-responsabilidad","status":"publish","type":"post","link":"https:\/\/wir2030.com\/es\/2025\/06\/02\/tesis-67-el-totalitarismo-no-comienza-con-las-cadenas-sino-con-la-perdida-de-responsabilidad\/","title":{"rendered":"Tesis 67: El totalitarismo no comienza con las cadenas, sino con la p\u00e9rdida de responsabilidad."},"content":{"rendered":"\n<p class=\"wp-block-paragraph\"><strong>Explicaci\u00f3n y justificaci\u00f3n<\/strong><\/p>\n\n<p class=\"wp-block-paragraph\">Los sistemas totalitarios rara vez vienen con uniformes, sirenas o violencia.<br\/>A menudo aparecen como amables ayudantes: como autoridades sanitarias, asesores de seguridad, salvadores del clima, protectores de la infancia o agencias de innovaci\u00f3n digital.<br\/>Apelan al bien, hablan de responsabilidad, <strong>pero significan obediencia<\/strong>.<\/p>\n\n<p class=\"wp-block-paragraph\"><strong>El totalitarismo moderno comienza donde se quita la responsabilidad a las personas, supuestamente para protegerlas.<\/strong><br\/>Comienza con peque\u00f1as prohibiciones, nuevas normas, vigilancia invisible.<br\/>Con formas en lugar de \u00f3rdenes.<br\/>Con supuesta solidaridad en lugar de poder coercitivo abierto.<\/p>\n\n<p class=\"wp-block-paragraph\">Y crece tan silenciosamente precisamente porque se disfraza de cuidado.<br\/>Dice: \u201cCuidaremos <em>de ti<\/em>\u201d <em>.<\/em><br\/>Pero quiere decir: <em>\u201cYa no decidir\u00e1s nada\u201d.<\/em><\/p>\n\n<p class=\"wp-block-paragraph\">Lo que se pierde no es s\u00f3lo la libertad, sino la <strong>oportunidad de madurar.<\/strong><\/p>\n\n<p class=\"wp-block-paragraph\">Porque s\u00ed:<\/p>\n\n<ul class=\"wp-block-list\">\n<li><strong>S\u00f3lo los que toman decisiones pueden aprender de los errores.<\/strong><\/li>\n\n\n\n<li><strong>S\u00f3lo quien asume la responsabilidad desarrolla la capacidad de juicio.<\/strong><\/li>\n\n\n\n<li><strong>S\u00f3lo quien experimenta la libertad puede vivir la verdadera solidaridad.<\/strong><\/li>\n\n\n\n<li><strong>S\u00f3lo pueden crecer aquellos a los que se permite errar.<\/strong><\/li>\n<\/ul>\n\n<p class=\"wp-block-paragraph\">Los sistemas totalitarios destruyen este espacio de aprendizaje.<br\/>Empeque\u00f1ecen a las personas - al hacerlas \u201cseguras\u201d.<br\/>Impiden la maduraci\u00f3n - al pensarlo todo de antemano.<br\/>Rompen al individuo - al obligarle a integrarse en el colectivo.<\/p>\n\n<p class=\"wp-block-paragraph\">As\u00ed es como la humanidad se convierte en control.<br\/>La comunidad se convierte en cerrojo.<br\/>La protecci\u00f3n se convierte en incapacidad.<br\/>La \u00e9tica se convierte en un conjunto de normas.<\/p>\n\n<p class=\"wp-block-paragraph\"><strong>C\u00f3mo funciona realmente el totalitarismo<\/strong><\/p>\n\n<p class=\"wp-block-paragraph\">No llega de la noche a la ma\u00f1ana, sino <strong>gradualmente, insidiosamente, bajo la apariencia del bien:<\/strong><\/p>\n\n<ul class=\"wp-block-list\">\n<li><strong>Crea crisis artificiales o infladas para legitimar las intervenciones.<\/strong><br\/>El miedo se convierte en moneda de cambio, no en advertencia.<\/li>\n\n\n\n<li><strong>Habla de \u201cmedidas sin alternativa\u201d.<\/strong><br\/>Quien discrepa no es refutado, sino devaluado.<\/li>\n\n\n\n<li><strong>Divide la sociedad en \u201csolidaria\u201d y \u201cpeligrosa\u201d.<\/strong><br\/>Los cr\u00edticos no son vistos como interlocutores, sino como un riesgo.<\/li>\n\n\n\n<li><strong>Se apodera de las decisiones, bajo el pretexto del cuidado.<\/strong><br\/>El individuo se convierte en objeto de la intervenci\u00f3n del Estado.<\/li>\n\n\n\n<li><strong>Sustituye la responsabilidad personal por la creencia en las normas.<\/strong><br\/>Lo que est\u00e1 legalmente permitido se considera de repente moralmente correcto.<\/li>\n\n\n\n<li><strong>Traslada el poder a comit\u00e9s deshumanizados.<\/strong><br\/>Las decisiones ya no se explican, sino que se anuncian.<\/li>\n<\/ul>\n\n<p class=\"wp-block-paragraph\">As\u00ed pues, el hombre <strong>no<\/strong> pierde <strong>su soberan\u00eda por la violencia, sino por el dulce veneno de la comodidad.<\/strong><br\/>No la cede abiertamente, sino que a menudo ni siquiera se da cuenta de que se la est\u00e1n arrebatando.<\/p>\n\n<p class=\"wp-block-paragraph\"><strong>La libertad es el origen de todo progreso - ejemplos de la historia de la humanidad<\/strong><\/p>\n\n<p class=\"wp-block-paragraph\">El desarrollo de la humanidad nunca fue el producto de un plan, sino el resultado de decisiones valientes y libres:<\/p>\n\n<p class=\"wp-block-paragraph\"><strong>El hombre de las cavernas y el fuego<\/strong><\/p>\n\n<p class=\"wp-block-paragraph\" style=\"font-size:clamp(23.54px, 1.471rem + ((1vw - 3.2px) * 1.38), 39px);\"><strong>Imagina que hubiera existido una autoridad estatal para la protecci\u00f3n contra incendios en los primeros tiempos.<\/strong><\/p>\n\n<p class=\"wp-block-paragraph\"><br\/>Ella habr\u00eda dicho: <em><strong>\u201cEl fuego es peligroso. S\u00f3lo se permite bajo supervisi\u00f3n. Las infracciones ser\u00e1n castigadas\u201d.<\/strong><\/em><br\/>Entonces el fuego no se habr\u00eda convertido en una herramienta de progreso, sino en un riesgo.<br\/>Pero el hombre <strong>se hizo hombre<\/strong> porque <strong>no s\u00f3lo descubri\u00f3<\/strong> el fuego <strong>, sino que<\/strong> lo <strong>domestic\u00f3<\/strong>.<br\/>Lo prob\u00f3, lo quem\u00f3, lo aprendi\u00f3, lo comprendi\u00f3&#8230; <strong>por libertad, no por regulaci\u00f3n.<\/strong><\/p>\n\n<p class=\"wp-block-paragraph\"><strong>Agricultura y ganader\u00eda<\/strong><\/p>\n\n<p class=\"wp-block-paragraph\">Asentarse no fue una decisi\u00f3n colectiva, sino un intento de grupos individuales de moldear su entorno.<br\/>Probaron m\u00e9todos de cultivo, criaron animales, cometieron errores, aprendieron.<br\/>Sin un ministerio para la seguridad alimentaria. Sin subvenciones. <br\/><strong>Los cimientos de nuestra civilizaci\u00f3n se crearon gracias a la responsabilidad individual.<\/strong><\/p>\n\n<p class=\"wp-block-paragraph\"><strong>La invenci\u00f3n de la escritura<\/strong><\/p>\n\n<p class=\"wp-block-paragraph\">Ning\u00fan rey decret\u00f3 la escritura.<br\/>Fueron <strong>los pensadores individuales, los comerciantes, los eruditos<\/strong> quienes empezaron a formar signos.<br\/><strong>Si la escritura hubiera estado regulada desde el principio - \u201cs\u00f3lo permitida bajo supervisi\u00f3n religiosa\u201d-<br\/>nunca habr\u00eda habido pensamiento libre, ni literatura, ni ciencia.<\/strong><\/p>\n\n<p class=\"wp-block-paragraph\"><strong>La Reforma a trav\u00e9s de Mart\u00edn Lutero<\/strong><\/p>\n\n<p class=\"wp-block-paragraph\">Lutero tampoco quer\u00eda una revoluci\u00f3n, sino una renovaci\u00f3n espiritual.<br\/>Si en aquella \u00e9poca ya hubiera existido una autoridad censora mundial,<br\/>se habr\u00eda prohibido la traducci\u00f3n de la Biblia al alem\u00e1n -<br\/>y con ella la libertad de conciencia de millones de personas.<\/p>\n\n<p class=\"wp-block-paragraph\"><strong>Gutenberg y la impresi\u00f3n tipogr\u00e1fica<\/strong><\/p>\n\n<p class=\"wp-block-paragraph\">El invento de Gutenberg difundi\u00f3 el conocimiento, pero desafi\u00f3 a las estructuras de poder imperantes.<br\/>Un monopolio estatal sobre la reproducci\u00f3n de la informaci\u00f3n lo habr\u00eda impedido.<br\/><br\/><strong>S\u00f3lo porque no exist\u00eda una \u201cautoridad que concediera licencias a las imprentas\u201d pudo producirse la Ilustraci\u00f3n.<\/strong><br\/>Precisamente por eso hoy en d\u00eda la gente quiere que sea m\u00e1s dif\u00edcil escribir un libro, por ejemplo: Requisitos reglamentarios, prueba de impresi\u00f3n respetuosa con el clima. Prueba de de qu\u00e9 madera est\u00e1 hecho el libro. <br\/><br\/><strong>Una obra impresa es peligrosa<\/strong>porque puede resistir el paso del tiempo. Un <strong>libro electr\u00f3nico puede ser manipulado<\/strong>. <\/p>\n\n<p class=\"wp-block-paragraph\"><strong>Internet y la comunicaci\u00f3n descentralizada<\/strong><\/p>\n\n<p class=\"wp-block-paragraph\">Internet tampoco empez\u00f3 <strong>como un proyecto estatal para informar a los ciudadanos<\/strong> -<br\/>sino como un espacio para el libre desarrollo, la creaci\u00f3n de redes y la innovaci\u00f3n.<br\/>S\u00f3lo cuando los Estados empezaron a querer controlarlo se convirti\u00f3 en una amenaza para la libertad.<br\/>Hoy lo estamos experimentando: Censura, filtros algor\u00edtmicos, bloqueo -<br\/>no por preocupaci\u00f3n por la verdad, sino por la soberan\u00eda de la interpretaci\u00f3n.<\/p>\n\n<p class=\"wp-block-paragraph\"><strong>Lo que est\u00e1 en juego: El propio desarrollo humano<\/strong><\/p>\n\n<p class=\"wp-block-paragraph\">Los seres humanos no est\u00e1n hechos para ser gestionados por sistemas.<br\/>Crecen en la relaci\u00f3n, a trav\u00e9s de la decisi\u00f3n, a trav\u00e9s del riesgo.<\/p>\n\n<p class=\"wp-block-paragraph\">Si les quitas toda responsabilidad -ya sea en cuestiones de salud, educaci\u00f3n, consumo de medios de comunicaci\u00f3n o planificaci\u00f3n de la vida-<br\/><strong>les quitas su propia humanidad<\/strong>.<\/p>\n\n<p class=\"wp-block-paragraph\">Un sistema que lo regula todo ya no necesita personas, s\u00f3lo n\u00fameros, perfiles y puntos de datos.<br\/>Ya no pide conciencia, sino obediencia.<br\/>No moldea personalidades, sino formatea interfaces de usuario.<\/p>\n\n<p class=\"wp-block-paragraph\"><strong>Nuestra posici\u00f3n<\/strong><\/p>\n\n<p class=\"wp-block-paragraph\"><strong>We2030 dice:<\/strong><\/p>\n\n<p class=\"wp-block-paragraph\">El totalitarismo moderno no empieza con la violencia - sino con el alivio.<br\/>Promete ayuda - y te quita la vida de las manos.<br\/>Habla de solidaridad - y significa uniformidad.<br\/>Convierte la protecci\u00f3n en una prisi\u00f3n, la provisi\u00f3n en un grillete.<\/p>\n\n<p class=\"wp-block-paragraph\"><strong>S\u00f3lo quienes respetan a las personas como seres libres, pensantes y capaces de aprender pueden crear una sociedad humana.<\/strong><br\/>No es el plan perfecto lo que nos hace libres, sino la persona imperfecta a la que se permite desarrollarse.<\/p>\n\n<p class=\"wp-block-paragraph\">Por eso decimos:<\/p>\n\n<p class=\"wp-block-paragraph\">Quien quiera preservar la libertad no s\u00f3lo debe impedir la violencia -<br\/>sino tambi\u00e9n <strong>ver a trav\u00e9s de la dictadura blanda de la atenci\u00f3n.<\/strong><\/p>\n\n<p class=\"wp-block-paragraph\">El totalitarismo llega insidiosamente -<br\/>y empieza ah\u00ed,<br\/><strong>donde la gente deja de asumir responsabilidades - porque se les dice que es mejor as\u00ed.<\/strong><\/p>\n\n<p class=\"wp-block-paragraph\">Pero una vida libre comienza precisamente en este punto:<br\/><strong>Si lo haces de todos modos.<\/strong>  Cuando te responsabilizas de ti mismo o de tus seres queridos y tomas decisiones. Incluso en una pandemia. Esa no es tarea del Estado.  <\/p>\n","protected":false},"excerpt":{"rendered":"<p>Explicaci\u00f3n y justificaci\u00f3n Los sistemas totalitarios rara vez vienen con uniformes, sirenas o violencia.A menudo aparecen como amables ayudantes: como autoridades sanitarias, asesores de seguridad, salvadores del clima, protectores de la infancia o agencias de innovaci\u00f3n digital.Apelan al bien, hablan de responsabilidad, pero significan obediencia. El totalitarismo moderno comienza donde se quita la responsabilidad a [&hellip;]<\/p>\n","protected":false},"author":112514394,"featured_media":1319,"comment_status":"open","ping_status":"open","sticky":false,"template":"","format":"standard","meta":{"_crdt_document":"","advanced_seo_description":"","jetpack_seo_html_title":"","jetpack_seo_noindex":false,"_jetpack_newsletter_access":"","_jetpack_dont_email_post_to_subs":false,"_jetpack_newsletter_tier_id":0,"_jetpack_memberships_contains_paywalled_content":false,"_jetpack_memberships_contains_paid_content":false,"footnotes":"","jetpack_publicize_message":"","jetpack_publicize_feature_enabled":true,"jetpack_social_post_already_shared":true,"jetpack_social_options":{"image_generator_settings":{"template":"highway","default_image_id":0,"font":"","enabled":false},"version":2},"_wpas_customize_per_network":false,"jetpack_post_was_ever_published":false},"categories":[10096791],"tags":[],"class_list":["post-1387","post","type-post","status-publish","format-standard","has-post-thumbnail","hentry","category-espanol"],"jetpack_publicize_connections":[],"jetpack_featured_media_url":"https:\/\/i0.wp.com\/wir2030.com\/wp-content\/uploads\/2025\/05\/image-33.png?fit=1024%2C768&ssl=1","jetpack_likes_enabled":true,"jetpack_sharing_enabled":true,"jetpack_shortlink":"https:\/\/wp.me\/pgv6KY-mn","jetpack-related-posts":[{"id":834,"url":"https:\/\/wir2030.com\/es\/2025\/05\/17\/tesis-6-la-salud-no-se-puede-forzar-es-una-responsabilidad-individual\/","url_meta":{"origin":1387,"position":0},"title":"Tesis 6: La salud no se puede forzar, es una responsabilidad individual.","author":"boschimo","date":"17 de mayo de 2025","format":false,"excerpt":"Explicaci\u00f3n y justificaci\u00f3n La salud no es una tarea estatal en el sentido de control, sino una decisi\u00f3n y una responsabilidad personales. Est\u00e1 indisolublemente ligada a la libertad, la autodeterminaci\u00f3n y la confianza. Cada persona es \u00fanica: en su cuerpo, sus experiencias, sus riesgos, su biograf\u00eda. Por tanto, la salud\u2026","rel":"","context":"En \u00abEspanol\u00bb","block_context":{"text":"Espanol","link":"https:\/\/wir2030.com\/es\/category\/espanol\/"},"img":{"alt_text":"","src":"https:\/\/i0.wp.com\/wir2030.com\/wp-content\/uploads\/2025\/05\/create-a-highly-detailed-image-showcasing-the-theme-of-personal.png?fit=1024%2C768&ssl=1&resize=350%2C200","width":350,"height":200,"srcset":"https:\/\/i0.wp.com\/wir2030.com\/wp-content\/uploads\/2025\/05\/create-a-highly-detailed-image-showcasing-the-theme-of-personal.png?fit=1024%2C768&ssl=1&resize=350%2C200 1x, https:\/\/i0.wp.com\/wir2030.com\/wp-content\/uploads\/2025\/05\/create-a-highly-detailed-image-showcasing-the-theme-of-personal.png?fit=1024%2C768&ssl=1&resize=525%2C300 1.5x, https:\/\/i0.wp.com\/wir2030.com\/wp-content\/uploads\/2025\/05\/create-a-highly-detailed-image-showcasing-the-theme-of-personal.png?fit=1024%2C768&ssl=1&resize=700%2C400 2x"},"classes":[]},{"id":1142,"url":"https:\/\/wir2030.com\/es\/2025\/05\/27\/tesis-44-creer-en-las-instituciones-no-sustituye-a-la-responsabilidad-personal\/","url_meta":{"origin":1387,"position":1},"title":"Tesis 44: Creer en las instituciones no sustituye a la responsabilidad personal.","author":"boschimo","date":"27 de mayo de 2025","format":false,"excerpt":"Explicaci\u00f3n y justificaci\u00f3n Las instituciones se crean para las personas, no al rev\u00e9s.Pero en tiempos de crisis, solemos experimentar lo contrario:En lugar de pensar, examinar y actuar de forma independiente, muchas personas se aferran a las autoridades, los consejos de expertos y las organizaciones supranacionales como si fueran una verdad\u2026","rel":"","context":"En \u00abEspanol\u00bb","block_context":{"text":"Espanol","link":"https:\/\/wir2030.com\/es\/category\/espanol\/"},"img":{"alt_text":"","src":"https:\/\/i0.wp.com\/wir2030.com\/wp-content\/uploads\/2025\/05\/male-einen-menschen-der-einem-polizisten-das-grundgesetz-wie-eine.png?fit=1024%2C768&ssl=1&resize=350%2C200","width":350,"height":200,"srcset":"https:\/\/i0.wp.com\/wir2030.com\/wp-content\/uploads\/2025\/05\/male-einen-menschen-der-einem-polizisten-das-grundgesetz-wie-eine.png?fit=1024%2C768&ssl=1&resize=350%2C200 1x, https:\/\/i0.wp.com\/wir2030.com\/wp-content\/uploads\/2025\/05\/male-einen-menschen-der-einem-polizisten-das-grundgesetz-wie-eine.png?fit=1024%2C768&ssl=1&resize=525%2C300 1.5x, https:\/\/i0.wp.com\/wir2030.com\/wp-content\/uploads\/2025\/05\/male-einen-menschen-der-einem-polizisten-das-grundgesetz-wie-eine.png?fit=1024%2C768&ssl=1&resize=700%2C400 2x"},"classes":[]},{"id":757,"url":"https:\/\/wir2030.com\/es\/2025\/05\/20\/tesis-89-si-el-estado-lo-controla-todo-no-hay-lugar-para-la-responsabilidad\/","url_meta":{"origin":1387,"position":2},"title":"Tesis 89: Si el Estado lo controla todo, no hay lugar para la responsabilidad.","author":"boschimo","date":"20 de mayo de 2025","format":false,"excerpt":"Explicaci\u00f3n y justificaci\u00f3nLa responsabilidad comienza donde se concede la libertad.S\u00f3lo aquellos a los que se permite decidir pueden tambi\u00e9n ser responsables.Pero si el Estado regula, controla, sanciona y prescribe cada detalle,priva a las personas de la oportunidad de ser responsables en absoluto. C\u00f3mo ocurre La salud se gestiona en lugar\u2026","rel":"","context":"En \u00abEspanol\u00bb","block_context":{"text":"Espanol","link":"https:\/\/wir2030.com\/es\/category\/espanol\/"},"img":{"alt_text":"","src":"https:\/\/i0.wp.com\/wir2030.com\/wp-content\/uploads\/2025\/05\/ein-mensch-verirrt-im-paragraphen-dschungel.png?fit=1024%2C768&ssl=1&resize=350%2C200","width":350,"height":200,"srcset":"https:\/\/i0.wp.com\/wir2030.com\/wp-content\/uploads\/2025\/05\/ein-mensch-verirrt-im-paragraphen-dschungel.png?fit=1024%2C768&ssl=1&resize=350%2C200 1x, https:\/\/i0.wp.com\/wir2030.com\/wp-content\/uploads\/2025\/05\/ein-mensch-verirrt-im-paragraphen-dschungel.png?fit=1024%2C768&ssl=1&resize=525%2C300 1.5x, https:\/\/i0.wp.com\/wir2030.com\/wp-content\/uploads\/2025\/05\/ein-mensch-verirrt-im-paragraphen-dschungel.png?fit=1024%2C768&ssl=1&resize=700%2C400 2x"},"classes":[]},{"id":697,"url":"https:\/\/wir2030.com\/es\/2025\/05\/24\/tesis-62-la-industria-farmaceutica-no-debe-dictar-la-politica-mundial\/","url_meta":{"origin":1387,"position":3},"title":"Tesis 62: La industria farmac\u00e9utica no debe dictar la pol\u00edtica mundial.","author":"boschimo","date":"24 de mayo de 2025","format":false,"excerpt":"Explicaci\u00f3n y justificaci\u00f3n La investigaci\u00f3n farmac\u00e9utica y la atenci\u00f3n m\u00e9dica pueden salvar vidas. Sin embargo, no lo hacen por el bien de la humanidad, sino como parte de un modelo de negocio: un sector muy rentable y activo en todo el mundo cuyo objetivo principal no es la salud, sino\u2026","rel":"","context":"En \u00abEspanol\u00bb","block_context":{"text":"Espanol","link":"https:\/\/wir2030.com\/es\/category\/espanol\/"},"img":{"alt_text":"","src":"https:\/\/i0.wp.com\/wir2030.com\/wp-content\/uploads\/2025\/05\/zeichne-ein-parlament-in-dem-spritzen-medikamente-und-pillen-auf.png?fit=1024%2C768&ssl=1&resize=350%2C200","width":350,"height":200,"srcset":"https:\/\/i0.wp.com\/wir2030.com\/wp-content\/uploads\/2025\/05\/zeichne-ein-parlament-in-dem-spritzen-medikamente-und-pillen-auf.png?fit=1024%2C768&ssl=1&resize=350%2C200 1x, https:\/\/i0.wp.com\/wir2030.com\/wp-content\/uploads\/2025\/05\/zeichne-ein-parlament-in-dem-spritzen-medikamente-und-pillen-auf.png?fit=1024%2C768&ssl=1&resize=525%2C300 1.5x, https:\/\/i0.wp.com\/wir2030.com\/wp-content\/uploads\/2025\/05\/zeichne-ein-parlament-in-dem-spritzen-medikamente-und-pillen-auf.png?fit=1024%2C768&ssl=1&resize=700%2C400 2x"},"classes":[]},{"id":846,"url":"https:\/\/wir2030.com\/es\/2025\/05\/17\/tesis-8-la-vigilancia-digital-borra-la-libertad-no-el-virus\/","url_meta":{"origin":1387,"position":4},"title":"Tesis 8: La vigilancia digital borra la libertad, no el virus.","author":"boschimo","date":"17 de mayo de 2025","format":false,"excerpt":"Explicaci\u00f3n y justificaci\u00f3n La digitalizaci\u00f3n puede ser una herramienta de liberaci\u00f3n, o de control.Puede facilitar la comunicaci\u00f3n, el acceso al conocimiento y la atenci\u00f3n m\u00e9dica, o mutar en el mayor aparato de vigilancia de la historia de la humanidad.La diferencia est\u00e1 en el objetivo, y en la intenci\u00f3n que hay\u2026","rel":"","context":"En \u00abEspanol\u00bb","block_context":{"text":"Espanol","link":"https:\/\/wir2030.com\/es\/category\/espanol\/"},"img":{"alt_text":"","src":"https:\/\/i0.wp.com\/wir2030.com\/wp-content\/uploads\/2025\/05\/image-9.png?fit=1024%2C768&ssl=1&resize=350%2C200","width":350,"height":200,"srcset":"https:\/\/i0.wp.com\/wir2030.com\/wp-content\/uploads\/2025\/05\/image-9.png?fit=1024%2C768&ssl=1&resize=350%2C200 1x, https:\/\/i0.wp.com\/wir2030.com\/wp-content\/uploads\/2025\/05\/image-9.png?fit=1024%2C768&ssl=1&resize=525%2C300 1.5x, https:\/\/i0.wp.com\/wir2030.com\/wp-content\/uploads\/2025\/05\/image-9.png?fit=1024%2C768&ssl=1&resize=700%2C400 2x"},"classes":[]},{"id":1379,"url":"https:\/\/wir2030.com\/es\/2025\/06\/04\/tesis-87-el-control-no-genera-confianza\/","url_meta":{"origin":1387,"position":5},"title":"Tesis 87: El control no genera confianza.","author":"boschimo","date":"4 de junio de 2025","format":false,"excerpt":"Explicaci\u00f3n y justificaci\u00f3n La confianza es un bien vivo. No la crean las normas, las c\u00e1maras ni la coacci\u00f3n.La confianza es una oferta, no una orden. Prospera en el espacio de libertad y se ahoga bajo el peso de la vigilancia. Pero el mundo moderno parece haber olvidado este principio.En\u2026","rel":"","context":"En \u00abEspanol\u00bb","block_context":{"text":"Espanol","link":"https:\/\/wir2030.com\/es\/category\/espanol\/"},"img":{"alt_text":"","src":"https:\/\/i0.wp.com\/wir2030.com\/wp-content\/uploads\/2025\/05\/image-34.png?fit=1024%2C768&ssl=1&resize=350%2C200","width":350,"height":200,"srcset":"https:\/\/i0.wp.com\/wir2030.com\/wp-content\/uploads\/2025\/05\/image-34.png?fit=1024%2C768&ssl=1&resize=350%2C200 1x, https:\/\/i0.wp.com\/wir2030.com\/wp-content\/uploads\/2025\/05\/image-34.png?fit=1024%2C768&ssl=1&resize=525%2C300 1.5x, https:\/\/i0.wp.com\/wir2030.com\/wp-content\/uploads\/2025\/05\/image-34.png?fit=1024%2C768&ssl=1&resize=700%2C400 2x"},"classes":[]}],"_links":{"self":[{"href":"https:\/\/wir2030.com\/es\/wp-json\/wp\/v2\/posts\/1387","targetHints":{"allow":["GET"]}}],"collection":[{"href":"https:\/\/wir2030.com\/es\/wp-json\/wp\/v2\/posts"}],"about":[{"href":"https:\/\/wir2030.com\/es\/wp-json\/wp\/v2\/types\/post"}],"author":[{"embeddable":true,"href":"https:\/\/wir2030.com\/es\/wp-json\/wp\/v2\/users\/112514394"}],"replies":[{"embeddable":true,"href":"https:\/\/wir2030.com\/es\/wp-json\/wp\/v2\/comments?post=1387"}],"version-history":[{"count":1,"href":"https:\/\/wir2030.com\/es\/wp-json\/wp\/v2\/posts\/1387\/revisions"}],"predecessor-version":[{"id":1388,"href":"https:\/\/wir2030.com\/es\/wp-json\/wp\/v2\/posts\/1387\/revisions\/1388"}],"wp:featuredmedia":[{"embeddable":true,"href":"https:\/\/wir2030.com\/es\/wp-json\/wp\/v2\/media\/1319"}],"wp:attachment":[{"href":"https:\/\/wir2030.com\/es\/wp-json\/wp\/v2\/media?parent=1387"}],"wp:term":[{"taxonomy":"category","embeddable":true,"href":"https:\/\/wir2030.com\/es\/wp-json\/wp\/v2\/categories?post=1387"},{"taxonomy":"post_tag","embeddable":true,"href":"https:\/\/wir2030.com\/es\/wp-json\/wp\/v2\/tags?post=1387"}],"curies":[{"name":"wp","href":"https:\/\/api.w.org\/{rel}","templated":true}]}}