{"id":1281,"date":"2025-05-31T07:31:00","date_gmt":"2025-05-31T04:31:00","guid":{"rendered":"https:\/\/wir2030.com\/?p=1281"},"modified":"2025-05-31T21:33:07","modified_gmt":"2025-05-31T18:33:07","slug":"tesis-14-quien-censura-la-critica-tiene-algo-que-ocultar","status":"publish","type":"post","link":"https:\/\/wir2030.com\/es\/2025\/05\/31\/tesis-14-quien-censura-la-critica-tiene-algo-que-ocultar\/","title":{"rendered":"Tesis 14: Quien censura la cr\u00edtica tiene algo que ocultar."},"content":{"rendered":"\n<p class=\"wp-block-paragraph\"><strong>Explicaci\u00f3n y justificaci\u00f3n<\/strong><\/p>\n\n<p class=\"wp-block-paragraph\">La cr\u00edtica es el pulso de toda sociedad libre.<br\/>Es el signo vivo de una democracia, el sistema de alerta temprana del poder, el corrector de los errores institucionales.<br\/>Donde se permite la cr\u00edtica, el poder puede ser <strong>cuestionado, escrutado y corregido<\/strong>.<br\/>Donde se suprime, crecen <strong>la arbitrariedad, la corrupci\u00f3n y la tiran\u00eda<\/strong>.<\/p>\n\n<p class=\"wp-block-paragraph\">Un Estado, un sistema, una instituci\u00f3n que se cierra a las cr\u00edticas pierde su <strong>legitimidad<\/strong>, porque revela:<br\/><strong>que ya no sirve a las personas, sino a s\u00ed mismo.<\/strong><\/p>\n\n<p class=\"wp-block-paragraph\"><strong>Por qu\u00e9 la cr\u00edtica es indispensable<\/strong><\/p>\n\n<p class=\"wp-block-paragraph\">La cr\u00edtica <strong>no es un ataque<\/strong>, sino un signo de alerta espiritual.<br\/>Demuestra que una persona asume su responsabilidad: por el bien com\u00fan, por la verdad, por el desarrollo.<\/p>\n\n<p class=\"wp-block-paragraph\">La cr\u00edtica lo es:<\/p>\n\n<ul class=\"wp-block-list\">\n<li>una <strong>herramienta para encontrar la verdad<\/strong>: S\u00f3lo si se puede dudar de las tesis se puede distinguir entre error y realizaci\u00f3n.<\/li>\n\n\n\n<li>una <strong>forma de vigilancia<\/strong>: el poder necesita contrapoder, el control necesita contracontrol.<\/li>\n\n\n\n<li>una <strong>salida para el resentimiento, sin violencia<\/strong>: la cr\u00edtica canaliza la frustraci\u00f3n de forma constructiva. En cambio, la cr\u00edtica reprimida suele descargarse destructivamente. <\/li>\n\n\n\n<li>El <strong>requisito previo para el progreso, el aprendizaje y el cambio<\/strong>: ya sea en la ciencia, el arte, la medicina o la pol\u00edtica, sin cr\u00edtica hay estancamiento o retroceso.<\/li>\n<\/ul>\n\n<p class=\"wp-block-paragraph\">Por tanto, <strong>la libertad de opini\u00f3n y de expresi\u00f3n<\/strong> no son s\u00f3lo ideales de civilizaci\u00f3n, sino <strong>mecanismos<\/strong> concretos <strong>de protecci\u00f3n contra el abuso de poder<\/strong>.<br\/>Cuando faltan, surge una sociedad del miedo, no de la verdad.<\/p>\n\n<p class=\"wp-block-paragraph\"><strong>Qu\u00e9 es realmente la censura<\/strong><\/p>\n\n<p class=\"wp-block-paragraph\">Hoy en d\u00eda, la censura se vende a menudo como una \u201cmedida de protecci\u00f3n\u201d: contra la desinformaci\u00f3n, contra el odio, contra la \u201cdivisi\u00f3n social\u201d.<br\/>Pero eso es una ilusi\u00f3n.<\/p>\n\n<p class=\"wp-block-paragraph\">La censura est\u00e1 en la verdad:<\/p>\n\n<ul class=\"wp-block-list\">\n<li>el <strong>intento de poner fin a los debates<\/strong> antes incluso de que se hayan celebrado,<\/li>\n\n\n\n<li>la <strong>voluntad de asegurar las jerarqu\u00edas de poder<\/strong> deslegitimando las cr\u00edticas,<\/li>\n\n\n\n<li>el <strong>instrumento para suprimir verdades inc\u00f3modas<\/strong>, peligrosas desde el punto de vista pol\u00edtico, econ\u00f3mico o ideol\u00f3gico,<\/li>\n\n\n\n<li>el <strong>intento de controlar la realidad<\/strong> silenciando puntos de vista alternativos.<\/li>\n<\/ul>\n\n<p class=\"wp-block-paragraph\"><strong>La censura no protege contra las mentiras, sino que protege a las mentiras para que no salgan a la luz.<\/strong><br\/>Los que no soportan la cr\u00edtica no tienen miedo al error, sino <strong>a la verdad<\/strong>.<\/p>\n\n<p class=\"wp-block-paragraph\"><strong>Formas actuales de censura<\/strong><\/p>\n\n<p class=\"wp-block-paragraph\">Hoy en d\u00eda, en las sociedades democr\u00e1ticas, la censura ya no se manifiesta principalmente a trav\u00e9s de la quema de libros o de prohibiciones abiertas.<br\/>Es m\u00e1s sutil, m\u00e1s sofisticada y, por tanto, m\u00e1s peligrosa. Opera a trav\u00e9s de: <\/p>\n\n<ul class=\"wp-block-list\">\n<li><strong>\u201cComprobaciones de hechos\u201d<\/strong> que <strong>deval\u00faan las opiniones discrepantes en todos los \u00e1mbitos<\/strong> con aparente objetividad,<\/li>\n\n\n\n<li><strong>Eliminaci\u00f3n de publicaciones en redes sociales<\/strong> sin ninguna base legal ni justificaci\u00f3n transparente,<\/li>\n\n\n\n<li><strong>Bloqueo de plataformas, prohibici\u00f3n en la sombra, desmonetizaci\u00f3n<\/strong>: m\u00e9todos digitales de exclusi\u00f3n social,<\/li>\n\n\n\n<li><strong>T\u00e9rminos jur\u00eddicos vagos<\/strong> como \u201cdeslegitimaci\u00f3n del Estado\u201d, \u201cincitaci\u00f3n al odio\u201d o \u201cdesinformaci\u00f3n\u201d que crean un clima de intimidaci\u00f3n,<\/li>\n\n\n\n<li><strong>Represi\u00f3n profesional<\/strong> contra m\u00e9dicos, cient\u00edficos, periodistas, artistas o funcionarios cr\u00edticos que se desv\u00edan de la l\u00ednea oficial.<\/li>\n<\/ul>\n\n<p class=\"wp-block-paragraph\"><strong>La censura no s\u00f3lo destruye las voces individuales, sino el propio debate.<\/strong><br\/>Y sin debate, no hay democracia.<\/p>\n\n<p class=\"wp-block-paragraph\"><strong>Ejemplos hist\u00f3ricos e internacionales:<\/strong><\/p>\n\n<p class=\"wp-block-paragraph\"><strong>1. la Rosa Blanca (Alemania, 1942-1943)<\/strong><\/p>\n\n<p class=\"wp-block-paragraph\">Los hermanos <strong>Hans y Sophie Scholl<\/strong> y sus compa\u00f1eros de campa\u00f1a en M\u00fanich distribuyeron panfletos contra el r\u00e9gimen nazi.<br\/>Advert\u00edan de la injusticia, llamaban a la resistencia contra Hitler y apelaban a la conciencia.<br\/>Sus cr\u00edticas eran <strong>ciertas<\/strong>, pero fueron castigadas como \u201calta traici\u00f3n\u201d.<br\/>Hans y Sophie Scholl fueron <strong>ejecutados<\/strong> el 22 de febrero de 1943.<br\/>Su valent\u00eda perdura como recordatorio: <strong>la verdad necesita protecci\u00f3n, no persecuci\u00f3n<\/strong>.<\/p>\n\n<p class=\"wp-block-paragraph\"><strong>2 Julian Assange (Australia \/ Gran Breta\u00f1a \/ EE.UU.)<\/strong><\/p>\n\n<p class=\"wp-block-paragraph\">En 2010, el fundador de <strong>WikiLeaks<\/strong> public\u00f3 documentos filtrados que probaban cr\u00edmenes de guerra cometidos por el ej\u00e9rcito estadounidense en Irak y Afganist\u00e1n, incluido el fusilamiento de civiles.<br\/>Assange se convirti\u00f3 en el blanco de la persecuci\u00f3n mundial, aislado en una embajada durante a\u00f1os y posteriormente encarcelado en la prisi\u00f3n de m\u00e1xima seguridad de Belmarsh.<br\/>No porque hubiera mentido, sino <strong>porque<\/strong> hab\u00eda <strong>documentado la verdad<\/strong>.<\/p>\n\n<p class=\"wp-block-paragraph\"><strong>3 Edward Snowden (EE.UU.\/Rusia)<\/strong><\/p>\n\n<p class=\"wp-block-paragraph\">En 2013, el ex empleado de la NSA destap\u00f3 la <strong>vigilancia masiva de la poblaci\u00f3n estadounidense e internacional<\/strong> por parte de las agencias de inteligencia.<br\/>Fue procesado y desde entonces vive en el exilio.<br\/><strong>Sus revelaciones<\/strong> desataron la indignaci\u00f3n mundial, <strong>no contra las agencias de vigilancia, sino contra \u00e9l.<\/strong><\/p>\n\n<p class=\"wp-block-paragraph\"><strong>4. Nelson Mandela (Sud\u00e1frica)<\/strong><\/p>\n\n<p class=\"wp-block-paragraph\">Mandela fue tachado de <strong>terrorista<\/strong> durante d\u00e9cadas por oponerse al r\u00e9gimen del apartheid.<br\/>Pas\u00f3 <strong>27 a\u00f1os en la c\u00e1rcel<\/strong> - por una verdad que ahora se considera un derecho humano evidente: <strong>todas las personas son iguales.<\/strong><br\/>Hoy se le venera - entonces se le censuraba.<\/p>\n\n<p class=\"wp-block-paragraph\"><strong>5 Ai Weiwei (China)<\/strong><\/p>\n\n<p class=\"wp-block-paragraph\">El artista y activista chino critic\u00f3 la corrupci\u00f3n, la destrucci\u00f3n del medio ambiente y las violaciones de los derechos humanos en la Rep\u00fablica Popular China.<br\/>Fue <strong>detenido varias veces<\/strong>, sus obras prohibidas, su voz reprimida, aunque dec\u00eda verdades que muchos en el pa\u00eds compart\u00edan pero no se les permit\u00eda expresar.<\/p>\n\n<p class=\"wp-block-paragraph\"><strong>6 Dr. Simon Goddek, Prof. Bhakdi, Dr. Bodo Schiffmann, Dr. Wodarg y muchos otros (Internacional, desde 2020)<\/strong><br\/><br\/>Durante la crisis de COVID-19, numerosos cient\u00edficos y m\u00e9dicos que expresaron cr\u00edticas fundadas a las medidas, la pol\u00edtica de vacunaci\u00f3n o los bloqueos fueron <strong>censurados, difamados, excluidos de asociaciones profesionales o borrados de plataformas<\/strong>.<br\/>Formularon preguntas, presentaron datos, lanzaron advertencias&#8230; y fueron declarados \u201cpeligros\u201d por hacerlo.<br\/>En muchos casos, s\u00f3lo meses despu\u00e9s qued\u00f3 claro que <strong>sus cr\u00edticas estaban justificadas<\/strong>.<\/p>\n\n<p class=\"wp-block-paragraph\"><strong>7. Oleg Orlov (Rusia, 2024)<\/strong><br\/><br\/>El activista de derechos humanos y cofundador de Memorial fue condenado a <strong>2,5 a\u00f1os de prisi\u00f3n<\/strong> en 2024 por calificar de \u201cfascista\u201d la guerra de Putin contra Ucrania.<br\/>Su \u201cdelito\u201d: <strong>un ensayo<\/strong>.<\/p>\n\n<p class=\"wp-block-paragraph\"><strong>8. Prof. Carl Heneghan &amp; Dr Tom Jefferson (Reino Unido)<\/strong><br\/><br\/>Los dos cient\u00edficos del Oxford Centre for Evidence-Based Medicine criticaron las pruebas en que se basaban los cierres patronales, las mascarillas obligatorias y el cierre de escuelas durante la pandemia de coronavirus.<br\/>Aunque presentaron estudios de renombre, sus voces fueron relativizadas por los verificadores de hechos, desacreditadas por los medios de comunicaci\u00f3n y censuradas en las plataformas sociales.<br\/>El debate p\u00fablico dio paso a un clima de exclusi\u00f3n, no porque estuvieran difundiendo informaci\u00f3n falsa, sino porque sus <strong>hechos<\/strong> eran <strong>pol\u00edticamente indeseables<\/strong>.<\/p>\n\n<p class=\"wp-block-paragraph\"><strong>9 Dr. Jordan Peterson (Canad\u00e1)<\/strong><br\/><br\/>El profesor de psicolog\u00eda se hizo internacionalmente conocido porque se opuso a una ley canadiense que quer\u00eda introducir el uso obligatorio de determinados pronombres de g\u00e9nero.<br\/>No critic\u00f3 a las personas en cuesti\u00f3n, sino <strong>la obligaci\u00f3n del Estado de regular el lenguaje<\/strong>.<br\/>Su postura provoc\u00f3 ataques masivos de los medios de comunicaci\u00f3n, llamamientos al boicot, restricciones a su docencia universitaria y, en \u00faltima instancia, la revocaci\u00f3n de su licencia de psicoterapeuta.<br\/>No porque hubiera actuado de forma poco \u00e9tica, sino <strong>porque no estaba de acuerdo<\/strong>.<\/p>\n\n<p class=\"wp-block-paragraph\"><strong>10. protestas de camioneros en canad\u00e1 (2022)<\/strong><br\/><br\/>Decenas de miles de camioneros canadienses protestaron pac\u00edficamente contra las vacunaciones obligatorias y las medidas excesivas contra el coronavirus.<br\/>En lugar de dialogar, el gobierno de Trudeau opt\u00f3 por la difamaci\u00f3n: se les tach\u00f3 de extremistas, a pesar de que no causaron ning\u00fan acto de violencia.<br\/>se congelaron cuentas, se bloquearon plataformas de donaciones, se vigil\u00f3 a los simpatizantes: una <strong>forma totalmente extrajudicial de represi\u00f3n digital<\/strong> contra los ciudadanos que expresaban una opini\u00f3n discrepante.<\/p>\n\n<p class=\"wp-block-paragraph\"><strong>11. Dr. Simon Thornley (Nueva Zelanda)<\/strong><br\/><br\/>El epidemi\u00f3logo de la Universidad de Auckland contradijo la estrategia neozelandesa de \u201ccero COVID\u201d y advirti\u00f3 de los riesgos de las nuevas vacunas.<br\/>A pesar de sus declaraciones basadas en hechos y fundamentos cient\u00edficos, fue calificado de \u201cpeligroso\u201d en los medios de comunicaci\u00f3n, rechazado por los expertos y expulsado del discurso p\u00fablico.<br\/>No porque dijera tonter\u00edas, sino <strong>porque no se someti\u00f3 al consenso<\/strong>.<\/p>\n\n<p class=\"wp-block-paragraph\"><strong>12\u00ba Billy Te Kahika Jr (Nueva Zelanda) <\/strong><br\/><br\/>M\u00fasico, pol\u00edtico y activista que se manifest\u00f3 p\u00fablicamente en contra de las medidas autoritarias durante la crisis del coronavirus.<br\/>Se eliminaron sus cuentas en las redes sociales, se prohibieron actos y se criminaliz\u00f3 a sus seguidores, no por violencia o agitaci\u00f3n, sino <strong>por opiniones cr\u00edticas con el gobierno<\/strong>.<br\/>El Estado actu\u00f3 como si estuviera en estado de guerra contra las palabras, no contra los hechos.<\/p>\n\n<p class=\"wp-block-paragraph\"><strong>13. Prof. Didier Raoult (Francia)<\/strong><br\/><br\/>El vir\u00f3logo estrella franc\u00e9s se hizo famoso cuando defendi\u00f3 el uso de hidroxicloroquina al principio de la pandemia.<br\/>Lo que sigui\u00f3 fue una ca\u00edda sin precedentes: censura de sus investigaciones, influencia pol\u00edtica en su cl\u00ednica, difamaci\u00f3n masiva en la prensa.<br\/>Aunque los estudios posteriores respaldaron muchas de sus afirmaciones, su reputaci\u00f3n sigui\u00f3 da\u00f1ada, <strong>no porque se equivocara, sino porque se sent\u00eda inc\u00f3modo<\/strong>.<\/p>\n\n<p class=\"wp-block-paragraph\"><strong>14. gilets jaunes - los chalecos amarillos (Francia)<\/strong><br\/><br\/>El movimiento comenz\u00f3 como una protesta contra la subida de los precios del combustible, pero r\u00e1pidamente se convirti\u00f3 en una cr\u00edtica a la desigualdad social y a la falta de participaci\u00f3n ciudadana.<br\/>La respuesta del Estado: violencia policial masiva, restricciones a la libertad de reuni\u00f3n, censura de la informaci\u00f3n alternativa, vigilancia de los organizadores.<br\/>Lo que comenz\u00f3 como una protesta democr\u00e1tica fue reinterpretado como una \u201camenaza\u201d por medidas estatales selectivas - <strong>y reprimido sistem\u00e1ticamente<\/strong>.<\/p>\n\n<p class=\"wp-block-paragraph\">Estos ejemplos lo demuestran de forma impresionante:<br\/> La censura<strong>no es una reliquia de dictaduras pasadas<\/strong>: es un peligro real en medio de las democracias modernas.<br\/>No siempre se produce en forma de prohibiciones abiertas, sino en forma de presi\u00f3n, exclusi\u00f3n, desplatforming, retirada de licencias, agitaci\u00f3n medi\u00e1tica o deslegitimaci\u00f3n selectiva.<\/p>\n\n<p class=\"wp-block-paragraph\"><strong>La verdad suele ser inc\u00f3moda.<br\/>Pero una sociedad libre se reconoce por c\u00f3mo trata la verdad inc\u00f3moda.<\/strong><br\/>El valor de la libertad de opini\u00f3n no se demuestra con aplausos, sino con contradicciones.<br\/><\/p>\n\n<p class=\"wp-block-paragraph\"><strong>Por qu\u00e9 es peligroso<\/strong><\/p>\n\n<p class=\"wp-block-paragraph\">La censura no es un efecto secundario, es un <strong>error del sistema<\/strong>.<br\/>Denn:<\/p>\n\n<ul class=\"wp-block-list\">\n<li>Donde la cr\u00edtica est\u00e1 prohibida, <strong>no<\/strong> se puede <strong>reconocer ning\u00fan error<\/strong>.<\/li>\n\n\n\n<li>Donde se suprime la disidencia, muere la <strong>honestidad cient\u00edfica<\/strong>.<\/li>\n\n\n\n<li>Cuando las voces discrepantes se consideran \u201cenemigas\u201d, surge <strong>la paranoia pol\u00edtica<\/strong>.<\/li>\n\n\n\n<li>Cuando la verdad se convierte en una amenaza, <strong>la mentira es una cuesti\u00f3n de Estado<\/strong>.<\/li>\n\n\n\n<li>Quien elimina la cr\u00edtica no s\u00f3lo destruye la libertad, sino <strong>tambi\u00e9n la confianza<\/strong>.<\/li>\n<\/ul>\n\n<p class=\"wp-block-paragraph\"><strong>La censura es un acto de miedo.<\/strong><br\/>Y una sociedad que tiene miedo de la verdad <strong>no<\/strong> es <strong>estable: est\u00e1 enferma.<\/strong><\/p>\n\n<p class=\"wp-block-paragraph\"><strong>Nuestra posici\u00f3n<\/strong><\/p>\n\n<p class=\"wp-block-paragraph\"><strong>Exigencias We2030:<\/strong><\/p>\n\n<ul class=\"wp-block-list\">\n<li>El <strong>fin de la censura<\/strong> - por parte del Estado, las plataformas, los algoritmos, los medios de comunicaci\u00f3n y las instituciones cient\u00edficas<\/li>\n\n\n\n<li>La <strong>plena protecci\u00f3n de las voces cr\u00edticas<\/strong>, independientemente de su popularidad o categorizaci\u00f3n pol\u00edtica.<\/li>\n\n\n\n<li><strong>Restaurar una aut\u00e9ntica cultura del debate<\/strong>, con respeto, apertura y voluntad de discrepar.<\/li>\n\n\n\n<li>Una <strong>revisi\u00f3n p\u00fablica de todos los casos de censura, exclusi\u00f3n y represi\u00f3n por motivos pol\u00edticos<\/strong>, especialmente desde 2020.<\/li>\n\n\n\n<li>La <strong>rehabilitaci\u00f3n de<\/strong> quienes han sido injustamente difamados, borrados o silenciados<\/li>\n<\/ul>\n\n<p class=\"wp-block-paragraph\">Porque s\u00ed:<\/p>\n\n<p class=\"wp-block-paragraph\"><strong>Quien censura la cr\u00edtica tiene algo que ocultar.<\/strong><br\/>Una sociedad que ya no permite la cr\u00edtica no es libre, va camino del autoritarismo.<br\/><strong>La verdad necesita valor. Y protecci\u00f3n. <\/strong><\/p>\n\n<p class=\"wp-block-paragraph\"><\/p>\n","protected":false},"excerpt":{"rendered":"<p>Explicaci\u00f3n y justificaci\u00f3n La cr\u00edtica es el pulso de toda sociedad libre.Es el signo vivo de una democracia, el sistema de alerta temprana del poder, el corrector de los errores institucionales.Donde se permite la cr\u00edtica, el poder puede ser cuestionado, escrutado y corregido.Donde se suprime, crecen la arbitrariedad, la corrupci\u00f3n y la tiran\u00eda. Un Estado, [&hellip;]<\/p>\n","protected":false},"author":112514394,"featured_media":1259,"comment_status":"open","ping_status":"open","sticky":false,"template":"","format":"standard","meta":{"_crdt_document":"","advanced_seo_description":"","jetpack_seo_html_title":"","jetpack_seo_noindex":false,"_jetpack_newsletter_access":"","_jetpack_dont_email_post_to_subs":false,"_jetpack_newsletter_tier_id":0,"_jetpack_memberships_contains_paywalled_content":false,"_jetpack_memberships_contains_paid_content":false,"footnotes":"","jetpack_publicize_message":"","jetpack_publicize_feature_enabled":true,"jetpack_social_post_already_shared":true,"jetpack_social_options":{"image_generator_settings":{"template":"highway","default_image_id":0,"font":"","enabled":false},"version":2},"_wpas_customize_per_network":false,"jetpack_post_was_ever_published":false},"categories":[10096791],"tags":[],"class_list":["post-1281","post","type-post","status-publish","format-standard","has-post-thumbnail","hentry","category-espanol"],"jetpack_publicize_connections":[],"jetpack_featured_media_url":"https:\/\/i0.wp.com\/wir2030.com\/wp-content\/uploads\/2025\/05\/2025-05-26-10.49.58-AM.png?fit=626%2C524&ssl=1","jetpack_likes_enabled":true,"jetpack_sharing_enabled":true,"jetpack_shortlink":"https:\/\/wp.me\/pgv6KY-kF","jetpack-related-posts":[{"id":1170,"url":"https:\/\/wir2030.com\/es\/2025\/05\/28\/tesis-71-un-buen-estado-protege-a-sus-criticos-no-a-su-poder\/","url_meta":{"origin":1281,"position":0},"title":"Tesis 71: Un buen Estado protege a sus cr\u00edticos, no a su poder.","author":"boschimo","date":"28 de mayo de 2025","format":false,"excerpt":"Explicaci\u00f3n y justificaci\u00f3n La verdadera madurez de un estado no se demuestra por el aplauso de la mayor\u00eda,sino por c\u00f3mo trata la disidencia de la minor\u00eda. El consentimiento es c\u00f3modo, predecible, controlable.Pero la cr\u00edtica es inc\u00f3moda, impredecible y, por tanto, valiosa. La cr\u00edtica no es un ataque, sino un sistema\u2026","rel":"","context":"En \u00abEspanol\u00bb","block_context":{"text":"Espanol","link":"https:\/\/wir2030.com\/es\/category\/espanol\/"},"img":{"alt_text":"","src":"https:\/\/i0.wp.com\/wir2030.com\/wp-content\/uploads\/2025\/05\/menschen-verschiedener-meinung-europaer-vor-dem-bundestag-statt-weissem-haus.png?fit=1024%2C768&ssl=1&resize=350%2C200","width":350,"height":200,"srcset":"https:\/\/i0.wp.com\/wir2030.com\/wp-content\/uploads\/2025\/05\/menschen-verschiedener-meinung-europaer-vor-dem-bundestag-statt-weissem-haus.png?fit=1024%2C768&ssl=1&resize=350%2C200 1x, https:\/\/i0.wp.com\/wir2030.com\/wp-content\/uploads\/2025\/05\/menschen-verschiedener-meinung-europaer-vor-dem-bundestag-statt-weissem-haus.png?fit=1024%2C768&ssl=1&resize=525%2C300 1.5x, https:\/\/i0.wp.com\/wir2030.com\/wp-content\/uploads\/2025\/05\/menschen-verschiedener-meinung-europaer-vor-dem-bundestag-statt-weissem-haus.png?fit=1024%2C768&ssl=1&resize=700%2C400 2x"},"classes":[]},{"id":1448,"url":"https:\/\/wir2030.com\/es\/2025\/06\/10\/tesis-11-la-ciencia-se-nutre-de-la-contradiccion-no-del-consenso\/","url_meta":{"origin":1281,"position":1},"title":"Tesis 11: La ciencia se nutre de la contradicci\u00f3n, no del consenso.","author":"boschimo","date":"10 de junio de 2025","format":false,"excerpt":"Introducci\u00f3n: La ciencia no es un dogma, sino un di\u00e1logo con la realidad La ciencia comienza donde la curiosidad se encuentra con la realidad, no donde la autoridad decide lo que tiene que ser verdad.Se nutre de la observaci\u00f3n, la cr\u00edtica, la revisabilidad y, sobre todo, de la duda valiente.\u2026","rel":"","context":"En \u00abEspanol\u00bb","block_context":{"text":"Espanol","link":"https:\/\/wir2030.com\/es\/category\/espanol\/"},"img":{"alt_text":"","src":"https:\/\/i0.wp.com\/wir2030.com\/wp-content\/uploads\/2025\/06\/image-1.png?fit=1024%2C768&ssl=1&resize=350%2C200","width":350,"height":200,"srcset":"https:\/\/i0.wp.com\/wir2030.com\/wp-content\/uploads\/2025\/06\/image-1.png?fit=1024%2C768&ssl=1&resize=350%2C200 1x, https:\/\/i0.wp.com\/wir2030.com\/wp-content\/uploads\/2025\/06\/image-1.png?fit=1024%2C768&ssl=1&resize=525%2C300 1.5x, https:\/\/i0.wp.com\/wir2030.com\/wp-content\/uploads\/2025\/06\/image-1.png?fit=1024%2C768&ssl=1&resize=700%2C400 2x"},"classes":[]},{"id":726,"url":"https:\/\/wir2030.com\/es\/2025\/05\/21\/tesis-34-las-crisis-revelan-el-caracter-de-los-gobernantes\/","url_meta":{"origin":1281,"position":2},"title":"Tesis 34: Las crisis revelan el car\u00e1cter de los gobernantes.","author":"boschimo","date":"21 de mayo de 2025","format":false,"excerpt":"Explicaci\u00f3n y justificaci\u00f3n En tiempos normales, es f\u00e1cil parecer un estadista, hacer concesiones y hacer hincapi\u00e9 en los valores democr\u00e1ticos.Pero en tiempos de crisis, la m\u00e1scara cae.Cuando el poder est\u00e1 bajo presi\u00f3n, queda claro qu\u00e9 imagen de humanidad, qu\u00e9 actitud y qu\u00e9 \u00e9tica gu\u00edan realmente la acci\u00f3n pol\u00edtica. Esta tesis\u2026","rel":"","context":"En \u00abEspanol\u00bb","block_context":{"text":"Espanol","link":"https:\/\/wir2030.com\/es\/category\/espanol\/"},"img":{"alt_text":"","src":"https:\/\/i0.wp.com\/wir2030.com\/wp-content\/uploads\/2025\/05\/image-19.png?fit=1024%2C768&ssl=1&resize=350%2C200","width":350,"height":200,"srcset":"https:\/\/i0.wp.com\/wir2030.com\/wp-content\/uploads\/2025\/05\/image-19.png?fit=1024%2C768&ssl=1&resize=350%2C200 1x, https:\/\/i0.wp.com\/wir2030.com\/wp-content\/uploads\/2025\/05\/image-19.png?fit=1024%2C768&ssl=1&resize=525%2C300 1.5x, https:\/\/i0.wp.com\/wir2030.com\/wp-content\/uploads\/2025\/05\/image-19.png?fit=1024%2C768&ssl=1&resize=700%2C400 2x"},"classes":[]},{"id":709,"url":"https:\/\/wir2030.com\/es\/2025\/05\/22\/la-base-comun-de-las-95-tesis-de-martin-lutero-y-el-movimiento-we2030\/","url_meta":{"origin":1281,"position":3},"title":"La base com\u00fan de las 95 tesis de Mart\u00edn Lutero y el movimiento We2030","author":"boschimo","date":"22 de mayo de 2025","format":false,"excerpt":"La base com\u00fan de las 95 Tesis de Mart\u00edn Lutero y el movimiento We2030 se encuentra en el coraz\u00f3n de ambas iniciativas: Desvelar los abusos, denunciar los abusos de poder y devolver a las personas su dignidad, responsabilidad y libertad. Lo que quer\u00eda Mart\u00edn Lutero con sus 95 tesis (resumido\u2026","rel":"","context":"En \u00abEspanol\u00bb","block_context":{"text":"Espanol","link":"https:\/\/wir2030.com\/es\/category\/espanol\/"},"img":{"alt_text":"","src":"https:\/\/i0.wp.com\/wir2030.com\/wp-content\/uploads\/2025\/05\/image-24.png?fit=1024%2C768&ssl=1&resize=350%2C200","width":350,"height":200,"srcset":"https:\/\/i0.wp.com\/wir2030.com\/wp-content\/uploads\/2025\/05\/image-24.png?fit=1024%2C768&ssl=1&resize=350%2C200 1x, https:\/\/i0.wp.com\/wir2030.com\/wp-content\/uploads\/2025\/05\/image-24.png?fit=1024%2C768&ssl=1&resize=525%2C300 1.5x, https:\/\/i0.wp.com\/wir2030.com\/wp-content\/uploads\/2025\/05\/image-24.png?fit=1024%2C768&ssl=1&resize=700%2C400 2x"},"classes":[]},{"id":697,"url":"https:\/\/wir2030.com\/es\/2025\/05\/24\/tesis-62-la-industria-farmaceutica-no-debe-dictar-la-politica-mundial\/","url_meta":{"origin":1281,"position":4},"title":"Tesis 62: La industria farmac\u00e9utica no debe dictar la pol\u00edtica mundial.","author":"boschimo","date":"24 de mayo de 2025","format":false,"excerpt":"Explicaci\u00f3n y justificaci\u00f3n La investigaci\u00f3n farmac\u00e9utica y la atenci\u00f3n m\u00e9dica pueden salvar vidas. Sin embargo, no lo hacen por el bien de la humanidad, sino como parte de un modelo de negocio: un sector muy rentable y activo en todo el mundo cuyo objetivo principal no es la salud, sino\u2026","rel":"","context":"En \u00abEspanol\u00bb","block_context":{"text":"Espanol","link":"https:\/\/wir2030.com\/es\/category\/espanol\/"},"img":{"alt_text":"","src":"https:\/\/i0.wp.com\/wir2030.com\/wp-content\/uploads\/2025\/05\/zeichne-ein-parlament-in-dem-spritzen-medikamente-und-pillen-auf.png?fit=1024%2C768&ssl=1&resize=350%2C200","width":350,"height":200,"srcset":"https:\/\/i0.wp.com\/wir2030.com\/wp-content\/uploads\/2025\/05\/zeichne-ein-parlament-in-dem-spritzen-medikamente-und-pillen-auf.png?fit=1024%2C768&ssl=1&resize=350%2C200 1x, https:\/\/i0.wp.com\/wir2030.com\/wp-content\/uploads\/2025\/05\/zeichne-ein-parlament-in-dem-spritzen-medikamente-und-pillen-auf.png?fit=1024%2C768&ssl=1&resize=525%2C300 1.5x, https:\/\/i0.wp.com\/wir2030.com\/wp-content\/uploads\/2025\/05\/zeichne-ein-parlament-in-dem-spritzen-medikamente-und-pillen-auf.png?fit=1024%2C768&ssl=1&resize=700%2C400 2x"},"classes":[]},{"id":862,"url":"https:\/\/wir2030.com\/es\/2025\/05\/17\/tesis-9-toda-medida-sin-debate-es-un-golpe-a-la-democracia\/","url_meta":{"origin":1281,"position":5},"title":"Tesis 9: Toda medida sin debate es un golpe a la democracia.","author":"boschimo","date":"17 de mayo de 2025","format":false,"excerpt":"Explicaci\u00f3n y justificaci\u00f3n La democracia se nutre de la controversia: del intercambio abierto de opiniones diferentes, de los debates p\u00fablicos, de la cr\u00edtica, del discurso contrario y de la correcci\u00f3n. Las decisiones que afectan a todos no deben tomarse nunca en la sombra. Deben estar a la vista del p\u00fablico,\u2026","rel":"","context":"En \u00abEspanol\u00bb","block_context":{"text":"Espanol","link":"https:\/\/wir2030.com\/es\/category\/espanol\/"},"img":{"alt_text":"","src":"https:\/\/i0.wp.com\/wir2030.com\/wp-content\/uploads\/2025\/05\/image-10.png?fit=1024%2C768&ssl=1&resize=350%2C200","width":350,"height":200,"srcset":"https:\/\/i0.wp.com\/wir2030.com\/wp-content\/uploads\/2025\/05\/image-10.png?fit=1024%2C768&ssl=1&resize=350%2C200 1x, https:\/\/i0.wp.com\/wir2030.com\/wp-content\/uploads\/2025\/05\/image-10.png?fit=1024%2C768&ssl=1&resize=525%2C300 1.5x, https:\/\/i0.wp.com\/wir2030.com\/wp-content\/uploads\/2025\/05\/image-10.png?fit=1024%2C768&ssl=1&resize=700%2C400 2x"},"classes":[]}],"_links":{"self":[{"href":"https:\/\/wir2030.com\/es\/wp-json\/wp\/v2\/posts\/1281","targetHints":{"allow":["GET"]}}],"collection":[{"href":"https:\/\/wir2030.com\/es\/wp-json\/wp\/v2\/posts"}],"about":[{"href":"https:\/\/wir2030.com\/es\/wp-json\/wp\/v2\/types\/post"}],"author":[{"embeddable":true,"href":"https:\/\/wir2030.com\/es\/wp-json\/wp\/v2\/users\/112514394"}],"replies":[{"embeddable":true,"href":"https:\/\/wir2030.com\/es\/wp-json\/wp\/v2\/comments?post=1281"}],"version-history":[{"count":4,"href":"https:\/\/wir2030.com\/es\/wp-json\/wp\/v2\/posts\/1281\/revisions"}],"predecessor-version":[{"id":1406,"href":"https:\/\/wir2030.com\/es\/wp-json\/wp\/v2\/posts\/1281\/revisions\/1406"}],"wp:featuredmedia":[{"embeddable":true,"href":"https:\/\/wir2030.com\/es\/wp-json\/wp\/v2\/media\/1259"}],"wp:attachment":[{"href":"https:\/\/wir2030.com\/es\/wp-json\/wp\/v2\/media?parent=1281"}],"wp:term":[{"taxonomy":"category","embeddable":true,"href":"https:\/\/wir2030.com\/es\/wp-json\/wp\/v2\/categories?post=1281"},{"taxonomy":"post_tag","embeddable":true,"href":"https:\/\/wir2030.com\/es\/wp-json\/wp\/v2\/tags?post=1281"}],"curies":[{"name":"wp","href":"https:\/\/api.w.org\/{rel}","templated":true}]}}