{"id":1277,"date":"2025-05-29T10:18:58","date_gmt":"2025-05-29T07:18:58","guid":{"rendered":"https:\/\/wir2030.com\/?p=1277"},"modified":"2025-05-26T13:17:55","modified_gmt":"2025-05-26T10:17:55","slug":"tesis-24-quienes-adoctrinan-a-los-jovenes-destruyen-la-confianza-en-el-futuro","status":"publish","type":"post","link":"https:\/\/wir2030.com\/es\/2025\/05\/29\/tesis-24-quienes-adoctrinan-a-los-jovenes-destruyen-la-confianza-en-el-futuro\/","title":{"rendered":"Tesis 24: Quienes adoctrinan a los j\u00f3venes destruyen la confianza en el futuro."},"content":{"rendered":"\n<p class=\"wp-block-paragraph\"><strong>Explicaci\u00f3n y justificaci\u00f3n<\/strong><br\/>La juventud necesita libertad, no instrucci\u00f3n, ni miedo, ni reeducaci\u00f3n pol\u00edtica.<br\/>Los j\u00f3venes son el aliento fresco de una sociedad. Son cr\u00edticos, creativos, contradictorios&#8230; y est\u00e1n llenos de preguntas.<br\/>Cualquiera que sustituya este impulso natural de conocimiento por el adoctrinamiento est\u00e1 asfixiando el futuro en sus ra\u00edces. <\/p>\n\n<p class=\"wp-block-paragraph\">Esta tesis defiende un principio sagrado:<br\/><strong>La educaci\u00f3n es capacitaci\u00f3n para la independencia, no para el conformismo.<\/strong><\/p>\n\n<p class=\"wp-block-paragraph\"><strong>\u00bfQu\u00e9 significa adoctrinamiento?<\/strong><\/p>\n\n<p class=\"wp-block-paragraph\">Adoctrinamiento significa:<\/p>\n\n<ul class=\"wp-block-list\">\n<li>influir unilateralmente en los j\u00f3venes,<\/li>\n\n\n\n<li>no m\u00e1s alternativas, no m\u00e1s debates abiertos, no m\u00e1s preguntas reales,<\/li>\n\n\n\n<li>forz\u00e1ndoles a adoptar una actitud deseada mediante el miedo, la culpa o la presi\u00f3n de grupo,<\/li>\n\n\n\n<li>imprimaci\u00f3n emocional en lugar de educaci\u00f3n argumentativa,<\/li>\n\n\n\n<li>una educaci\u00f3n para el conformismo, en lugar de la madurez.<\/li>\n<\/ul>\n\n<p class=\"wp-block-paragraph\">Ya sea bajo pretexto religioso, ideol\u00f3gico o \u201ccient\u00edfico\u201d:<br\/><strong>El adoctrinamiento no es aprendizaje, es adiestramiento.<\/strong><\/p>\n\n<p class=\"wp-block-paragraph\"><strong>Formas actuales de adoctrinamiento juvenil<\/strong><\/p>\n\n<p class=\"wp-block-paragraph\">En los \u00faltimos a\u00f1os se han producido cada vez m\u00e1s acontecimientos preocupantes:<\/p>\n\n<ul class=\"wp-block-list\">\n<li>Clases escolares con presentaci\u00f3n unilateral de temas complejos (por ejemplo, salud, clima, migraci\u00f3n, sexualidad, historia).<\/li>\n\n\n\n<li>Pedagog\u00eda del miedo (\u201cSi no te vacunas, tus abuelos morir\u00e1n\u201d)<\/li>\n\n\n\n<li>Se ense\u00f1a a los alumnos a ser \u201chacedores\u201d - en lugar de pensadores<\/li>\n\n\n\n<li>Organizaciones juveniles pol\u00edticamente impulsadas y campa\u00f1as de influencers<\/li>\n\n\n\n<li>Sexualizaci\u00f3n precoz e ideolog\u00eda de g\u00e9nero sin espacio para los valores familiares<\/li>\n\n\n\n<li>Exclusi\u00f3n de alumnos o padres cr\u00edticos<\/li>\n<\/ul>\n\n<p class=\"wp-block-paragraph\"><strong>Los que reeducan a los j\u00f3venes en lugar de iluminarlos rompen el v\u00ednculo de la confianza.<\/strong><\/p>\n\n<p class=\"wp-block-paragraph\"><strong>Aspectos m\u00e1s profundos:<\/strong><\/p>\n\n<p class=\"wp-block-paragraph\"><strong>El papel de la imaginaci\u00f3n, la identidad y el desarrollo natural<\/strong><\/p>\n\n<p class=\"wp-block-paragraph\">Los ni\u00f1os no s\u00f3lo necesitan conocimientos: necesitan <strong>espacio para jugar<\/strong>.<br\/>Los juegos de rol como <strong>\u201cpadre, madre, hijo\u201d,<\/strong> <strong>\u201cindios y vaqueros\u201d<\/strong> o la inmersi\u00f3n libre en mundos simb\u00f3licos son esenciales para el desarrollo emocional, social y moral.<\/p>\n\n<p class=\"wp-block-paragraph\">Se les permite probar roles, incluidos los del sexo opuesto, <strong>sin que se convierta inmediatamente en un trastorno de identidad o un \u201ccaso de g\u00e9nero\u201d.<\/strong><br\/>Los ni\u00f1os imitan. Aprenden jugando. No tienen que \u201ccuestionarse\u201d si son \u201crealmente\u201d un ni\u00f1o o una ni\u00f1a: necesitan tiempo para <strong>desarrollar su propia identidad<\/strong> sin presiones ideol\u00f3gicas.  <\/p>\n\n<p class=\"wp-block-paragraph\">Mientras ning\u00fan le\u00f3n de este mundo se identifique como gacela, no se debe obligar a un ni\u00f1o a negar su realidad biol\u00f3gica para ajustarse a un dogma social.<\/p>\n\n<p class=\"wp-block-paragraph\">Las <strong>historias cl\u00e1sicas<\/strong> -desde los cuentos de hadas hasta Struwwelpeter o el ladr\u00f3n Hotzenplotz- tambi\u00e9n tienen una funci\u00f3n importante.<br\/>Crean arquetipos morales, ense\u00f1an de forma l\u00fadica la justicia, la compasi\u00f3n, el respeto, el valor y c\u00f3mo distinguir entre el bien y el mal.<br\/><strong>Estas historias ayudan a construir un sistema de navegaci\u00f3n \u00e9tica interior<\/strong>.<\/p>\n\n<p class=\"wp-block-paragraph\">Lo que los ni\u00f1os <strong>no<\/strong> necesitan:<\/p>\n\n<ul class=\"wp-block-list\">\n<li>Libros que les confunden en lugar de fortalecerles<\/li>\n\n\n\n<li>Modelos de conducta que cuestionan el sexo biol\u00f3gico<\/li>\n\n\n\n<li>presi\u00f3n moral para ser \u201cmoderno\u201d o \u201cdespierto\u201d<\/li>\n\n\n\n<li>Escuelas que socavan los derechos de los padres<\/li>\n\n\n\n<li>Medios de comunicaci\u00f3n que les manipulan emocionalmente<\/li>\n<\/ul>\n\n<p class=\"wp-block-paragraph\"><strong>Por qu\u00e9 es tan peligroso<\/strong><\/p>\n\n<ul class=\"wp-block-list\">\n<li>Se pierde la capacidad de juicio propio.<\/li>\n\n\n\n<li>Los j\u00f3venes no aprenden a pensar, aprenden a repetir.<\/li>\n\n\n\n<li>Se vuelven dependientes de las autoridades, no libres en su b\u00fasqueda de la verdad.<\/li>\n\n\n\n<li>Se rompe la confianza en la escuela, el hogar y la sociedad.<\/li>\n\n\n\n<li>La pr\u00f3xima generaci\u00f3n est\u00e1 perdiendo su br\u00fajula y, con ella, la sociedad est\u00e1 perdiendo su futuro.<\/li>\n\n\n\n<li>La profunda conexi\u00f3n entre padres e hijos se ve da\u00f1ada por las influencias ideol\u00f3gicas del exterior.<\/li>\n<\/ul>\n\n<p class=\"wp-block-paragraph\"><strong>Un padre o una madre que tiene que ver esto sufre, porque es una forma silenciosa de violencia.<\/strong><br\/>Quienes privan a los ni\u00f1os de su inocencia no s\u00f3lo destruyen al ni\u00f1o, sino tambi\u00e9n su confianza en el mundo.<\/p>\n\n<p class=\"wp-block-paragraph\"><strong>Nuestra posici\u00f3n<\/strong><\/p>\n\n<p class=\"wp-block-paragraph\"><strong>Exigencias We2030:<\/strong><\/p>\n\n<ul class=\"wp-block-list\">\n<li>una educaci\u00f3n en la independencia, el pensamiento cr\u00edtico y el debate genuino<\/li>\n\n\n\n<li>la despolitizaci\u00f3n de la escuela y la educaci\u00f3n infantil<\/li>\n\n\n\n<li>el derecho a una educaci\u00f3n basada en valores por parte de los padres<\/li>\n\n\n\n<li>la rehabilitaci\u00f3n de todos los j\u00f3venes que han resistido a la presi\u00f3n de conformarse<\/li>\n\n\n\n<li>Espacios seguros para los juegos de rol, la fantas\u00eda, los cuentos tradicionales y la infancia real<\/li>\n\n\n\n<li>el fin de la violencia psicol\u00f3gica mediante la presi\u00f3n ideol\u00f3gica para conformarse<\/li>\n<\/ul>\n\n<p class=\"wp-block-paragraph\">Porque:<br\/><strong>Los que adoctrinan a los j\u00f3venes destruyen la confianza en el futuro.<\/strong><br\/>Y una sociedad que ya no escucha a su propia juventud se pierde a s\u00ed misma.<\/p>\n","protected":false},"excerpt":{"rendered":"<p>Explicaci\u00f3n y justificaci\u00f3nLa juventud necesita libertad, no instrucci\u00f3n, ni miedo, ni reeducaci\u00f3n pol\u00edtica.Los j\u00f3venes son el aliento fresco de una sociedad. Son cr\u00edticos, creativos, contradictorios&#8230; y est\u00e1n llenos de preguntas.Cualquiera que sustituya este impulso natural de conocimiento por el adoctrinamiento est\u00e1 asfixiando el futuro en sus ra\u00edces. Esta tesis defiende un principio sagrado:La educaci\u00f3n es [&hellip;]<\/p>\n","protected":false},"author":112514394,"featured_media":1200,"comment_status":"open","ping_status":"open","sticky":false,"template":"","format":"standard","meta":{"_crdt_document":"","advanced_seo_description":"","jetpack_seo_html_title":"","jetpack_seo_noindex":false,"_jetpack_newsletter_access":"","_jetpack_dont_email_post_to_subs":false,"_jetpack_newsletter_tier_id":0,"_jetpack_memberships_contains_paywalled_content":false,"_jetpack_memberships_contains_paid_content":false,"footnotes":"","jetpack_publicize_message":"","jetpack_publicize_feature_enabled":true,"jetpack_social_post_already_shared":true,"jetpack_social_options":{"image_generator_settings":{"template":"highway","default_image_id":0,"font":"","enabled":false},"version":2},"_wpas_customize_per_network":false,"jetpack_post_was_ever_published":false},"categories":[10096791],"tags":[],"class_list":["post-1277","post","type-post","status-publish","format-standard","has-post-thumbnail","hentry","category-espanol"],"jetpack_publicize_connections":[],"jetpack_featured_media_url":"https:\/\/i0.wp.com\/wir2030.com\/wp-content\/uploads\/2025\/05\/male-kinder-die-cowboy-und-indianer-spielen-ohne-waffen.png?fit=1024%2C768&ssl=1","jetpack_likes_enabled":true,"jetpack_sharing_enabled":true,"jetpack_shortlink":"https:\/\/wp.me\/pgv6KY-kB","jetpack-related-posts":[{"id":811,"url":"https:\/\/wir2030.com\/es\/2025\/05\/17\/tesis-1-el-hombre-nace-libre-y-no-pertenece-ni-al-estado-ni-a-las-empresas\/","url_meta":{"origin":1277,"position":0},"title":"Tesis 1: El hombre nace libre y no pertenece ni al Estado ni a las empresas.","author":"boschimo","date":"17 de mayo de 2025","format":false,"excerpt":"Explicaci\u00f3n y justificaci\u00f3n Todo ser humano nace como ser libre e independiente, con dignidad inalienable, voluntad propia y derecho natural a la autodeterminaci\u00f3n. Este concepto fundamental de humanidad constituye el punto de partida de todas las consideraciones liberal-democr\u00e1ticas y est\u00e1 profundamente arraigado en los principios de la Ilustraci\u00f3n, los derechos\u2026","rel":"","context":"En \u00abNicht kategorisiert\u00bb","block_context":{"text":"Nicht kategorisiert","link":"https:\/\/wir2030.com\/category\/nicht-kategorisiert\/"},"img":{"alt_text":"","src":"https:\/\/i0.wp.com\/wir2030.com\/wp-content\/uploads\/2025\/05\/chatgpt-image-17.-mai-2025-13_00_24.png?fit=1024%2C1024&ssl=1&resize=350%2C200","width":350,"height":200,"srcset":"https:\/\/i0.wp.com\/wir2030.com\/wp-content\/uploads\/2025\/05\/chatgpt-image-17.-mai-2025-13_00_24.png?fit=1024%2C1024&ssl=1&resize=350%2C200 1x, https:\/\/i0.wp.com\/wir2030.com\/wp-content\/uploads\/2025\/05\/chatgpt-image-17.-mai-2025-13_00_24.png?fit=1024%2C1024&ssl=1&resize=525%2C300 1.5x, https:\/\/i0.wp.com\/wir2030.com\/wp-content\/uploads\/2025\/05\/chatgpt-image-17.-mai-2025-13_00_24.png?fit=1024%2C1024&ssl=1&resize=700%2C400 2x"},"classes":[]},{"id":851,"url":"https:\/\/wir2030.com\/es\/2025\/05\/17\/tesis-7-el-cuerpo-humano-es-inviolable-incluso-en-tiempos-de-crisis\/","url_meta":{"origin":1277,"position":1},"title":"Tesis 7: El cuerpo humano es inviolable, incluso en tiempos de crisis.","author":"boschimo","date":"17 de mayo de 2025","format":false,"excerpt":"Explicaci\u00f3n y justificaci\u00f3n El cuerpo humano es la expresi\u00f3n m\u00e1s directa de la libertad y la dignidad individuales.Pertenece \u00fanicamente al individuo, no al Estado, ni a la ciencia, ni a la sociedad, ni a un sistema sanitario global. Esta indisponibilidad no es un privilegio, es un derecho fundamental. Y se\u2026","rel":"","context":"En \u00abEspanol\u00bb","block_context":{"text":"Espanol","link":"https:\/\/wir2030.com\/es\/category\/espanol\/"},"img":{"alt_text":"","src":"https:\/\/i0.wp.com\/wir2030.com\/wp-content\/uploads\/2025\/05\/eine-aufrechte-nackte-menschliche-silhouette-in-licht-gehullt-gegen.png?fit=1024%2C768&ssl=1&resize=350%2C200","width":350,"height":200,"srcset":"https:\/\/i0.wp.com\/wir2030.com\/wp-content\/uploads\/2025\/05\/eine-aufrechte-nackte-menschliche-silhouette-in-licht-gehullt-gegen.png?fit=1024%2C768&ssl=1&resize=350%2C200 1x, https:\/\/i0.wp.com\/wir2030.com\/wp-content\/uploads\/2025\/05\/eine-aufrechte-nackte-menschliche-silhouette-in-licht-gehullt-gegen.png?fit=1024%2C768&ssl=1&resize=525%2C300 1.5x, https:\/\/i0.wp.com\/wir2030.com\/wp-content\/uploads\/2025\/05\/eine-aufrechte-nackte-menschliche-silhouette-in-licht-gehullt-gegen.png?fit=1024%2C768&ssl=1&resize=700%2C400 2x"},"classes":[]},{"id":1375,"url":"https:\/\/wir2030.com\/es\/2025\/06\/06\/tesis-27-la-libertad-no-es-un-privilegio-sino-un-derecho-de-nacimiento\/","url_meta":{"origin":1277,"position":2},"title":"Tesis 27: La libertad no es un privilegio, sino un derecho de nacimiento.","author":"boschimo","date":"6 de junio de 2025","format":false,"excerpt":"Explicaci\u00f3n y justificaci\u00f3n La libertad no es un regalo concedido por el Estado. No es un bono, ni una recompensa por un comportamiento conformista, ni una exenci\u00f3n en tiempos de crisis. La libertad es aquello a lo que una persona tiene derecho desde su nacimiento, no por contrato, sino por\u2026","rel":"","context":"En \u00abEspanol\u00bb","block_context":{"text":"Espanol","link":"https:\/\/wir2030.com\/es\/category\/espanol\/"},"img":{"alt_text":"","src":"https:\/\/i0.wp.com\/wir2030.com\/wp-content\/uploads\/2025\/06\/europaische-menschen-feiern-ihre-freiheit-von-der-tyrannei.png?fit=1024%2C768&ssl=1&resize=350%2C200","width":350,"height":200,"srcset":"https:\/\/i0.wp.com\/wir2030.com\/wp-content\/uploads\/2025\/06\/europaische-menschen-feiern-ihre-freiheit-von-der-tyrannei.png?fit=1024%2C768&ssl=1&resize=350%2C200 1x, https:\/\/i0.wp.com\/wir2030.com\/wp-content\/uploads\/2025\/06\/europaische-menschen-feiern-ihre-freiheit-von-der-tyrannei.png?fit=1024%2C768&ssl=1&resize=525%2C300 1.5x, https:\/\/i0.wp.com\/wir2030.com\/wp-content\/uploads\/2025\/06\/europaische-menschen-feiern-ihre-freiheit-von-der-tyrannei.png?fit=1024%2C768&ssl=1&resize=700%2C400 2x"},"classes":[]},{"id":690,"url":"https:\/\/wir2030.com\/es\/2025\/05\/25\/tesis-73-los-humanos-no-somos-cobayas\/","url_meta":{"origin":1277,"position":3},"title":"Tesis 73: Los humanos no somos cobayas.","author":"boschimo","date":"25 de mayo de 2025","format":false,"excerpt":"Explicaci\u00f3n y justificaci\u00f3n El cuerpo humano no es propiedad del Estado, no es una plataforma para programas pol\u00edticos ni un recurso para experimentos globales. Es una expresi\u00f3n de dignidad, libertad y autodeterminaci\u00f3n, y por tanto inviolable. Toda intervenci\u00f3n m\u00e9dica, ya sea preventiva, terap\u00e9utica o experimental, afecta a la integridad del\u2026","rel":"","context":"En \u00abEspanol\u00bb","block_context":{"text":"Espanol","link":"https:\/\/wir2030.com\/es\/category\/espanol\/"},"img":{"alt_text":"","src":"https:\/\/i0.wp.com\/wir2030.com\/wp-content\/uploads\/2025\/05\/male-ein-bild-zum-nurnberger-kodex-und-dem-arztlichen-gelobnis.png?fit=1024%2C768&ssl=1&resize=350%2C200","width":350,"height":200,"srcset":"https:\/\/i0.wp.com\/wir2030.com\/wp-content\/uploads\/2025\/05\/male-ein-bild-zum-nurnberger-kodex-und-dem-arztlichen-gelobnis.png?fit=1024%2C768&ssl=1&resize=350%2C200 1x, https:\/\/i0.wp.com\/wir2030.com\/wp-content\/uploads\/2025\/05\/male-ein-bild-zum-nurnberger-kodex-und-dem-arztlichen-gelobnis.png?fit=1024%2C768&ssl=1&resize=525%2C300 1.5x, https:\/\/i0.wp.com\/wir2030.com\/wp-content\/uploads\/2025\/05\/male-ein-bild-zum-nurnberger-kodex-und-dem-arztlichen-gelobnis.png?fit=1024%2C768&ssl=1&resize=700%2C400 2x"},"classes":[]},{"id":873,"url":"https:\/\/wir2030.com\/es\/2025\/05\/18\/tesis-95-la-violencia-no-debe-emanar-nunca-mas-del-estado-solo-del-pueblo\/","url_meta":{"origin":1277,"position":4},"title":"Tesis 95: La violencia no debe emanar nunca m\u00e1s del Estado, s\u00f3lo del pueblo.","author":"boschimo","date":"18 de mayo de 2025","format":false,"excerpt":"Explicaci\u00f3n y justificaci\u00f3n La historia de la humanidad es tambi\u00e9n la historia de la violencia, y de su monopolizaci\u00f3n.Durante siglos, los Estados se han apropiado del monopolio exclusivo del uso de la fuerza alegando que quer\u00edan garantizar el orden, la seguridad y la estabilidad.Pero, en realidad, se ha abusado una\u2026","rel":"","context":"En \u00abEspanol\u00bb","block_context":{"text":"Espanol","link":"https:\/\/wir2030.com\/es\/category\/espanol\/"},"img":{"alt_text":"","src":"https:\/\/i0.wp.com\/wir2030.com\/wp-content\/uploads\/2025\/05\/image-12.png?fit=1024%2C768&ssl=1&resize=350%2C200","width":350,"height":200,"srcset":"https:\/\/i0.wp.com\/wir2030.com\/wp-content\/uploads\/2025\/05\/image-12.png?fit=1024%2C768&ssl=1&resize=350%2C200 1x, https:\/\/i0.wp.com\/wir2030.com\/wp-content\/uploads\/2025\/05\/image-12.png?fit=1024%2C768&ssl=1&resize=525%2C300 1.5x, https:\/\/i0.wp.com\/wir2030.com\/wp-content\/uploads\/2025\/05\/image-12.png?fit=1024%2C768&ssl=1&resize=700%2C400 2x"},"classes":[]},{"id":846,"url":"https:\/\/wir2030.com\/es\/2025\/05\/17\/tesis-8-la-vigilancia-digital-borra-la-libertad-no-el-virus\/","url_meta":{"origin":1277,"position":5},"title":"Tesis 8: La vigilancia digital borra la libertad, no el virus.","author":"boschimo","date":"17 de mayo de 2025","format":false,"excerpt":"Explicaci\u00f3n y justificaci\u00f3n La digitalizaci\u00f3n puede ser una herramienta de liberaci\u00f3n, o de control.Puede facilitar la comunicaci\u00f3n, el acceso al conocimiento y la atenci\u00f3n m\u00e9dica, o mutar en el mayor aparato de vigilancia de la historia de la humanidad.La diferencia est\u00e1 en el objetivo, y en la intenci\u00f3n que hay\u2026","rel":"","context":"En \u00abEspanol\u00bb","block_context":{"text":"Espanol","link":"https:\/\/wir2030.com\/es\/category\/espanol\/"},"img":{"alt_text":"","src":"https:\/\/i0.wp.com\/wir2030.com\/wp-content\/uploads\/2025\/05\/image-9.png?fit=1024%2C768&ssl=1&resize=350%2C200","width":350,"height":200,"srcset":"https:\/\/i0.wp.com\/wir2030.com\/wp-content\/uploads\/2025\/05\/image-9.png?fit=1024%2C768&ssl=1&resize=350%2C200 1x, https:\/\/i0.wp.com\/wir2030.com\/wp-content\/uploads\/2025\/05\/image-9.png?fit=1024%2C768&ssl=1&resize=525%2C300 1.5x, https:\/\/i0.wp.com\/wir2030.com\/wp-content\/uploads\/2025\/05\/image-9.png?fit=1024%2C768&ssl=1&resize=700%2C400 2x"},"classes":[]}],"_links":{"self":[{"href":"https:\/\/wir2030.com\/es\/wp-json\/wp\/v2\/posts\/1277","targetHints":{"allow":["GET"]}}],"collection":[{"href":"https:\/\/wir2030.com\/es\/wp-json\/wp\/v2\/posts"}],"about":[{"href":"https:\/\/wir2030.com\/es\/wp-json\/wp\/v2\/types\/post"}],"author":[{"embeddable":true,"href":"https:\/\/wir2030.com\/es\/wp-json\/wp\/v2\/users\/112514394"}],"replies":[{"embeddable":true,"href":"https:\/\/wir2030.com\/es\/wp-json\/wp\/v2\/comments?post=1277"}],"version-history":[{"count":1,"href":"https:\/\/wir2030.com\/es\/wp-json\/wp\/v2\/posts\/1277\/revisions"}],"predecessor-version":[{"id":1280,"href":"https:\/\/wir2030.com\/es\/wp-json\/wp\/v2\/posts\/1277\/revisions\/1280"}],"wp:featuredmedia":[{"embeddable":true,"href":"https:\/\/wir2030.com\/es\/wp-json\/wp\/v2\/media\/1200"}],"wp:attachment":[{"href":"https:\/\/wir2030.com\/es\/wp-json\/wp\/v2\/media?parent=1277"}],"wp:term":[{"taxonomy":"category","embeddable":true,"href":"https:\/\/wir2030.com\/es\/wp-json\/wp\/v2\/categories?post=1277"},{"taxonomy":"post_tag","embeddable":true,"href":"https:\/\/wir2030.com\/es\/wp-json\/wp\/v2\/tags?post=1277"}],"curies":[{"name":"wp","href":"https:\/\/api.w.org\/{rel}","templated":true}]}}